{"id":32490,"date":"2024-10-11T19:57:44","date_gmt":"2024-10-12T01:57:44","guid":{"rendered":"https:\/\/contextoanalisisperiodistico.com\/index.php\/2024\/10\/11\/capacita-sso-a-personal-medico-privado-en-la-notificacion-de-padecimientos-sujetos-a-vigilancia-epidemiologica\/"},"modified":"2024-10-11T19:57:44","modified_gmt":"2024-10-12T01:57:44","slug":"capacita-sso-a-personal-medico-privado-en-la-notificacion-de-padecimientos-sujetos-a-vigilancia-epidemiologica","status":"publish","type":"post","link":"https:\/\/contextoanalisisperiodistico.com\/index.php\/2024\/10\/11\/capacita-sso-a-personal-medico-privado-en-la-notificacion-de-padecimientos-sujetos-a-vigilancia-epidemiologica\/","title":{"rendered":"Capacita SSO a personal m\u00e9dico privado en la notificaci\u00f3n de padecimientos sujetos a vigilancia epidemiol\u00f3gica"},"content":{"rendered":"<div id=\"fb-root\"><\/div>\n\n<p>\u2022 Se contin\u00faan con las acciones de supervisi\u00f3n, vacunaci\u00f3n canina y felina casa por casa en la demarcaci\u00f3n de Santa Mar\u00eda Yucuhiti<\/p>\n\n\n\n<figure class=\"wp-block-image size-large\"><img fetchpriority=\"high\" decoding=\"async\" width=\"800\" height=\"526\" src=\"https:\/\/contextoanalisisperiodistico.com\/wp-content\/uploads\/2024\/10\/img-20241011-wa01172618468539227015811.jpg\" alt=\"\" class=\"wp-image-32486\" srcset=\"https:\/\/contextoanalisisperiodistico.com\/wp-content\/uploads\/2024\/10\/img-20241011-wa01172618468539227015811.jpg 800w, https:\/\/contextoanalisisperiodistico.com\/wp-content\/uploads\/2024\/10\/img-20241011-wa01172618468539227015811-300x197.jpg 300w, https:\/\/contextoanalisisperiodistico.com\/wp-content\/uploads\/2024\/10\/img-20241011-wa01172618468539227015811-768x505.jpg 768w\" sizes=\"(max-width: 800px) 100vw, 800px\" \/><\/figure>\n\n\n\n<figure class=\"wp-block-image\"><img decoding=\"async\" width=\"300\" height=\"225\" src=\"https:\/\/contextoanalisisperiodistico.com\/wp-content\/uploads\/2024\/10\/img-20241011-wa01168120142304409552971-300x225.jpg\" alt=\"\" class=\"wp-image-32488\" srcset=\"https:\/\/contextoanalisisperiodistico.com\/wp-content\/uploads\/2024\/10\/img-20241011-wa01168120142304409552971-300x225.jpg 300w, https:\/\/contextoanalisisperiodistico.com\/wp-content\/uploads\/2024\/10\/img-20241011-wa01168120142304409552971-768x576.jpg 768w, https:\/\/contextoanalisisperiodistico.com\/wp-content\/uploads\/2024\/10\/img-20241011-wa01168120142304409552971.jpg 900w\" sizes=\"(max-width: 300px) 100vw, 300px\" \/><\/figure>\n\n\n\n<figure class=\"wp-block-image\"><img decoding=\"async\" width=\"300\" height=\"225\" src=\"https:\/\/contextoanalisisperiodistico.com\/wp-content\/uploads\/2024\/10\/img-20241011-wa01158656410991170420186-300x225.jpg\" alt=\"\" class=\"wp-image-32487\" srcset=\"https:\/\/contextoanalisisperiodistico.com\/wp-content\/uploads\/2024\/10\/img-20241011-wa01158656410991170420186-300x225.jpg 300w, https:\/\/contextoanalisisperiodistico.com\/wp-content\/uploads\/2024\/10\/img-20241011-wa01158656410991170420186-768x576.jpg 768w, https:\/\/contextoanalisisperiodistico.com\/wp-content\/uploads\/2024\/10\/img-20241011-wa01158656410991170420186.jpg 900w\" sizes=\"(max-width: 300px) 100vw, 300px\" \/><\/figure>\n\n\n\n<figure class=\"wp-block-image\"><img loading=\"lazy\" decoding=\"async\" width=\"300\" height=\"236\" src=\"https:\/\/contextoanalisisperiodistico.com\/wp-content\/uploads\/2024\/10\/img-20241011-wa01148053720959563325954-300x236.jpg\" alt=\"\" class=\"wp-image-32489\" srcset=\"https:\/\/contextoanalisisperiodistico.com\/wp-content\/uploads\/2024\/10\/img-20241011-wa01148053720959563325954-300x236.jpg 300w, https:\/\/contextoanalisisperiodistico.com\/wp-content\/uploads\/2024\/10\/img-20241011-wa01148053720959563325954-768x604.jpg 768w, https:\/\/contextoanalisisperiodistico.com\/wp-content\/uploads\/2024\/10\/img-20241011-wa01148053720959563325954.jpg 900w\" sizes=\"(max-width: 300px) 100vw, 300px\" \/><\/figure>\n\n\n\n<p>Heroica Ciudad de Tlaxiaco, Oax. 11 de octubre de 2024.- Como parte de las acciones de atenci\u00f3n prioritaria que realiza Servicios de Salud de Oaxaca (SSO) ante el incidente registrado en el municipio de Santa Mar\u00eda Yucuhiti, con quir\u00f3pteros, se llev\u00f3 a cabo una capacitaci\u00f3n sobre Notificaci\u00f3n Inmediata de Padecimientos de Vigilancia Epidemiol\u00f3gica.<\/p>\n\n\n\n<p>Dirigida a personal m\u00e9dico, de enfermer\u00eda y param\u00e9dico de cl\u00ednicas, consultorio y laboratorios cl\u00ednicos privados de la demarcaci\u00f3n de la Heroica Ciudad de Tlaxiaco, y a los profesionales de la salud de Santa Mari\u0301a Yucuhiti, donde tambi\u00e9n se abord\u00f3 el Panorama Epidemiol\u00f3gico de Rabia y Rabia Humana, as\u00ed como generalidades de Mpox (Viruela s\u00edmica).<\/p>\n\n\n\n<p>Ello, para homogeneizar los lineamientos y recalcar la importancia de informar de manera inmediata a los SSO sobre alg\u00fan caso de inter\u00e9s que permita activar acciones de manera oportuna y evitar complicaciones a la salud de las personas.<\/p>\n\n\n\n<p>La instituci\u00f3n se\u00f1al\u00f3 que dicha actividad se realiz\u00f3 en conjunto con la Jurisdicci\u00f3n Sanitaria n\u00famero 5 Mixteca, directivos y personal del Hospital Rural IMSS-Bienestar de Tlaxiaco, la regidur\u00eda de Salud de este municipio, y personal m\u00e9dico de la localidad.<\/p>\n\n\n\n<p>En asamblea comunitaria se imparti\u00f3 una pl\u00e1tica a habitantes de Santa Mar\u00eda Yucuhiti, enfatizando en la prevenci\u00f3n y promoci\u00f3n de la salud, Rabia Humana, Vacunaci\u00f3n Antirr\u00e1bica Canina y Felina, con un total de 250 asistentes.<\/p>\n\n\n\n<p>Se contin\u00faan con las acciones de supervisi\u00f3n, vacunaci\u00f3n canina y felina en la unidad de salud y casa por casa; adem\u00e1s este fin de semana el Servicio Nacional de Sanidad, Inocuidad y Calidad Agroalimentaria (Senasica) en Oaxaca acudir\u00e1 con una brigada para realizar actividades de censo de rumiantes en la localidad y \u00e1reas aleda\u00f1as para programar la aplicaci\u00f3n de inmunol\u00f3gicos contra la rabia en los pr\u00f3ximos d\u00edas.<\/p>\n\n\n\n<p>-0-<\/p>\n","protected":false},"excerpt":{"rendered":"<p>\u2022 Se contin\u00faan con las acciones de supervisi\u00f3n, vacunaci\u00f3n canina y felina casa por casa&#8230;<\/p>\n","protected":false},"author":4,"featured_media":32485,"comment_status":"","ping_status":"open","sticky":false,"template":"","format":"standard","meta":{"footnotes":""},"categories":[92],"tags":[],"jetpack_sharing_enabled":true,"featured_image_urls":{"full":["https:\/\/contextoanalisisperiodistico.com\/wp-content\/uploads\/2024\/10\/IMG-20241011-WA0118.jpg",1280,960,false],"thumbnail":["https:\/\/contextoanalisisperiodistico.com\/wp-content\/uploads\/2024\/10\/IMG-20241011-WA0118-150x150.jpg",150,150,true],"medium":["https:\/\/contextoanalisisperiodistico.com\/wp-content\/uploads\/2024\/10\/IMG-20241011-WA0118-300x225.jpg",300,225,true],"medium_large":["https:\/\/contextoanalisisperiodistico.com\/wp-content\/uploads\/2024\/10\/IMG-20241011-WA0118-768x576.jpg",640,480,true],"large":["https:\/\/contextoanalisisperiodistico.com\/wp-content\/uploads\/2024\/10\/IMG-20241011-WA0118-1024x768.jpg",640,480,true],"1536x1536":["https:\/\/contextoanalisisperiodistico.com\/wp-content\/uploads\/2024\/10\/IMG-20241011-WA0118.jpg",1280,960,false],"2048x2048":["https:\/\/contextoanalisisperiodistico.com\/wp-content\/uploads\/2024\/10\/IMG-20241011-WA0118.jpg",1280,960,false],"covernews-slider-full":["https:\/\/contextoanalisisperiodistico.com\/wp-content\/uploads\/2024\/10\/IMG-20241011-WA0118-1115x715.jpg",1115,715,true],"covernews-slider-center":["https:\/\/contextoanalisisperiodistico.com\/wp-content\/uploads\/2024\/10\/IMG-20241011-WA0118-800x500.jpg",800,500,true],"covernews-featured":["https:\/\/contextoanalisisperiodistico.com\/wp-content\/uploads\/2024\/10\/IMG-20241011-WA0118-1024x768.jpg",1024,768,true],"covernews-medium":["https:\/\/contextoanalisisperiodistico.com\/wp-content\/uploads\/2024\/10\/IMG-20241011-WA0118-540x340.jpg",540,340,true],"covernews-medium-square":["https:\/\/contextoanalisisperiodistico.com\/wp-content\/uploads\/2024\/10\/IMG-20241011-WA0118-400x250.jpg",400,250,true]},"author_info":{"display_name":"Mario Gir\u00f3n","author_link":"https:\/\/contextoanalisisperiodistico.com\/index.php\/author\/director\/"},"category_info":"<a href=\"https:\/\/contextoanalisisperiodistico.com\/index.php\/category\/salud\/\" rel=\"category tag\">Salud<\/a>","tag_info":"Salud","comment_count":"0","jetpack_featured_media_url":"https:\/\/contextoanalisisperiodistico.com\/wp-content\/uploads\/2024\/10\/IMG-20241011-WA0118.jpg","_links":{"self":[{"href":"https:\/\/contextoanalisisperiodistico.com\/index.php\/wp-json\/wp\/v2\/posts\/32490"}],"collection":[{"href":"https:\/\/contextoanalisisperiodistico.com\/index.php\/wp-json\/wp\/v2\/posts"}],"about":[{"href":"https:\/\/contextoanalisisperiodistico.com\/index.php\/wp-json\/wp\/v2\/types\/post"}],"author":[{"embeddable":true,"href":"https:\/\/contextoanalisisperiodistico.com\/index.php\/wp-json\/wp\/v2\/users\/4"}],"replies":[{"embeddable":true,"href":"https:\/\/contextoanalisisperiodistico.com\/index.php\/wp-json\/wp\/v2\/comments?post=32490"}],"version-history":[{"count":0,"href":"https:\/\/contextoanalisisperiodistico.com\/index.php\/wp-json\/wp\/v2\/posts\/32490\/revisions"}],"wp:featuredmedia":[{"embeddable":true,"href":"https:\/\/contextoanalisisperiodistico.com\/index.php\/wp-json\/wp\/v2\/media\/32485"}],"wp:attachment":[{"href":"https:\/\/contextoanalisisperiodistico.com\/index.php\/wp-json\/wp\/v2\/media?parent=32490"}],"wp:term":[{"taxonomy":"category","embeddable":true,"href":"https:\/\/contextoanalisisperiodistico.com\/index.php\/wp-json\/wp\/v2\/categories?post=32490"},{"taxonomy":"post_tag","embeddable":true,"href":"https:\/\/contextoanalisisperiodistico.com\/index.php\/wp-json\/wp\/v2\/tags?post=32490"}],"curies":[{"name":"wp","href":"https:\/\/api.w.org\/{rel}","templated":true}]}}