{"id":32484,"date":"2024-10-11T19:52:53","date_gmt":"2024-10-12T01:52:53","guid":{"rendered":"https:\/\/contextoanalisisperiodistico.com\/index.php\/2024\/10\/11\/conoce-los-datos-para-reportar-quejas-sobre-transporte-publico\/"},"modified":"2024-10-11T19:52:53","modified_gmt":"2024-10-12T01:52:53","slug":"conoce-los-datos-para-reportar-quejas-sobre-transporte-publico","status":"publish","type":"post","link":"https:\/\/contextoanalisisperiodistico.com\/index.php\/2024\/10\/11\/conoce-los-datos-para-reportar-quejas-sobre-transporte-publico\/","title":{"rendered":"Conoce los datos para reportar quejas sobre transporte p\u00fablico"},"content":{"rendered":"<div id=\"fb-root\"><\/div>\n\n<p>San Antonio de la Cal, Oax., 11 de octubre de 2024.- La Secretar\u00eda de Movilidad (Semovi) comparte con la ciudadan\u00eda los elementos esenciales que deben considerarse al presentar una denuncia contra el servicio de transporte p\u00fablico concesionado en todas sus modalidades ante la instituci\u00f3n.<\/p>\n\n\n\n<p>La titular de la Semovi, Claudina de Gyves Mendoza inform\u00f3 que, para realizar una denuncia formal sobre el transporte p\u00fablico es fundamental que la ciudadan\u00eda identifique y proporcione el N\u00famero \u00danico de Concesionario (NUC) -que viene rotulado en los laterales de todas las unidades- el n\u00famero de la placa del veh\u00edculo o en el caso del transporte p\u00fablico en la modalidad de urbano, el n\u00famero econ\u00f3mico.<\/p>\n\n\n\n<p>Para ofrecer la mejor atenci\u00f3n posible, la poblaci\u00f3n puede enviar sus quejas o sugerencias a trav\u00e9s del n\u00famero telef\u00f3nico 800 111 01 85 del Centro de Atenci\u00f3n Telef\u00f3nica o v\u00eda WhatsApp al 951 222 45 68; tambi\u00e9n acudir a los 45 m\u00f3dulos de atenci\u00f3n de la entidad en donde les brindar\u00e1n orientaci\u00f3n.<\/p>\n\n\n\n<p>De Gyves Mendoza resalt\u00f3 que las denuncias que involucran al transporte p\u00fablico concesionado por el Gobierno del Estado de Oaxaca son competencia de la Semovi; no obstante, cuando se trata de concesiones de \u00e1mbito federal, la Secretar\u00eda no tiene facultad para intervenir.<\/p>\n\n\n\n<p>Con estas acciones, la administraci\u00f3n estatal reafirma su compromiso de mejorar la calidad del servicio p\u00fablico y brindar una atenci\u00f3n eficiente a la ciudadan\u00eda.<\/p>\n\n\n\n<p>-0-<\/p>\n","protected":false},"excerpt":{"rendered":"<p>San Antonio de la Cal, Oax., 11 de octubre de 2024.- La Secretar\u00eda de Movilidad&#8230;<\/p>\n","protected":false},"author":4,"featured_media":32483,"comment_status":"","ping_status":"open","sticky":false,"template":"","format":"standard","meta":{"footnotes":""},"categories":[3],"tags":[],"jetpack_sharing_enabled":true,"featured_image_urls":{"full":["https:\/\/contextoanalisisperiodistico.com\/wp-content\/uploads\/2024\/10\/IMG-20241011-WA0104.jpg",800,948,false],"thumbnail":["https:\/\/contextoanalisisperiodistico.com\/wp-content\/uploads\/2024\/10\/IMG-20241011-WA0104-150x150.jpg",150,150,true],"medium":["https:\/\/contextoanalisisperiodistico.com\/wp-content\/uploads\/2024\/10\/IMG-20241011-WA0104-253x300.jpg",253,300,true],"medium_large":["https:\/\/contextoanalisisperiodistico.com\/wp-content\/uploads\/2024\/10\/IMG-20241011-WA0104-768x910.jpg",640,758,true],"large":["https:\/\/contextoanalisisperiodistico.com\/wp-content\/uploads\/2024\/10\/IMG-20241011-WA0104.jpg",640,758,false],"1536x1536":["https:\/\/contextoanalisisperiodistico.com\/wp-content\/uploads\/2024\/10\/IMG-20241011-WA0104.jpg",800,948,false],"2048x2048":["https:\/\/contextoanalisisperiodistico.com\/wp-content\/uploads\/2024\/10\/IMG-20241011-WA0104.jpg",800,948,false],"covernews-slider-full":["https:\/\/contextoanalisisperiodistico.com\/wp-content\/uploads\/2024\/10\/IMG-20241011-WA0104-800x715.jpg",800,715,true],"covernews-slider-center":["https:\/\/contextoanalisisperiodistico.com\/wp-content\/uploads\/2024\/10\/IMG-20241011-WA0104-800x500.jpg",800,500,true],"covernews-featured":["https:\/\/contextoanalisisperiodistico.com\/wp-content\/uploads\/2024\/10\/IMG-20241011-WA0104.jpg",800,948,false],"covernews-medium":["https:\/\/contextoanalisisperiodistico.com\/wp-content\/uploads\/2024\/10\/IMG-20241011-WA0104-540x340.jpg",540,340,true],"covernews-medium-square":["https:\/\/contextoanalisisperiodistico.com\/wp-content\/uploads\/2024\/10\/IMG-20241011-WA0104-400x250.jpg",400,250,true]},"author_info":{"display_name":"Mario Gir\u00f3n","author_link":"https:\/\/contextoanalisisperiodistico.com\/index.php\/author\/director\/"},"category_info":"<a href=\"https:\/\/contextoanalisisperiodistico.com\/index.php\/category\/ciudad\/\" rel=\"category tag\">Ciudad<\/a>","tag_info":"Ciudad","comment_count":"0","jetpack_featured_media_url":"https:\/\/contextoanalisisperiodistico.com\/wp-content\/uploads\/2024\/10\/IMG-20241011-WA0104.jpg","_links":{"self":[{"href":"https:\/\/contextoanalisisperiodistico.com\/index.php\/wp-json\/wp\/v2\/posts\/32484"}],"collection":[{"href":"https:\/\/contextoanalisisperiodistico.com\/index.php\/wp-json\/wp\/v2\/posts"}],"about":[{"href":"https:\/\/contextoanalisisperiodistico.com\/index.php\/wp-json\/wp\/v2\/types\/post"}],"author":[{"embeddable":true,"href":"https:\/\/contextoanalisisperiodistico.com\/index.php\/wp-json\/wp\/v2\/users\/4"}],"replies":[{"embeddable":true,"href":"https:\/\/contextoanalisisperiodistico.com\/index.php\/wp-json\/wp\/v2\/comments?post=32484"}],"version-history":[{"count":0,"href":"https:\/\/contextoanalisisperiodistico.com\/index.php\/wp-json\/wp\/v2\/posts\/32484\/revisions"}],"wp:featuredmedia":[{"embeddable":true,"href":"https:\/\/contextoanalisisperiodistico.com\/index.php\/wp-json\/wp\/v2\/media\/32483"}],"wp:attachment":[{"href":"https:\/\/contextoanalisisperiodistico.com\/index.php\/wp-json\/wp\/v2\/media?parent=32484"}],"wp:term":[{"taxonomy":"category","embeddable":true,"href":"https:\/\/contextoanalisisperiodistico.com\/index.php\/wp-json\/wp\/v2\/categories?post=32484"},{"taxonomy":"post_tag","embeddable":true,"href":"https:\/\/contextoanalisisperiodistico.com\/index.php\/wp-json\/wp\/v2\/tags?post=32484"}],"curies":[{"name":"wp","href":"https:\/\/api.w.org\/{rel}","templated":true}]}}