{"id":32243,"date":"2024-10-05T20:08:18","date_gmt":"2024-10-06T02:08:18","guid":{"rendered":"https:\/\/contextoanalisisperiodistico.com\/index.php\/2024\/10\/05\/contribuye-seculta-en-la-recuperacion-de-la-memoria-historica-de-comunidades-indigenas-de-oaxaca\/"},"modified":"2024-10-05T20:08:18","modified_gmt":"2024-10-06T02:08:18","slug":"contribuye-seculta-en-la-recuperacion-de-la-memoria-historica-de-comunidades-indigenas-de-oaxaca","status":"publish","type":"post","link":"https:\/\/contextoanalisisperiodistico.com\/index.php\/2024\/10\/05\/contribuye-seculta-en-la-recuperacion-de-la-memoria-historica-de-comunidades-indigenas-de-oaxaca\/","title":{"rendered":"Contribuye Seculta en la recuperaci\u00f3n de la memoria hist\u00f3rica de comunidades ind\u00edgenas de Oaxaca"},"content":{"rendered":"<div id=\"fb-root\"><\/div>\n\n<p>\u2022 La dependencia public\u00f3 cuatro obras que forman parte del programa Huella y Memoria del proyecto sexenal Culturas Vivas: Lenguas y Artes<\/p>\n\n\n\n<figure class=\"wp-block-image size-large\"><img fetchpriority=\"high\" decoding=\"async\" width=\"1024\" height=\"682\" src=\"https:\/\/contextoanalisisperiodistico.com\/wp-content\/uploads\/2024\/10\/img-20241005-wa01785180814764733027213-1024x682.jpg\" alt=\"\" class=\"wp-image-32239\" srcset=\"https:\/\/contextoanalisisperiodistico.com\/wp-content\/uploads\/2024\/10\/img-20241005-wa01785180814764733027213-1024x682.jpg 1024w, https:\/\/contextoanalisisperiodistico.com\/wp-content\/uploads\/2024\/10\/img-20241005-wa01785180814764733027213-300x200.jpg 300w, https:\/\/contextoanalisisperiodistico.com\/wp-content\/uploads\/2024\/10\/img-20241005-wa01785180814764733027213-768x512.jpg 768w, https:\/\/contextoanalisisperiodistico.com\/wp-content\/uploads\/2024\/10\/img-20241005-wa01785180814764733027213.jpg 1280w\" sizes=\"(max-width: 1024px) 100vw, 1024px\" \/><\/figure>\n\n\n\n<figure class=\"wp-block-image\"><img decoding=\"async\" width=\"300\" height=\"200\" src=\"https:\/\/contextoanalisisperiodistico.com\/wp-content\/uploads\/2024\/10\/img-20241005-wa0177410408551994183176-300x200.jpg\" alt=\"\" class=\"wp-image-32240\" srcset=\"https:\/\/contextoanalisisperiodistico.com\/wp-content\/uploads\/2024\/10\/img-20241005-wa0177410408551994183176-300x200.jpg 300w, https:\/\/contextoanalisisperiodistico.com\/wp-content\/uploads\/2024\/10\/img-20241005-wa0177410408551994183176-768x512.jpg 768w, https:\/\/contextoanalisisperiodistico.com\/wp-content\/uploads\/2024\/10\/img-20241005-wa0177410408551994183176.jpg 1000w\" sizes=\"(max-width: 300px) 100vw, 300px\" \/><\/figure>\n\n\n\n<figure class=\"wp-block-image\"><img decoding=\"async\" width=\"731\" height=\"1024\" src=\"https:\/\/contextoanalisisperiodistico.com\/wp-content\/uploads\/2024\/10\/img-20241005-wa01796462446983158842364-731x1024.jpg\" alt=\"\" class=\"wp-image-32241\" srcset=\"https:\/\/contextoanalisisperiodistico.com\/wp-content\/uploads\/2024\/10\/img-20241005-wa01796462446983158842364-731x1024.jpg 731w, https:\/\/contextoanalisisperiodistico.com\/wp-content\/uploads\/2024\/10\/img-20241005-wa01796462446983158842364-214x300.jpg 214w, https:\/\/contextoanalisisperiodistico.com\/wp-content\/uploads\/2024\/10\/img-20241005-wa01796462446983158842364-768x1076.jpg 768w, https:\/\/contextoanalisisperiodistico.com\/wp-content\/uploads\/2024\/10\/img-20241005-wa01796462446983158842364.jpg 914w\" sizes=\"(max-width: 731px) 100vw, 731px\" \/><\/figure>\n\n\n\n<figure class=\"wp-block-image\"><img loading=\"lazy\" decoding=\"async\" width=\"1024\" height=\"682\" src=\"https:\/\/contextoanalisisperiodistico.com\/wp-content\/uploads\/2024\/10\/img-20241005-wa01767461544052049410084-1024x682.jpg\" alt=\"\" class=\"wp-image-32242\" srcset=\"https:\/\/contextoanalisisperiodistico.com\/wp-content\/uploads\/2024\/10\/img-20241005-wa01767461544052049410084-1024x682.jpg 1024w, https:\/\/contextoanalisisperiodistico.com\/wp-content\/uploads\/2024\/10\/img-20241005-wa01767461544052049410084-300x200.jpg 300w, https:\/\/contextoanalisisperiodistico.com\/wp-content\/uploads\/2024\/10\/img-20241005-wa01767461544052049410084-768x512.jpg 768w, https:\/\/contextoanalisisperiodistico.com\/wp-content\/uploads\/2024\/10\/img-20241005-wa01767461544052049410084.jpg 1280w\" sizes=\"(max-width: 1024px) 100vw, 1024px\" \/><\/figure>\n\n\n\n<p>Oaxaca de Ju\u00e1rez, Oax. 5 de octubre de 2024.- A trav\u00e9s del programa Huella y Memoria, la Secretar\u00eda de las Culturas y Artes (Seculta) de Oaxaca public\u00f3 una serie de cuatro libros que recuperan la memoria hist\u00f3rica de diferentes pueblos del estado.<\/p>\n\n\n\n<p>Esta acci\u00f3n tiene el objetivo de impulsar el trabajo de las y los autores de comunidades ind\u00edgenas de la entidad; asimismo, forma parte del proyecto sexenal Culturas Vivas: Lenguas y Artes, que la dependencia promueve para generar material bibliogr\u00e1fico y did\u00e1ctico para la revitalizaci\u00f3n de las lenguas originarias de las ocho regiones.<\/p>\n\n\n\n<p>La serie est\u00e1 conformada por: \u201cBreves historias de Santa Catarina Cuixtla, Miahuatl\u00e1n, Oaxaca\u201d, de la autor\u00eda de Constantino Cort\u00e9s Arellanes, quien encontr\u00f3 una libreta con apuntes de su padre que datan desde 1931 y que describe acontecimientos importantes para su comunidad, como la construcci\u00f3n de templos cat\u00f3licos en la municipalidad.<\/p>\n\n\n\n<p>\u201cRituales funerarios en la poblaci\u00f3n de \u00c1nimas Trujano, Oaxaca\u201d, escrito por Jes\u00fas Federico Velasco Ram\u00edrez, obra que relata la concepci\u00f3n de la muerte que tienen los pueblos y comunidades ind\u00edgenas, y que son parte de su multiculturalidad.<\/p>\n\n\n\n<p>\u201cOaxaca desde las ra\u00edces, monograf\u00eda de la naci\u00f3n Ngigua\/Ngiba (regi\u00f3n Chocholteca)\u201d, compilado por Maximino P\u00e9rez Maldonado, quien describe la administraci\u00f3n social de los pueblos de esta cultura y resalta que la lengua de la regi\u00f3n est\u00e1 en peligro.<\/p>\n\n\n\n<p>\u201cIxpantepec Nieves, cr\u00f3nicas y relatos\u201d, de Pedro Salas y Antelmo Santos, quienes recuperaron la memoria hist\u00f3rica de su comunidad, a fin de entender la organizaci\u00f3n y valores que hoy la conforman.<\/p>\n\n\n\n<p>En este 2024, la Secretar\u00eda de las Culturas y Artes tambi\u00e9n edit\u00f3 y public\u00f3 el cuaderno de actividades en ixcateco, dirigido a las infancias que participan en los Talleres de Lengua y Pensamiento Ind\u00edgena, que la dependencia imparte para la revitalizaci\u00f3n de esa lengua.<\/p>\n\n\n\n<p>El titular de la dependencia, V\u00edctor Cata destac\u00f3 que la Secretar\u00eda que encabeza asume el objetivo de impulsar proyectos para el rescate de la memoria colectiva de los pueblos y comunidades ind\u00edgenas, ya que a trav\u00e9s de esta se construye la identidad de cada lugar.<\/p>\n\n\n\n<p>Cabe mencionar que en 2023 la dependencia edit\u00f3 y public\u00f3 al menos una decena de libros, adem\u00e1s de cinco pol\u00edpticos como herramientas para las infancias que trabajan en el rescate de las lenguas.<\/p>\n\n\n\n<p>-0-<\/p>\n","protected":false},"excerpt":{"rendered":"<p>\u2022 La dependencia public\u00f3 cuatro obras que forman parte del programa Huella y Memoria del&#8230;<\/p>\n","protected":false},"author":4,"featured_media":32238,"comment_status":"","ping_status":"open","sticky":false,"template":"","format":"standard","meta":{"footnotes":""},"categories":[4],"tags":[],"jetpack_sharing_enabled":true,"featured_image_urls":{"full":["https:\/\/contextoanalisisperiodistico.com\/wp-content\/uploads\/2024\/10\/IMG-20241005-WA0175.jpg",1280,853,false],"thumbnail":["https:\/\/contextoanalisisperiodistico.com\/wp-content\/uploads\/2024\/10\/IMG-20241005-WA0175-150x150.jpg",150,150,true],"medium":["https:\/\/contextoanalisisperiodistico.com\/wp-content\/uploads\/2024\/10\/IMG-20241005-WA0175-300x200.jpg",300,200,true],"medium_large":["https:\/\/contextoanalisisperiodistico.com\/wp-content\/uploads\/2024\/10\/IMG-20241005-WA0175-768x512.jpg",640,427,true],"large":["https:\/\/contextoanalisisperiodistico.com\/wp-content\/uploads\/2024\/10\/IMG-20241005-WA0175-1024x682.jpg",640,426,true],"1536x1536":["https:\/\/contextoanalisisperiodistico.com\/wp-content\/uploads\/2024\/10\/IMG-20241005-WA0175.jpg",1280,853,false],"2048x2048":["https:\/\/contextoanalisisperiodistico.com\/wp-content\/uploads\/2024\/10\/IMG-20241005-WA0175.jpg",1280,853,false],"covernews-slider-full":["https:\/\/contextoanalisisperiodistico.com\/wp-content\/uploads\/2024\/10\/IMG-20241005-WA0175-1115x715.jpg",1115,715,true],"covernews-slider-center":["https:\/\/contextoanalisisperiodistico.com\/wp-content\/uploads\/2024\/10\/IMG-20241005-WA0175-800x500.jpg",800,500,true],"covernews-featured":["https:\/\/contextoanalisisperiodistico.com\/wp-content\/uploads\/2024\/10\/IMG-20241005-WA0175-1024x682.jpg",1024,682,true],"covernews-medium":["https:\/\/contextoanalisisperiodistico.com\/wp-content\/uploads\/2024\/10\/IMG-20241005-WA0175-540x340.jpg",540,340,true],"covernews-medium-square":["https:\/\/contextoanalisisperiodistico.com\/wp-content\/uploads\/2024\/10\/IMG-20241005-WA0175-400x250.jpg",400,250,true]},"author_info":{"display_name":"Mario Gir\u00f3n","author_link":"https:\/\/contextoanalisisperiodistico.com\/index.php\/author\/director\/"},"category_info":"<a href=\"https:\/\/contextoanalisisperiodistico.com\/index.php\/category\/cultura\/\" rel=\"category tag\">Cultura<\/a>","tag_info":"Cultura","comment_count":"0","jetpack_featured_media_url":"https:\/\/contextoanalisisperiodistico.com\/wp-content\/uploads\/2024\/10\/IMG-20241005-WA0175.jpg","_links":{"self":[{"href":"https:\/\/contextoanalisisperiodistico.com\/index.php\/wp-json\/wp\/v2\/posts\/32243"}],"collection":[{"href":"https:\/\/contextoanalisisperiodistico.com\/index.php\/wp-json\/wp\/v2\/posts"}],"about":[{"href":"https:\/\/contextoanalisisperiodistico.com\/index.php\/wp-json\/wp\/v2\/types\/post"}],"author":[{"embeddable":true,"href":"https:\/\/contextoanalisisperiodistico.com\/index.php\/wp-json\/wp\/v2\/users\/4"}],"replies":[{"embeddable":true,"href":"https:\/\/contextoanalisisperiodistico.com\/index.php\/wp-json\/wp\/v2\/comments?post=32243"}],"version-history":[{"count":0,"href":"https:\/\/contextoanalisisperiodistico.com\/index.php\/wp-json\/wp\/v2\/posts\/32243\/revisions"}],"wp:featuredmedia":[{"embeddable":true,"href":"https:\/\/contextoanalisisperiodistico.com\/index.php\/wp-json\/wp\/v2\/media\/32238"}],"wp:attachment":[{"href":"https:\/\/contextoanalisisperiodistico.com\/index.php\/wp-json\/wp\/v2\/media?parent=32243"}],"wp:term":[{"taxonomy":"category","embeddable":true,"href":"https:\/\/contextoanalisisperiodistico.com\/index.php\/wp-json\/wp\/v2\/categories?post=32243"},{"taxonomy":"post_tag","embeddable":true,"href":"https:\/\/contextoanalisisperiodistico.com\/index.php\/wp-json\/wp\/v2\/tags?post=32243"}],"curies":[{"name":"wp","href":"https:\/\/api.w.org\/{rel}","templated":true}]}}