{"id":32051,"date":"2024-09-30T23:11:31","date_gmt":"2024-10-01T05:11:31","guid":{"rendered":"https:\/\/contextoanalisisperiodistico.com\/index.php\/2024\/09\/30\/capacitan-a-policia-de-oaxaca-de-juarez-en-perspectiva-de-genero\/"},"modified":"2024-09-30T23:11:31","modified_gmt":"2024-10-01T05:11:31","slug":"capacitan-a-policia-de-oaxaca-de-juarez-en-perspectiva-de-genero","status":"publish","type":"post","link":"https:\/\/contextoanalisisperiodistico.com\/index.php\/2024\/09\/30\/capacitan-a-policia-de-oaxaca-de-juarez-en-perspectiva-de-genero\/","title":{"rendered":"Capacitan a Polic\u00eda de Oaxaca de Ju\u00e1rez en perspectiva de g\u00e9nero"},"content":{"rendered":"<div id=\"fb-root\"><\/div>\n\n<p>Oaxaca de Ju\u00e1rez, Oaxaca, a 30 de septiembre de 2024.- Con el fin de contar con una corporaci\u00f3n policial bien capacitada en materia de protecci\u00f3n de derechos de todas las personas, el Presidente Municipal de Oaxaca de Ju\u00e1rez, Francisco Mart\u00ednez Neri inaugur\u00f3 el curso \u201cPerspectiva de G\u00e9nero para la Polic\u00eda Municipal\u201d y refrend\u00f3 el compromiso por mantener acciones que permitan avanzar en la construcci\u00f3n de una sociedad en paz, m\u00e1s igualitaria y con igualdad de derechos para todas y todos.<\/p>\n\n\n\n<figure class=\"wp-block-image size-large\"><img fetchpriority=\"high\" decoding=\"async\" width=\"1024\" height=\"684\" src=\"https:\/\/contextoanalisisperiodistico.com\/wp-content\/uploads\/2024\/09\/foto300924283291024694370652519416-1024x684.jpg\" alt=\"\" class=\"wp-image-32048\" srcset=\"https:\/\/contextoanalisisperiodistico.com\/wp-content\/uploads\/2024\/09\/foto300924283291024694370652519416-1024x684.jpg 1024w, https:\/\/contextoanalisisperiodistico.com\/wp-content\/uploads\/2024\/09\/foto300924283291024694370652519416-300x200.jpg 300w, https:\/\/contextoanalisisperiodistico.com\/wp-content\/uploads\/2024\/09\/foto300924283291024694370652519416-768x513.jpg 768w, https:\/\/contextoanalisisperiodistico.com\/wp-content\/uploads\/2024\/09\/foto300924283291024694370652519416.jpg 1440w\" sizes=\"(max-width: 1024px) 100vw, 1024px\" \/><\/figure>\n\n\n\n<figure class=\"wp-block-image\"><img decoding=\"async\" width=\"1024\" height=\"684\" src=\"https:\/\/contextoanalisisperiodistico.com\/wp-content\/uploads\/2024\/09\/foto3009248995728759717676262-1024x684.jpeg\" alt=\"\" class=\"wp-image-32049\" srcset=\"https:\/\/contextoanalisisperiodistico.com\/wp-content\/uploads\/2024\/09\/foto3009248995728759717676262-1024x684.jpeg 1024w, https:\/\/contextoanalisisperiodistico.com\/wp-content\/uploads\/2024\/09\/foto3009248995728759717676262-300x200.jpeg 300w, https:\/\/contextoanalisisperiodistico.com\/wp-content\/uploads\/2024\/09\/foto3009248995728759717676262-768x513.jpeg 768w, https:\/\/contextoanalisisperiodistico.com\/wp-content\/uploads\/2024\/09\/foto3009248995728759717676262.jpeg 1440w\" sizes=\"(max-width: 1024px) 100vw, 1024px\" \/><\/figure>\n\n\n\n<figure class=\"wp-block-image\"><img decoding=\"async\" width=\"1024\" height=\"684\" src=\"https:\/\/contextoanalisisperiodistico.com\/wp-content\/uploads\/2024\/09\/foto30092428229731287340869636453-1024x684.jpg\" alt=\"\" class=\"wp-image-32050\" srcset=\"https:\/\/contextoanalisisperiodistico.com\/wp-content\/uploads\/2024\/09\/foto30092428229731287340869636453-1024x684.jpg 1024w, https:\/\/contextoanalisisperiodistico.com\/wp-content\/uploads\/2024\/09\/foto30092428229731287340869636453-300x200.jpg 300w, https:\/\/contextoanalisisperiodistico.com\/wp-content\/uploads\/2024\/09\/foto30092428229731287340869636453-768x513.jpg 768w, https:\/\/contextoanalisisperiodistico.com\/wp-content\/uploads\/2024\/09\/foto30092428229731287340869636453.jpg 1440w\" sizes=\"(max-width: 1024px) 100vw, 1024px\" \/><\/figure>\n\n\n\n<p>\u201cTenemos que revalorar el trabajo que realizan las mujeres y lo importante es seguir avanzando en la capacitaci\u00f3n constante de nuestras polic\u00edas y la necesidad de reconocer la igualdad, la equidad, la paridad para lograr cambios de una manera m\u00e1s pronta\u201d, dijo el edil capitalino junto a la la titular del Secretariado Ejecutivo del Sistema Estatal de Seguridad P\u00fablica (SESESP), Karina Bar\u00f3n Ortiz.<\/p>\n\n\n\n<p>En el cuartel de la Polic\u00eda Municipal, Mart\u00ednez Neri resalt\u00f3 las acciones coordinadas con el Gobierno del Estado y el Gobierno Federal, para contar con elementos m\u00e1s y mejor capacitados durante la atenci\u00f3n que se brinda a favor de la seguridad de la ciudadan\u00eda, especialmente de las y los capitalinos.<\/p>\n\n\n\n<p>\u201cPedirles que se fortalezcan en t\u00e9rminos de conocimiento, ustedes son fundamentales para el desarrollo de nuestro pa\u00eds, del estado y concretamente de nuestra ciudad, en ustedes se deposita la confianza de la ciudadan\u00eda y quieren de ustedes el mejor servicio\u201d, subray\u00f3 el Primer Concejal acompa\u00f1ado de la regidora de Seguridad Ciudadana, Movilidad y Agencias y Colonias, Claudia Tapia Nolasco.<\/p>\n\n\n\n<p>Por su parte, la titular del Secretariado Ejecutivo del Sistema Estatal de Seguridad P\u00fablica, Karina Bar\u00f3n Ortiz, reconoci\u00f3 el trabajo coordinado que se mantiene entre el Ayuntamiento de Oaxaca de Ju\u00e1rez y la dependencia a su cargo, lo que ha redundado en resultados favorables en materia de seguridad.<\/p>\n\n\n\n<p>\u201cSeguimos impulsando este tipo de capacitaciones conjuntas, enfocadas a que podamos ser una polic\u00eda preparada y con conocimientos necesarios para saber c\u00f3mo actuar\u201d, comparti\u00f3 Bar\u00f3n Ortiz con la asistencia de Ra\u00fal \u00c1vila Ibarra, Secretario de Seguridad P\u00fablica, Movilidad y Protecci\u00f3n Civil, y Victoria Rosales, rectora de la Universidad de Seguridad P\u00fablica y Paz Social.<\/p>\n\n\n\n<p>En este primer bloque de capacitaci\u00f3n participan 25 elementos adscritos a la Secretar\u00eda de Seguridad P\u00fablica, Movilidad y Protecci\u00f3n Civil.<\/p>\n","protected":false},"excerpt":{"rendered":"<p>Oaxaca de Ju\u00e1rez, Oaxaca, a 30 de septiembre de 2024.- Con el fin de contar&#8230;<\/p>\n","protected":false},"author":4,"featured_media":32047,"comment_status":"","ping_status":"open","sticky":false,"template":"","format":"standard","meta":{"footnotes":""},"categories":[9],"tags":[],"jetpack_sharing_enabled":true,"featured_image_urls":{"full":["https:\/\/contextoanalisisperiodistico.com\/wp-content\/uploads\/2024\/09\/FOTO30092428429.jpeg",1440,962,false],"thumbnail":["https:\/\/contextoanalisisperiodistico.com\/wp-content\/uploads\/2024\/09\/FOTO30092428429-150x150.jpeg",150,150,true],"medium":["https:\/\/contextoanalisisperiodistico.com\/wp-content\/uploads\/2024\/09\/FOTO30092428429-300x200.jpeg",300,200,true],"medium_large":["https:\/\/contextoanalisisperiodistico.com\/wp-content\/uploads\/2024\/09\/FOTO30092428429-768x513.jpeg",640,428,true],"large":["https:\/\/contextoanalisisperiodistico.com\/wp-content\/uploads\/2024\/09\/FOTO30092428429-1024x684.jpeg",640,428,true],"1536x1536":["https:\/\/contextoanalisisperiodistico.com\/wp-content\/uploads\/2024\/09\/FOTO30092428429.jpeg",1440,962,false],"2048x2048":["https:\/\/contextoanalisisperiodistico.com\/wp-content\/uploads\/2024\/09\/FOTO30092428429.jpeg",1440,962,false],"covernews-slider-full":["https:\/\/contextoanalisisperiodistico.com\/wp-content\/uploads\/2024\/09\/FOTO30092428429-1115x715.jpeg",1115,715,true],"covernews-slider-center":["https:\/\/contextoanalisisperiodistico.com\/wp-content\/uploads\/2024\/09\/FOTO30092428429-800x500.jpeg",800,500,true],"covernews-featured":["https:\/\/contextoanalisisperiodistico.com\/wp-content\/uploads\/2024\/09\/FOTO30092428429-1024x684.jpeg",1024,684,true],"covernews-medium":["https:\/\/contextoanalisisperiodistico.com\/wp-content\/uploads\/2024\/09\/FOTO30092428429-540x340.jpeg",540,340,true],"covernews-medium-square":["https:\/\/contextoanalisisperiodistico.com\/wp-content\/uploads\/2024\/09\/FOTO30092428429-400x250.jpeg",400,250,true]},"author_info":{"display_name":"Mario Gir\u00f3n","author_link":"https:\/\/contextoanalisisperiodistico.com\/index.php\/author\/director\/"},"category_info":"<a href=\"https:\/\/contextoanalisisperiodistico.com\/index.php\/category\/politica\/\" rel=\"category tag\">Pol\u00edtica<\/a>","tag_info":"Pol\u00edtica","comment_count":"0","jetpack_featured_media_url":"https:\/\/contextoanalisisperiodistico.com\/wp-content\/uploads\/2024\/09\/FOTO30092428429.jpeg","_links":{"self":[{"href":"https:\/\/contextoanalisisperiodistico.com\/index.php\/wp-json\/wp\/v2\/posts\/32051"}],"collection":[{"href":"https:\/\/contextoanalisisperiodistico.com\/index.php\/wp-json\/wp\/v2\/posts"}],"about":[{"href":"https:\/\/contextoanalisisperiodistico.com\/index.php\/wp-json\/wp\/v2\/types\/post"}],"author":[{"embeddable":true,"href":"https:\/\/contextoanalisisperiodistico.com\/index.php\/wp-json\/wp\/v2\/users\/4"}],"replies":[{"embeddable":true,"href":"https:\/\/contextoanalisisperiodistico.com\/index.php\/wp-json\/wp\/v2\/comments?post=32051"}],"version-history":[{"count":0,"href":"https:\/\/contextoanalisisperiodistico.com\/index.php\/wp-json\/wp\/v2\/posts\/32051\/revisions"}],"wp:featuredmedia":[{"embeddable":true,"href":"https:\/\/contextoanalisisperiodistico.com\/index.php\/wp-json\/wp\/v2\/media\/32047"}],"wp:attachment":[{"href":"https:\/\/contextoanalisisperiodistico.com\/index.php\/wp-json\/wp\/v2\/media?parent=32051"}],"wp:term":[{"taxonomy":"category","embeddable":true,"href":"https:\/\/contextoanalisisperiodistico.com\/index.php\/wp-json\/wp\/v2\/categories?post=32051"},{"taxonomy":"post_tag","embeddable":true,"href":"https:\/\/contextoanalisisperiodistico.com\/index.php\/wp-json\/wp\/v2\/tags?post=32051"}],"curies":[{"name":"wp","href":"https:\/\/api.w.org\/{rel}","templated":true}]}}