{"id":32044,"date":"2024-09-30T16:45:57","date_gmt":"2024-09-30T22:45:57","guid":{"rendered":"https:\/\/contextoanalisisperiodistico.com\/index.php\/2024\/09\/30\/habilitan-carril-carretero-en-el-tramo-ruta-de-la-fe\/"},"modified":"2024-09-30T16:45:57","modified_gmt":"2024-09-30T22:45:57","slug":"habilitan-carril-carretero-en-el-tramo-ruta-de-la-fe","status":"publish","type":"post","link":"https:\/\/contextoanalisisperiodistico.com\/index.php\/2024\/09\/30\/habilitan-carril-carretero-en-el-tramo-ruta-de-la-fe\/","title":{"rendered":"Habilitan carril carretero en el tramo Ruta de la Fe"},"content":{"rendered":"<div id=\"fb-root\"><\/div>\n\n<p>\u2022 La Polic\u00eda Vial Estatal inform\u00f3 que se registr\u00f3 un derrumbe en el kil\u00f3metro 59+200, a la altura del paraje el Clar\u00edn<\/p>\n\n\n\n<figure class=\"wp-block-image size-large\"><img fetchpriority=\"high\" decoding=\"async\" width=\"1024\" height=\"768\" src=\"https:\/\/contextoanalisisperiodistico.com\/wp-content\/uploads\/2024\/09\/img-20240930-wa01087597229522315768729-1024x768.jpg\" alt=\"\" class=\"wp-image-32043\" srcset=\"https:\/\/contextoanalisisperiodistico.com\/wp-content\/uploads\/2024\/09\/img-20240930-wa01087597229522315768729-1024x768.jpg 1024w, https:\/\/contextoanalisisperiodistico.com\/wp-content\/uploads\/2024\/09\/img-20240930-wa01087597229522315768729-300x225.jpg 300w, https:\/\/contextoanalisisperiodistico.com\/wp-content\/uploads\/2024\/09\/img-20240930-wa01087597229522315768729-768x576.jpg 768w, https:\/\/contextoanalisisperiodistico.com\/wp-content\/uploads\/2024\/09\/img-20240930-wa01087597229522315768729-1536x1152.jpg 1536w, https:\/\/contextoanalisisperiodistico.com\/wp-content\/uploads\/2024\/09\/img-20240930-wa01087597229522315768729.jpg 1600w\" sizes=\"(max-width: 1024px) 100vw, 1024px\" \/><\/figure>\n\n\n\n<p>Villa Sola de Vega, Oax. 30 de septiembre de 2024.- El Consejo Estatal de Protecci\u00f3n Civil, a trav\u00e9s de la Polic\u00eda Vial Estatal inform\u00f3 que en la Ruta de la Fe, carretera 131 Oaxaca-Puerto Escondido, en el kil\u00f3metro 59+200, a la altura del paraje el Clar\u00edn, se habilit\u00f3 un carril para el paso vehicular ante un derrumbe que se registr\u00f3 en el lugar.<\/p>\n\n\n\n<p>Por lo que la corporaci\u00f3n policial realiz\u00f3 la se\u00f1alizaci\u00f3n de la zona para prevenir a quienes transitan por el lugar lo hagan con precauci\u00f3n y se evite alg\u00fan accidente.<\/p>\n\n\n\n<p>Los elementos brindan informaci\u00f3n a las personas conductoras sobre estos hechos.<\/p>\n\n\n\n<p>Este auxilio se deriv\u00f3 en atenci\u00f3n al reporte ciudadano que se hizo al n\u00famero 9-1-1 en el que se inform\u00f3 de un derrumbe en este tramo de la carretera 131, Ruta de la Fe, por lo que se aplic\u00f3 el plan de Atenci\u00f3n Vial de Emergencia (AVE).<\/p>\n\n\n\n<p>Asisten dos elementos de la Polic\u00eda Vial Estatal y una patrulla.<\/p>\n\n\n\n<p>-0-<\/p>\n","protected":false},"excerpt":{"rendered":"<p>\u2022 La Polic\u00eda Vial Estatal inform\u00f3 que se registr\u00f3 un derrumbe en el kil\u00f3metro 59+200,&#8230;<\/p>\n","protected":false},"author":4,"featured_media":32042,"comment_status":"","ping_status":"open","sticky":false,"template":"","format":"standard","meta":{"footnotes":""},"categories":[9],"tags":[],"jetpack_sharing_enabled":true,"featured_image_urls":{"full":["https:\/\/contextoanalisisperiodistico.com\/wp-content\/uploads\/2024\/09\/IMG-20240930-WA0109.jpg",1280,960,false],"thumbnail":["https:\/\/contextoanalisisperiodistico.com\/wp-content\/uploads\/2024\/09\/IMG-20240930-WA0109-150x150.jpg",150,150,true],"medium":["https:\/\/contextoanalisisperiodistico.com\/wp-content\/uploads\/2024\/09\/IMG-20240930-WA0109-300x225.jpg",300,225,true],"medium_large":["https:\/\/contextoanalisisperiodistico.com\/wp-content\/uploads\/2024\/09\/IMG-20240930-WA0109-768x576.jpg",640,480,true],"large":["https:\/\/contextoanalisisperiodistico.com\/wp-content\/uploads\/2024\/09\/IMG-20240930-WA0109-1024x768.jpg",640,480,true],"1536x1536":["https:\/\/contextoanalisisperiodistico.com\/wp-content\/uploads\/2024\/09\/IMG-20240930-WA0109.jpg",1280,960,false],"2048x2048":["https:\/\/contextoanalisisperiodistico.com\/wp-content\/uploads\/2024\/09\/IMG-20240930-WA0109.jpg",1280,960,false],"covernews-slider-full":["https:\/\/contextoanalisisperiodistico.com\/wp-content\/uploads\/2024\/09\/IMG-20240930-WA0109-1115x715.jpg",1115,715,true],"covernews-slider-center":["https:\/\/contextoanalisisperiodistico.com\/wp-content\/uploads\/2024\/09\/IMG-20240930-WA0109-800x500.jpg",800,500,true],"covernews-featured":["https:\/\/contextoanalisisperiodistico.com\/wp-content\/uploads\/2024\/09\/IMG-20240930-WA0109-1024x768.jpg",1024,768,true],"covernews-medium":["https:\/\/contextoanalisisperiodistico.com\/wp-content\/uploads\/2024\/09\/IMG-20240930-WA0109-540x340.jpg",540,340,true],"covernews-medium-square":["https:\/\/contextoanalisisperiodistico.com\/wp-content\/uploads\/2024\/09\/IMG-20240930-WA0109-400x250.jpg",400,250,true]},"author_info":{"display_name":"Mario Gir\u00f3n","author_link":"https:\/\/contextoanalisisperiodistico.com\/index.php\/author\/director\/"},"category_info":"<a href=\"https:\/\/contextoanalisisperiodistico.com\/index.php\/category\/politica\/\" rel=\"category tag\">Pol\u00edtica<\/a>","tag_info":"Pol\u00edtica","comment_count":"0","jetpack_featured_media_url":"https:\/\/contextoanalisisperiodistico.com\/wp-content\/uploads\/2024\/09\/IMG-20240930-WA0109.jpg","_links":{"self":[{"href":"https:\/\/contextoanalisisperiodistico.com\/index.php\/wp-json\/wp\/v2\/posts\/32044"}],"collection":[{"href":"https:\/\/contextoanalisisperiodistico.com\/index.php\/wp-json\/wp\/v2\/posts"}],"about":[{"href":"https:\/\/contextoanalisisperiodistico.com\/index.php\/wp-json\/wp\/v2\/types\/post"}],"author":[{"embeddable":true,"href":"https:\/\/contextoanalisisperiodistico.com\/index.php\/wp-json\/wp\/v2\/users\/4"}],"replies":[{"embeddable":true,"href":"https:\/\/contextoanalisisperiodistico.com\/index.php\/wp-json\/wp\/v2\/comments?post=32044"}],"version-history":[{"count":0,"href":"https:\/\/contextoanalisisperiodistico.com\/index.php\/wp-json\/wp\/v2\/posts\/32044\/revisions"}],"wp:featuredmedia":[{"embeddable":true,"href":"https:\/\/contextoanalisisperiodistico.com\/index.php\/wp-json\/wp\/v2\/media\/32042"}],"wp:attachment":[{"href":"https:\/\/contextoanalisisperiodistico.com\/index.php\/wp-json\/wp\/v2\/media?parent=32044"}],"wp:term":[{"taxonomy":"category","embeddable":true,"href":"https:\/\/contextoanalisisperiodistico.com\/index.php\/wp-json\/wp\/v2\/categories?post=32044"},{"taxonomy":"post_tag","embeddable":true,"href":"https:\/\/contextoanalisisperiodistico.com\/index.php\/wp-json\/wp\/v2\/tags?post=32044"}],"curies":[{"name":"wp","href":"https:\/\/api.w.org\/{rel}","templated":true}]}}