{"id":32041,"date":"2024-09-30T16:30:47","date_gmt":"2024-09-30T22:30:47","guid":{"rendered":"https:\/\/contextoanalisisperiodistico.com\/index.php\/2024\/09\/30\/fomenta-sso-espacios-saludables-en-escuelas\/"},"modified":"2024-09-30T16:30:47","modified_gmt":"2024-09-30T22:30:47","slug":"fomenta-sso-espacios-saludables-en-escuelas","status":"publish","type":"post","link":"https:\/\/contextoanalisisperiodistico.com\/index.php\/2024\/09\/30\/fomenta-sso-espacios-saludables-en-escuelas\/","title":{"rendered":"Fomenta SSO espacios saludables en escuelas"},"content":{"rendered":"<div id=\"fb-root\"><\/div>\n\n<p>\u2022 La Escuela Primaria Aquiles Serd\u00e1n de San Pablo Huitzo fue certificada como Promotora de Salud y se le entreg\u00f3 Bandera Blanca<\/p>\n\n\n\n<figure class=\"wp-block-image size-large\"><img fetchpriority=\"high\" decoding=\"async\" width=\"800\" height=\"450\" src=\"https:\/\/contextoanalisisperiodistico.com\/wp-content\/uploads\/2024\/09\/img-20240930-wa01286246709121778782326.jpg\" alt=\"\" class=\"wp-image-32032\" srcset=\"https:\/\/contextoanalisisperiodistico.com\/wp-content\/uploads\/2024\/09\/img-20240930-wa01286246709121778782326.jpg 800w, https:\/\/contextoanalisisperiodistico.com\/wp-content\/uploads\/2024\/09\/img-20240930-wa01286246709121778782326-300x169.jpg 300w, https:\/\/contextoanalisisperiodistico.com\/wp-content\/uploads\/2024\/09\/img-20240930-wa01286246709121778782326-768x432.jpg 768w\" sizes=\"(max-width: 800px) 100vw, 800px\" \/><\/figure>\n\n\n\n<figure class=\"wp-block-image\"><img decoding=\"async\" width=\"300\" height=\"169\" src=\"https:\/\/contextoanalisisperiodistico.com\/wp-content\/uploads\/2024\/09\/img-20240930-wa01314037587422856659797-300x169.jpg\" alt=\"\" class=\"wp-image-32035\" srcset=\"https:\/\/contextoanalisisperiodistico.com\/wp-content\/uploads\/2024\/09\/img-20240930-wa01314037587422856659797-300x169.jpg 300w, https:\/\/contextoanalisisperiodistico.com\/wp-content\/uploads\/2024\/09\/img-20240930-wa01314037587422856659797-768x432.jpg 768w, https:\/\/contextoanalisisperiodistico.com\/wp-content\/uploads\/2024\/09\/img-20240930-wa01314037587422856659797.jpg 800w\" sizes=\"(max-width: 300px) 100vw, 300px\" \/><\/figure>\n\n\n\n<figure class=\"wp-block-image\"><img decoding=\"async\" width=\"300\" height=\"169\" src=\"https:\/\/contextoanalisisperiodistico.com\/wp-content\/uploads\/2024\/09\/img-20240930-wa01264687393538261926837-300x169.jpg\" alt=\"\" class=\"wp-image-32034\" srcset=\"https:\/\/contextoanalisisperiodistico.com\/wp-content\/uploads\/2024\/09\/img-20240930-wa01264687393538261926837-300x169.jpg 300w, https:\/\/contextoanalisisperiodistico.com\/wp-content\/uploads\/2024\/09\/img-20240930-wa01264687393538261926837-768x432.jpg 768w, https:\/\/contextoanalisisperiodistico.com\/wp-content\/uploads\/2024\/09\/img-20240930-wa01264687393538261926837.jpg 800w\" sizes=\"(max-width: 300px) 100vw, 300px\" \/><\/figure>\n\n\n\n<figure class=\"wp-block-image\"><img loading=\"lazy\" decoding=\"async\" width=\"300\" height=\"169\" src=\"https:\/\/contextoanalisisperiodistico.com\/wp-content\/uploads\/2024\/09\/img-20240930-wa01334831746639069963172-300x169.jpg\" alt=\"\" class=\"wp-image-32033\" srcset=\"https:\/\/contextoanalisisperiodistico.com\/wp-content\/uploads\/2024\/09\/img-20240930-wa01334831746639069963172-300x169.jpg 300w, https:\/\/contextoanalisisperiodistico.com\/wp-content\/uploads\/2024\/09\/img-20240930-wa01334831746639069963172-768x432.jpg 768w, https:\/\/contextoanalisisperiodistico.com\/wp-content\/uploads\/2024\/09\/img-20240930-wa01334831746639069963172.jpg 800w\" sizes=\"(max-width: 300px) 100vw, 300px\" \/><\/figure>\n\n\n\n<figure class=\"wp-block-image\"><img loading=\"lazy\" decoding=\"async\" width=\"300\" height=\"169\" src=\"https:\/\/contextoanalisisperiodistico.com\/wp-content\/uploads\/2024\/09\/img-20240930-wa01328979494381532870660-300x169.jpg\" alt=\"\" class=\"wp-image-32036\" srcset=\"https:\/\/contextoanalisisperiodistico.com\/wp-content\/uploads\/2024\/09\/img-20240930-wa01328979494381532870660-300x169.jpg 300w, https:\/\/contextoanalisisperiodistico.com\/wp-content\/uploads\/2024\/09\/img-20240930-wa01328979494381532870660-768x432.jpg 768w, https:\/\/contextoanalisisperiodistico.com\/wp-content\/uploads\/2024\/09\/img-20240930-wa01328979494381532870660.jpg 800w\" sizes=\"(max-width: 300px) 100vw, 300px\" \/><\/figure>\n\n\n\n<figure class=\"wp-block-image\"><img loading=\"lazy\" decoding=\"async\" width=\"300\" height=\"169\" src=\"https:\/\/contextoanalisisperiodistico.com\/wp-content\/uploads\/2024\/09\/img-20240930-wa01278319795224393891150-300x169.jpg\" alt=\"\" class=\"wp-image-32037\" srcset=\"https:\/\/contextoanalisisperiodistico.com\/wp-content\/uploads\/2024\/09\/img-20240930-wa01278319795224393891150-300x169.jpg 300w, https:\/\/contextoanalisisperiodistico.com\/wp-content\/uploads\/2024\/09\/img-20240930-wa01278319795224393891150-768x432.jpg 768w, https:\/\/contextoanalisisperiodistico.com\/wp-content\/uploads\/2024\/09\/img-20240930-wa01278319795224393891150.jpg 800w\" sizes=\"(max-width: 300px) 100vw, 300px\" \/><\/figure>\n\n\n\n<figure class=\"wp-block-image\"><img loading=\"lazy\" decoding=\"async\" width=\"300\" height=\"200\" src=\"https:\/\/contextoanalisisperiodistico.com\/wp-content\/uploads\/2024\/09\/img-20240930-wa0129986272366266724662-300x200.jpg\" alt=\"\" class=\"wp-image-32040\" srcset=\"https:\/\/contextoanalisisperiodistico.com\/wp-content\/uploads\/2024\/09\/img-20240930-wa0129986272366266724662-300x200.jpg 300w, https:\/\/contextoanalisisperiodistico.com\/wp-content\/uploads\/2024\/09\/img-20240930-wa0129986272366266724662-768x512.jpg 768w, https:\/\/contextoanalisisperiodistico.com\/wp-content\/uploads\/2024\/09\/img-20240930-wa0129986272366266724662.jpg 900w\" sizes=\"(max-width: 300px) 100vw, 300px\" \/><\/figure>\n\n\n\n<figure class=\"wp-block-image\"><img loading=\"lazy\" decoding=\"async\" width=\"300\" height=\"200\" src=\"https:\/\/contextoanalisisperiodistico.com\/wp-content\/uploads\/2024\/09\/img-20240930-wa01303447870879936429075-300x200.jpg\" alt=\"\" class=\"wp-image-32038\" srcset=\"https:\/\/contextoanalisisperiodistico.com\/wp-content\/uploads\/2024\/09\/img-20240930-wa01303447870879936429075-300x200.jpg 300w, https:\/\/contextoanalisisperiodistico.com\/wp-content\/uploads\/2024\/09\/img-20240930-wa01303447870879936429075-768x512.jpg 768w, https:\/\/contextoanalisisperiodistico.com\/wp-content\/uploads\/2024\/09\/img-20240930-wa01303447870879936429075.jpg 900w\" sizes=\"(max-width: 300px) 100vw, 300px\" \/><\/figure>\n\n\n\n<figure class=\"wp-block-image\"><img loading=\"lazy\" decoding=\"async\" width=\"300\" height=\"169\" src=\"https:\/\/contextoanalisisperiodistico.com\/wp-content\/uploads\/2024\/09\/img-20240930-wa01342804634557454750139-300x169.jpg\" alt=\"\" class=\"wp-image-32039\" srcset=\"https:\/\/contextoanalisisperiodistico.com\/wp-content\/uploads\/2024\/09\/img-20240930-wa01342804634557454750139-300x169.jpg 300w, https:\/\/contextoanalisisperiodistico.com\/wp-content\/uploads\/2024\/09\/img-20240930-wa01342804634557454750139-768x432.jpg 768w, https:\/\/contextoanalisisperiodistico.com\/wp-content\/uploads\/2024\/09\/img-20240930-wa01342804634557454750139.jpg 800w\" sizes=\"(max-width: 300px) 100vw, 300px\" \/><\/figure>\n\n\n\n<p>\u2022 Alicia L\u00f3pez L\u00f3pez, a pesar de su discapacidad visual, con 31 a\u00f1os de servicio fomenta una cultura de prevenci\u00f3n<\/p>\n\n\n\n<p>San Pablo Huitzo, Oax. 30 de septiembre de 2024.- Con la finalidad de generar condiciones favorables, dirigidas a la construcci\u00f3n de entornos seguros en donde las nuevas generaciones convivan con el mayor grado de bienestar posible, Servicios de Salud de Oaxaca (SSO) entreg\u00f3 el certificado y Bandera Blanca a la Escuela Primaria \u201cAquiles Serd\u00e1n\u201d de este municipio como Promotora de la Salud.<\/p>\n\n\n\n<p>El encargado de la Unidad de Salud P\u00fablica de la Direcci\u00f3n de Prevenci\u00f3n y Promoci\u00f3n de los SSO, Daniel L\u00f3pez Regalado, detall\u00f3 que este logro fue gracias a la implementaci\u00f3n de acciones para completar esquemas de vacunaci\u00f3n, alimentaci\u00f3n saludable, higiene personal, saneamiento b\u00e1sico, promoci\u00f3n de estilos de vida sana entre estudiantes y personal acad\u00e9mico.<\/p>\n\n\n\n<p>La participaci\u00f3n en esta actividad por parte del Comit\u00e9 de padres y madres de familia, personal docente y directivo, la comunidad y el Centro de Salud IMSS Bienestar, liderada por la promotora de salud, Alicia L\u00f3pez L\u00f3pez, fue fundamental para obtener este galard\u00f3n.<\/p>\n\n\n\n<p>A trav\u00e9s de un plan de acci\u00f3n y un diagn\u00f3stico de salud escolar con la detecci\u00f3n oportuna de caries, valoraci\u00f3n nutricional bas\u00e1ndose en el peso y talla de cada estudiante. Asimismo, el Comit\u00e9 de Seguridad e Higiene en coordinaci\u00f3n con el personal de salud realizaron filtros escolares sobre higiene personal.<\/p>\n\n\n\n<p>Se llevaron a cabo pl\u00e1ticas y talleres a docentes y padres de familia, por parte del Centro Comunitario de Salud Mental y Adicciones (Cecosama) de Trinidad de Viguera, as\u00ed como Protecci\u00f3n Civil del municipio de Villa de Etla.<\/p>\n\n\n\n<p>Se reforz\u00f3 la informaci\u00f3n en temas de dengue, alimentaci\u00f3n correcta, preparaci\u00f3n de comidas saludables utilizando las frutas y verduras de la regi\u00f3n, medidas preventivas para evitar infecciones respiratorias y enfermedades diarreicas, del mismo modo se certific\u00f3 al edificio como espacios 100 por ciento libres de humo de tabaco y espacio libre de larvas.<\/p>\n\n\n\n<p>Cabe destacar que, a trav\u00e9s de estas actividades, se aplic\u00f3 la C\u00e9dula signos y s\u00edntomas de alarma de c\u00e1ncer infantil, en la cual se reportaron tres casos sospechosos, de los cuales dos se confirmaron y ya se encuentran en tratamiento.<\/p>\n\n\n\n<p>Durante el evento, tambi\u00e9n se llev\u00f3 a cabo el cierre de actividades de septiembre, Mes de Concientizaci\u00f3n del C\u00e1ncer Infantil, con el fin de generar acciones que permitan identificar con oportunidad esta enfermedad que persiste como la principal causa de muerte en menores de 14 a\u00f1os, ya que un diagn\u00f3stico y tratamiento a tiempo son clave para mejorar las posibilidades de supervivencia.<\/p>\n\n\n\n<p>Alicia, con vocaci\u00f3n de servicio fomenta espacios saludables<\/p>\n\n\n\n<p>Alicia L\u00f3pez con 31 a\u00f1os trabajando en los SSO, a pesar de su discapacidad visual ocasionada por un diagn\u00f3stico de glaucoma cong\u00e9nito bilateral, no le impide acercar las acciones de salud y aportar su experiencia en el \u00e1mbito de la prevenci\u00f3n de enfermedades en las comunidades, para que las nuevas generaciones tengan una mejor calidad de vida.<\/p>\n\n\n\n<p>Como auxiliar en promoci\u00f3n a la salud, relat\u00f3, que a pesar de las dificultades que enfrent\u00f3, gracias a varios mentores m\u00e9dicos y su fortaleza de salir adelante, ense\u00f1a a las personas que desde los hogares y las escuelas se pueden evitar padecimientos, con una cultura de la prevenci\u00f3n.<\/p>\n\n\n\n<p>Finalmente, en un acto con simbolismos en apoyo a todas las ni\u00f1as y ni\u00f1os que enfrentan un diagn\u00f3stico de c\u00e1ncer infantil, con la participaci\u00f3n del estudiantado y profesores, extendieron en la plaza c\u00edvica de la escuela un lazo dorado.<\/p>\n\n\n\n<p>-0-<\/p>\n","protected":false},"excerpt":{"rendered":"<p>\u2022 La Escuela Primaria Aquiles Serd\u00e1n de San Pablo Huitzo fue certificada como Promotora de&#8230;<\/p>\n","protected":false},"author":4,"featured_media":32031,"comment_status":"","ping_status":"open","sticky":false,"template":"","format":"standard","meta":{"footnotes":""},"categories":[92],"tags":[],"jetpack_sharing_enabled":true,"featured_image_urls":{"full":["https:\/\/contextoanalisisperiodistico.com\/wp-content\/uploads\/2024\/09\/IMG-20240930-WA0125.jpg",800,563,false],"thumbnail":["https:\/\/contextoanalisisperiodistico.com\/wp-content\/uploads\/2024\/09\/IMG-20240930-WA0125-150x150.jpg",150,150,true],"medium":["https:\/\/contextoanalisisperiodistico.com\/wp-content\/uploads\/2024\/09\/IMG-20240930-WA0125-300x211.jpg",300,211,true],"medium_large":["https:\/\/contextoanalisisperiodistico.com\/wp-content\/uploads\/2024\/09\/IMG-20240930-WA0125-768x540.jpg",640,450,true],"large":["https:\/\/contextoanalisisperiodistico.com\/wp-content\/uploads\/2024\/09\/IMG-20240930-WA0125.jpg",640,450,false],"1536x1536":["https:\/\/contextoanalisisperiodistico.com\/wp-content\/uploads\/2024\/09\/IMG-20240930-WA0125.jpg",800,563,false],"2048x2048":["https:\/\/contextoanalisisperiodistico.com\/wp-content\/uploads\/2024\/09\/IMG-20240930-WA0125.jpg",800,563,false],"covernews-slider-full":["https:\/\/contextoanalisisperiodistico.com\/wp-content\/uploads\/2024\/09\/IMG-20240930-WA0125.jpg",800,563,false],"covernews-slider-center":["https:\/\/contextoanalisisperiodistico.com\/wp-content\/uploads\/2024\/09\/IMG-20240930-WA0125-800x500.jpg",800,500,true],"covernews-featured":["https:\/\/contextoanalisisperiodistico.com\/wp-content\/uploads\/2024\/09\/IMG-20240930-WA0125.jpg",800,563,false],"covernews-medium":["https:\/\/contextoanalisisperiodistico.com\/wp-content\/uploads\/2024\/09\/IMG-20240930-WA0125-540x340.jpg",540,340,true],"covernews-medium-square":["https:\/\/contextoanalisisperiodistico.com\/wp-content\/uploads\/2024\/09\/IMG-20240930-WA0125-400x250.jpg",400,250,true]},"author_info":{"display_name":"Mario Gir\u00f3n","author_link":"https:\/\/contextoanalisisperiodistico.com\/index.php\/author\/director\/"},"category_info":"<a href=\"https:\/\/contextoanalisisperiodistico.com\/index.php\/category\/salud\/\" rel=\"category tag\">Salud<\/a>","tag_info":"Salud","comment_count":"0","jetpack_featured_media_url":"https:\/\/contextoanalisisperiodistico.com\/wp-content\/uploads\/2024\/09\/IMG-20240930-WA0125.jpg","_links":{"self":[{"href":"https:\/\/contextoanalisisperiodistico.com\/index.php\/wp-json\/wp\/v2\/posts\/32041"}],"collection":[{"href":"https:\/\/contextoanalisisperiodistico.com\/index.php\/wp-json\/wp\/v2\/posts"}],"about":[{"href":"https:\/\/contextoanalisisperiodistico.com\/index.php\/wp-json\/wp\/v2\/types\/post"}],"author":[{"embeddable":true,"href":"https:\/\/contextoanalisisperiodistico.com\/index.php\/wp-json\/wp\/v2\/users\/4"}],"replies":[{"embeddable":true,"href":"https:\/\/contextoanalisisperiodistico.com\/index.php\/wp-json\/wp\/v2\/comments?post=32041"}],"version-history":[{"count":0,"href":"https:\/\/contextoanalisisperiodistico.com\/index.php\/wp-json\/wp\/v2\/posts\/32041\/revisions"}],"wp:featuredmedia":[{"embeddable":true,"href":"https:\/\/contextoanalisisperiodistico.com\/index.php\/wp-json\/wp\/v2\/media\/32031"}],"wp:attachment":[{"href":"https:\/\/contextoanalisisperiodistico.com\/index.php\/wp-json\/wp\/v2\/media?parent=32041"}],"wp:term":[{"taxonomy":"category","embeddable":true,"href":"https:\/\/contextoanalisisperiodistico.com\/index.php\/wp-json\/wp\/v2\/categories?post=32041"},{"taxonomy":"post_tag","embeddable":true,"href":"https:\/\/contextoanalisisperiodistico.com\/index.php\/wp-json\/wp\/v2\/tags?post=32041"}],"curies":[{"name":"wp","href":"https:\/\/api.w.org\/{rel}","templated":true}]}}