{"id":32016,"date":"2024-09-30T12:21:23","date_gmt":"2024-09-30T18:21:23","guid":{"rendered":"https:\/\/contextoanalisisperiodistico.com\/index.php\/2024\/09\/30\/habilitan-carril-en-carretera-local-178-juquila-rio-grande\/"},"modified":"2024-09-30T12:21:23","modified_gmt":"2024-09-30T18:21:23","slug":"habilitan-carril-en-carretera-local-178-juquila-rio-grande","status":"publish","type":"post","link":"https:\/\/contextoanalisisperiodistico.com\/index.php\/2024\/09\/30\/habilitan-carril-en-carretera-local-178-juquila-rio-grande\/","title":{"rendered":"Habilitan carril en carretera local 178 Juquila-R\u00edo Grande"},"content":{"rendered":"<div id=\"fb-root\"><\/div>\n\n<p>\u2022 La Polic\u00eda Vial Estatal inform\u00f3 que se registr\u00f3 un derrumbe a la altura del paraje El Obispo que obstruye la vialidad<\/p>\n\n\n\n<figure class=\"wp-block-image size-large\"><img fetchpriority=\"high\" decoding=\"async\" width=\"900\" height=\"675\" src=\"https:\/\/contextoanalisisperiodistico.com\/wp-content\/uploads\/2024\/09\/img-20240930-wa00565684047185959507005.jpg\" alt=\"\" class=\"wp-image-32015\" srcset=\"https:\/\/contextoanalisisperiodistico.com\/wp-content\/uploads\/2024\/09\/img-20240930-wa00565684047185959507005.jpg 900w, https:\/\/contextoanalisisperiodistico.com\/wp-content\/uploads\/2024\/09\/img-20240930-wa00565684047185959507005-300x225.jpg 300w, https:\/\/contextoanalisisperiodistico.com\/wp-content\/uploads\/2024\/09\/img-20240930-wa00565684047185959507005-768x576.jpg 768w\" sizes=\"(max-width: 900px) 100vw, 900px\" \/><\/figure>\n\n\n\n<p>Santa Catarina Juquila, Oax. 30 de septiembre de 2024.- El Consejo Estatal de Protecci\u00f3n Civil, a trav\u00e9s de la Polic\u00eda Vial Estatal inform\u00f3 que en la carretera local 178 de Santa Catarina Juquila &#8211; R\u00edo Grande, a la altura del paraje El Obispo, se encuentra funcionando un carril debido a un derrumbe que se registr\u00f3 en la zona.<\/p>\n\n\n\n<p>A la altura del kil\u00f3metro 40, se present\u00f3 ca\u00eddas de piedras, \u00e1rboles, postes y se\u00f1ales de tr\u00e1nsito, por lo que elementos de esta corporaci\u00f3n abanderaron el lugar para que la maquinaria realizara el retiro del escombro. A partir de las 9:45 horas de este lunes 30 de septiembre, se encuentra habilitado un carril para la circulaci\u00f3n.<\/p>\n\n\n\n<p>Personal de Protecci\u00f3n Civil municipal dio a conocer que esta zona es muy inestable por la tierra h\u00fameda, inform\u00e1ndoles a quienes circulan por el lugar lo hagan con precauci\u00f3n.<\/p>\n\n\n\n<p>La Polic\u00eda Vial Estatal se\u00f1al\u00f3 que se contin\u00faan con el protocolo del plan de Atenci\u00f3n Vial de Emergencia (AVE) con recorridos de inspecci\u00f3n, seguridad y vigilancia para verificar el estado f\u00edsico de las carreteras en la entidad.<\/p>\n\n\n\n<p>Mediante estas acciones se podr\u00e1 conocer los posibles percances viales, monitorear encharcamientos, afectaciones a la circulaci\u00f3n vehicular por derrumbes, el nivel de los r\u00edos y arroyos, as\u00ed como brindar auxilio a las personas conductoras que lo requieran.<\/p>\n\n\n\n<p>Lo anterior para evaluar posibles da\u00f1os por el fen\u00f3meno meteorol\u00f3gico \u201cJohn\u201d por su paso en el territorio oaxaque\u00f1o.<\/p>\n\n\n\n<p>-0-<\/p>\n","protected":false},"excerpt":{"rendered":"<p>\u2022 La Polic\u00eda Vial Estatal inform\u00f3 que se registr\u00f3 un derrumbe a la altura del&#8230;<\/p>\n","protected":false},"author":4,"featured_media":32014,"comment_status":"","ping_status":"open","sticky":false,"template":"","format":"standard","meta":{"footnotes":""},"categories":[9],"tags":[],"jetpack_sharing_enabled":true,"featured_image_urls":{"full":["https:\/\/contextoanalisisperiodistico.com\/wp-content\/uploads\/2024\/09\/IMG-20240930-WA0057.jpg",900,675,false],"thumbnail":["https:\/\/contextoanalisisperiodistico.com\/wp-content\/uploads\/2024\/09\/IMG-20240930-WA0057-150x150.jpg",150,150,true],"medium":["https:\/\/contextoanalisisperiodistico.com\/wp-content\/uploads\/2024\/09\/IMG-20240930-WA0057-300x225.jpg",300,225,true],"medium_large":["https:\/\/contextoanalisisperiodistico.com\/wp-content\/uploads\/2024\/09\/IMG-20240930-WA0057-768x576.jpg",640,480,true],"large":["https:\/\/contextoanalisisperiodistico.com\/wp-content\/uploads\/2024\/09\/IMG-20240930-WA0057.jpg",640,480,false],"1536x1536":["https:\/\/contextoanalisisperiodistico.com\/wp-content\/uploads\/2024\/09\/IMG-20240930-WA0057.jpg",900,675,false],"2048x2048":["https:\/\/contextoanalisisperiodistico.com\/wp-content\/uploads\/2024\/09\/IMG-20240930-WA0057.jpg",900,675,false],"covernews-slider-full":["https:\/\/contextoanalisisperiodistico.com\/wp-content\/uploads\/2024\/09\/IMG-20240930-WA0057.jpg",900,675,false],"covernews-slider-center":["https:\/\/contextoanalisisperiodistico.com\/wp-content\/uploads\/2024\/09\/IMG-20240930-WA0057-800x500.jpg",800,500,true],"covernews-featured":["https:\/\/contextoanalisisperiodistico.com\/wp-content\/uploads\/2024\/09\/IMG-20240930-WA0057.jpg",900,675,false],"covernews-medium":["https:\/\/contextoanalisisperiodistico.com\/wp-content\/uploads\/2024\/09\/IMG-20240930-WA0057-540x340.jpg",540,340,true],"covernews-medium-square":["https:\/\/contextoanalisisperiodistico.com\/wp-content\/uploads\/2024\/09\/IMG-20240930-WA0057-400x250.jpg",400,250,true]},"author_info":{"display_name":"Mario Gir\u00f3n","author_link":"https:\/\/contextoanalisisperiodistico.com\/index.php\/author\/director\/"},"category_info":"<a href=\"https:\/\/contextoanalisisperiodistico.com\/index.php\/category\/politica\/\" rel=\"category tag\">Pol\u00edtica<\/a>","tag_info":"Pol\u00edtica","comment_count":"0","jetpack_featured_media_url":"https:\/\/contextoanalisisperiodistico.com\/wp-content\/uploads\/2024\/09\/IMG-20240930-WA0057.jpg","_links":{"self":[{"href":"https:\/\/contextoanalisisperiodistico.com\/index.php\/wp-json\/wp\/v2\/posts\/32016"}],"collection":[{"href":"https:\/\/contextoanalisisperiodistico.com\/index.php\/wp-json\/wp\/v2\/posts"}],"about":[{"href":"https:\/\/contextoanalisisperiodistico.com\/index.php\/wp-json\/wp\/v2\/types\/post"}],"author":[{"embeddable":true,"href":"https:\/\/contextoanalisisperiodistico.com\/index.php\/wp-json\/wp\/v2\/users\/4"}],"replies":[{"embeddable":true,"href":"https:\/\/contextoanalisisperiodistico.com\/index.php\/wp-json\/wp\/v2\/comments?post=32016"}],"version-history":[{"count":0,"href":"https:\/\/contextoanalisisperiodistico.com\/index.php\/wp-json\/wp\/v2\/posts\/32016\/revisions"}],"wp:featuredmedia":[{"embeddable":true,"href":"https:\/\/contextoanalisisperiodistico.com\/index.php\/wp-json\/wp\/v2\/media\/32014"}],"wp:attachment":[{"href":"https:\/\/contextoanalisisperiodistico.com\/index.php\/wp-json\/wp\/v2\/media?parent=32016"}],"wp:term":[{"taxonomy":"category","embeddable":true,"href":"https:\/\/contextoanalisisperiodistico.com\/index.php\/wp-json\/wp\/v2\/categories?post=32016"},{"taxonomy":"post_tag","embeddable":true,"href":"https:\/\/contextoanalisisperiodistico.com\/index.php\/wp-json\/wp\/v2\/tags?post=32016"}],"curies":[{"name":"wp","href":"https:\/\/api.w.org\/{rel}","templated":true}]}}