{"id":32013,"date":"2024-09-29T17:06:53","date_gmt":"2024-09-29T23:06:53","guid":{"rendered":"https:\/\/contextoanalisisperiodistico.com\/index.php\/2024\/09\/29\/mejoran-calidad-de-vida-de-habitantes-de-la-region-del-istmo-de-tehuantepec\/"},"modified":"2024-09-29T17:06:53","modified_gmt":"2024-09-29T23:06:53","slug":"mejoran-calidad-de-vida-de-habitantes-de-la-region-del-istmo-de-tehuantepec","status":"publish","type":"post","link":"https:\/\/contextoanalisisperiodistico.com\/index.php\/2024\/09\/29\/mejoran-calidad-de-vida-de-habitantes-de-la-region-del-istmo-de-tehuantepec\/","title":{"rendered":"Mejoran calidad de vida de habitantes de la regi\u00f3n del Istmo de Tehuantepec"},"content":{"rendered":"<div id=\"fb-root\"><\/div>\n\n<p>\u2022 El Gobernador de Oaxaca y la Presidenta del Sistema Estatal DIF, encabezaron la entrega de programas alimentarios y aparatos funcionales<\/p>\n\n\n\n<figure class=\"wp-block-image size-large\"><img fetchpriority=\"high\" decoding=\"async\" width=\"800\" height=\"533\" src=\"https:\/\/contextoanalisisperiodistico.com\/wp-content\/uploads\/2024\/09\/img-20240929-wa0074412306479604296458.jpg\" alt=\"\" class=\"wp-image-32011\" srcset=\"https:\/\/contextoanalisisperiodistico.com\/wp-content\/uploads\/2024\/09\/img-20240929-wa0074412306479604296458.jpg 800w, https:\/\/contextoanalisisperiodistico.com\/wp-content\/uploads\/2024\/09\/img-20240929-wa0074412306479604296458-300x200.jpg 300w, https:\/\/contextoanalisisperiodistico.com\/wp-content\/uploads\/2024\/09\/img-20240929-wa0074412306479604296458-768x512.jpg 768w\" sizes=\"(max-width: 800px) 100vw, 800px\" \/><\/figure>\n\n\n\n<figure class=\"wp-block-image\"><img decoding=\"async\" width=\"300\" height=\"200\" src=\"https:\/\/contextoanalisisperiodistico.com\/wp-content\/uploads\/2024\/09\/img-20240929-wa00737963101124739874092-300x200.jpg\" alt=\"\" class=\"wp-image-32010\" srcset=\"https:\/\/contextoanalisisperiodistico.com\/wp-content\/uploads\/2024\/09\/img-20240929-wa00737963101124739874092-300x200.jpg 300w, https:\/\/contextoanalisisperiodistico.com\/wp-content\/uploads\/2024\/09\/img-20240929-wa00737963101124739874092-768x512.jpg 768w, https:\/\/contextoanalisisperiodistico.com\/wp-content\/uploads\/2024\/09\/img-20240929-wa00737963101124739874092.jpg 800w\" sizes=\"(max-width: 300px) 100vw, 300px\" \/><\/figure>\n\n\n\n<figure class=\"wp-block-image\"><img decoding=\"async\" width=\"300\" height=\"200\" src=\"https:\/\/contextoanalisisperiodistico.com\/wp-content\/uploads\/2024\/09\/img-20240929-wa00711725537514228079821-300x200.jpg\" alt=\"\" class=\"wp-image-32012\" srcset=\"https:\/\/contextoanalisisperiodistico.com\/wp-content\/uploads\/2024\/09\/img-20240929-wa00711725537514228079821-300x200.jpg 300w, https:\/\/contextoanalisisperiodistico.com\/wp-content\/uploads\/2024\/09\/img-20240929-wa00711725537514228079821-768x512.jpg 768w, https:\/\/contextoanalisisperiodistico.com\/wp-content\/uploads\/2024\/09\/img-20240929-wa00711725537514228079821.jpg 800w\" sizes=\"(max-width: 300px) 100vw, 300px\" \/><\/figure>\n\n\n\n<p>Santiago Niltepec, Oax. 29 de septiembre de 2024.- En su gira por la regi\u00f3n Istmo de Tehuantepec, el Gobernador Salom\u00f3n Jara Cruz y la Presidenta Honoraria del Sistema Estatal para el Desarrollo Integral de la Familia (DIF) Oaxaca, Irma Bola\u00f1os Quijano, realizaron la entrega de programas a Grupos Prioritarios en el municipio de Santiago Niltepec.<\/p>\n\n\n\n<p>Ante la directora general del Sistema Nacional DIF (SNDIF) Nuria Fern\u00e1ndez Espresate, la Presidenta del Organismo Estatal destac\u00f3 que esta acci\u00f3n es el resultado de un trabajo en conjunto por los tres niveles de gobierno y el personal que atiende de manera directa las solicitudes de la poblaci\u00f3n.<\/p>\n\n\n\n<p>\u201cEstamos muy contentos por la visita de la directora general del Sistema Nacional DIF, y por esta entrega de dotaciones y aparatos con los que avanzamos en la atenci\u00f3n de ni\u00f1as, ni\u00f1os, personas mayores y grupos prioritarios\u201d, expres\u00f3 Bola\u00f1os Quijano.<\/p>\n\n\n\n<p>La entrega corresponde a los programas alimentarios Desayuno de Letritas y Guisos de Mi Pueblo a favor de mil 161 personas. Tambi\u00e9n, al equipamiento de Cocinas y Comedores Populares en beneficio de 13 municipios de esta demarcaci\u00f3n.<\/p>\n\n\n\n<p>Como parte de la estrategia Nutrir con Amor, se otorg\u00f3 material de orientaci\u00f3n alimentaria a 126 comit\u00e9s de siete municipalidades.<\/p>\n\n\n\n<p>Asimismo, la Administraci\u00f3n del Patrimonio de la Beneficencia P\u00fablica de Oaxaca (APBPO) don\u00f3 sillas de ruedas, aparatos funcionales, bastones, andaderas, entre otros, para mejorar la calidad de vida de las y los habitantes de esta regi\u00f3n.<\/p>\n\n\n\n<p>-0-<\/p>\n","protected":false},"excerpt":{"rendered":"<p>\u2022 El Gobernador de Oaxaca y la Presidenta del Sistema Estatal DIF, encabezaron la entrega&#8230;<\/p>\n","protected":false},"author":4,"featured_media":32009,"comment_status":"","ping_status":"open","sticky":false,"template":"","format":"standard","meta":{"footnotes":""},"categories":[9],"tags":[],"jetpack_sharing_enabled":true,"featured_image_urls":{"full":["https:\/\/contextoanalisisperiodistico.com\/wp-content\/uploads\/2024\/09\/IMG-20240929-WA0072.jpg",800,533,false],"thumbnail":["https:\/\/contextoanalisisperiodistico.com\/wp-content\/uploads\/2024\/09\/IMG-20240929-WA0072-150x150.jpg",150,150,true],"medium":["https:\/\/contextoanalisisperiodistico.com\/wp-content\/uploads\/2024\/09\/IMG-20240929-WA0072-300x200.jpg",300,200,true],"medium_large":["https:\/\/contextoanalisisperiodistico.com\/wp-content\/uploads\/2024\/09\/IMG-20240929-WA0072-768x512.jpg",640,427,true],"large":["https:\/\/contextoanalisisperiodistico.com\/wp-content\/uploads\/2024\/09\/IMG-20240929-WA0072.jpg",640,426,false],"1536x1536":["https:\/\/contextoanalisisperiodistico.com\/wp-content\/uploads\/2024\/09\/IMG-20240929-WA0072.jpg",800,533,false],"2048x2048":["https:\/\/contextoanalisisperiodistico.com\/wp-content\/uploads\/2024\/09\/IMG-20240929-WA0072.jpg",800,533,false],"covernews-slider-full":["https:\/\/contextoanalisisperiodistico.com\/wp-content\/uploads\/2024\/09\/IMG-20240929-WA0072.jpg",800,533,false],"covernews-slider-center":["https:\/\/contextoanalisisperiodistico.com\/wp-content\/uploads\/2024\/09\/IMG-20240929-WA0072-800x500.jpg",800,500,true],"covernews-featured":["https:\/\/contextoanalisisperiodistico.com\/wp-content\/uploads\/2024\/09\/IMG-20240929-WA0072.jpg",800,533,false],"covernews-medium":["https:\/\/contextoanalisisperiodistico.com\/wp-content\/uploads\/2024\/09\/IMG-20240929-WA0072-540x340.jpg",540,340,true],"covernews-medium-square":["https:\/\/contextoanalisisperiodistico.com\/wp-content\/uploads\/2024\/09\/IMG-20240929-WA0072-400x250.jpg",400,250,true]},"author_info":{"display_name":"Mario Gir\u00f3n","author_link":"https:\/\/contextoanalisisperiodistico.com\/index.php\/author\/director\/"},"category_info":"<a href=\"https:\/\/contextoanalisisperiodistico.com\/index.php\/category\/politica\/\" rel=\"category tag\">Pol\u00edtica<\/a>","tag_info":"Pol\u00edtica","comment_count":"0","jetpack_featured_media_url":"https:\/\/contextoanalisisperiodistico.com\/wp-content\/uploads\/2024\/09\/IMG-20240929-WA0072.jpg","_links":{"self":[{"href":"https:\/\/contextoanalisisperiodistico.com\/index.php\/wp-json\/wp\/v2\/posts\/32013"}],"collection":[{"href":"https:\/\/contextoanalisisperiodistico.com\/index.php\/wp-json\/wp\/v2\/posts"}],"about":[{"href":"https:\/\/contextoanalisisperiodistico.com\/index.php\/wp-json\/wp\/v2\/types\/post"}],"author":[{"embeddable":true,"href":"https:\/\/contextoanalisisperiodistico.com\/index.php\/wp-json\/wp\/v2\/users\/4"}],"replies":[{"embeddable":true,"href":"https:\/\/contextoanalisisperiodistico.com\/index.php\/wp-json\/wp\/v2\/comments?post=32013"}],"version-history":[{"count":0,"href":"https:\/\/contextoanalisisperiodistico.com\/index.php\/wp-json\/wp\/v2\/posts\/32013\/revisions"}],"wp:featuredmedia":[{"embeddable":true,"href":"https:\/\/contextoanalisisperiodistico.com\/index.php\/wp-json\/wp\/v2\/media\/32009"}],"wp:attachment":[{"href":"https:\/\/contextoanalisisperiodistico.com\/index.php\/wp-json\/wp\/v2\/media?parent=32013"}],"wp:term":[{"taxonomy":"category","embeddable":true,"href":"https:\/\/contextoanalisisperiodistico.com\/index.php\/wp-json\/wp\/v2\/categories?post=32013"},{"taxonomy":"post_tag","embeddable":true,"href":"https:\/\/contextoanalisisperiodistico.com\/index.php\/wp-json\/wp\/v2\/tags?post=32013"}],"curies":[{"name":"wp","href":"https:\/\/api.w.org\/{rel}","templated":true}]}}