{"id":32003,"date":"2024-09-28T19:39:24","date_gmt":"2024-09-29T01:39:24","guid":{"rendered":"https:\/\/contextoanalisisperiodistico.com\/index.php\/2024\/09\/28\/continua-la-respuesta-en-salud-ante-danos-por-john\/"},"modified":"2024-09-28T19:39:24","modified_gmt":"2024-09-29T01:39:24","slug":"continua-la-respuesta-en-salud-ante-danos-por-john","status":"publish","type":"post","link":"https:\/\/contextoanalisisperiodistico.com\/index.php\/2024\/09\/28\/continua-la-respuesta-en-salud-ante-danos-por-john\/","title":{"rendered":"Contin\u00faa la respuesta en salud ante da\u00f1os por \u00abJohn\u00bb"},"content":{"rendered":"<div id=\"fb-root\"><\/div>\n\n<p>\u2022 Personas brigadistas especializadas en emergencias sanitarias brindan atenci\u00f3n m\u00e9dica, identificaci\u00f3n de riesgos sanitarios y b\u00fasqueda intencionada de enfermedades transmisibles<\/p>\n\n\n\n<figure class=\"wp-block-image size-large\"><img fetchpriority=\"high\" decoding=\"async\" width=\"1024\" height=\"768\" src=\"https:\/\/contextoanalisisperiodistico.com\/wp-content\/uploads\/2024\/09\/img-20240928-wa0088281915138904370678-1024x768.jpg\" alt=\"\" class=\"wp-image-32002\" srcset=\"https:\/\/contextoanalisisperiodistico.com\/wp-content\/uploads\/2024\/09\/img-20240928-wa0088281915138904370678-1024x768.jpg 1024w, https:\/\/contextoanalisisperiodistico.com\/wp-content\/uploads\/2024\/09\/img-20240928-wa0088281915138904370678-300x225.jpg 300w, https:\/\/contextoanalisisperiodistico.com\/wp-content\/uploads\/2024\/09\/img-20240928-wa0088281915138904370678-768x576.jpg 768w, https:\/\/contextoanalisisperiodistico.com\/wp-content\/uploads\/2024\/09\/img-20240928-wa0088281915138904370678-1536x1152.jpg 1536w, https:\/\/contextoanalisisperiodistico.com\/wp-content\/uploads\/2024\/09\/img-20240928-wa0088281915138904370678.jpg 1600w\" sizes=\"(max-width: 1024px) 100vw, 1024px\" \/><\/figure>\n\n\n\n<figure class=\"wp-block-image\"><img decoding=\"async\" width=\"1024\" height=\"576\" src=\"https:\/\/contextoanalisisperiodistico.com\/wp-content\/uploads\/2024\/09\/img-20240928-wa00895101057936932702467-1024x576.jpg\" alt=\"\" class=\"wp-image-32000\" srcset=\"https:\/\/contextoanalisisperiodistico.com\/wp-content\/uploads\/2024\/09\/img-20240928-wa00895101057936932702467-1024x576.jpg 1024w, https:\/\/contextoanalisisperiodistico.com\/wp-content\/uploads\/2024\/09\/img-20240928-wa00895101057936932702467-300x169.jpg 300w, https:\/\/contextoanalisisperiodistico.com\/wp-content\/uploads\/2024\/09\/img-20240928-wa00895101057936932702467-768x432.jpg 768w, https:\/\/contextoanalisisperiodistico.com\/wp-content\/uploads\/2024\/09\/img-20240928-wa00895101057936932702467.jpg 1280w\" sizes=\"(max-width: 1024px) 100vw, 1024px\" \/><\/figure>\n\n\n\n<figure class=\"wp-block-image\"><img decoding=\"async\" width=\"1024\" height=\"576\" src=\"https:\/\/contextoanalisisperiodistico.com\/wp-content\/uploads\/2024\/09\/img-20240928-wa00865545392070141970692-1024x576.jpg\" alt=\"\" class=\"wp-image-32001\" srcset=\"https:\/\/contextoanalisisperiodistico.com\/wp-content\/uploads\/2024\/09\/img-20240928-wa00865545392070141970692-1024x576.jpg 1024w, https:\/\/contextoanalisisperiodistico.com\/wp-content\/uploads\/2024\/09\/img-20240928-wa00865545392070141970692-300x169.jpg 300w, https:\/\/contextoanalisisperiodistico.com\/wp-content\/uploads\/2024\/09\/img-20240928-wa00865545392070141970692-768x432.jpg 768w, https:\/\/contextoanalisisperiodistico.com\/wp-content\/uploads\/2024\/09\/img-20240928-wa00865545392070141970692-1536x864.jpg 1536w, https:\/\/contextoanalisisperiodistico.com\/wp-content\/uploads\/2024\/09\/img-20240928-wa00865545392070141970692.jpg 1599w\" sizes=\"(max-width: 1024px) 100vw, 1024px\" \/><\/figure>\n\n\n\n<p>Oaxaca de Ju\u00e1rez, Oax. 28 de septiembre de 2024.- En un esfuerzo conjunto para incrementar las acciones de respuesta y fortalecer los esfuerzos en la recuperaci\u00f3n de los da\u00f1os tras el paso de hurac\u00e1n \u00abJohn\u00bb, el Consejo Estatal de Protecci\u00f3n Civil a trav\u00e9s de Servicios de Salud de Oaxaca (SSO) realizan acciones de promoci\u00f3n de la salud, vigilancia epidemiol\u00f3gica y atenci\u00f3n m\u00e9dica en la regi\u00f3n de la Costa.<\/p>\n\n\n\n<p>De ah\u00ed que, las brigadas de la Unidad de Inteligencia para Emergencias en Salud (UIES), han desplegado estrategias sanitarias en las localidades de Cruz de Itacu\u00e1n y Collantes de Santiago Pinotepa Nacional, as\u00ed como en el Paso del Jiote y El Potrero de Santa Mar\u00eda Huazolotitl\u00e1n.<\/p>\n\n\n\n<p>Donde se otorga atenci\u00f3n m\u00e9dica, identificaci\u00f3n de riesgos sanitarios y b\u00fasqueda intencionada de enfermedades transmisibles, as\u00ed como acciones preventivas, trabajando en coordinaci\u00f3n con el equipo zonal de supervisi\u00f3n de la Ruta Pinotepa.<\/p>\n\n\n\n<p>Las personas brigadistas especializadas en atenci\u00f3n a emergencias sanitarias, brindan pl\u00e1ticas informativas sobre signos y s\u00edntomas de enfermedades transmitidas por vectores, diarreas, infecciones respiratorias, neumon\u00edas, influenza, hepatitis, COVID-19, lavado de manos y cloraci\u00f3n del agua.<\/p>\n\n\n\n<p>Aunado a ello, han otorgado talleres comunitarios para el manejo y recolecci\u00f3n de desechos en las zonas afectadas, con el objetivo de eliminar focos de infecci\u00f3n y fauna nociva, se contin\u00faa con la distribuci\u00f3n de frascos de plata coloidal, sobres de Vida Suero Oral e hipoclorito de calcio para la cloraci\u00f3n de agua.<\/p>\n\n\n\n<p>En tanto, el personal de vectores de la Jurisdicci\u00f3n Sanitaria 4 Costa llevan a cabo el operativo de acciones de termonebulizaci\u00f3n para combatir la proliferaci\u00f3n del zancudo transmisor del dengue, zika y chikungunya en el albergue que se activ\u00f3 en la localidad de Collantes en el municipio de Santiago Pinotepa Nacional.<\/p>\n\n\n\n<p>En esta misma localidad, el personal verificador efectu\u00f3 una capacitaci\u00f3n y supervisi\u00f3n en la Cocina Comunitaria, para garantizar que los alimentos preparados y conservados no representen da\u00f1os a la salud de las personas damnificadas por el fen\u00f3meno climatol\u00f3gico.<\/p>\n\n\n\n<p>Las acciones, tambi\u00e9n incluyen en 10 localidades trabajadas de Santiago Pinotepa Nacional, San Pedro Pochutla, Santa Cruz Huatulco y Cruz de Itacu\u00e1n, pl\u00e1ticas de manejo higi\u00e9nico de alimentos a la poblaci\u00f3n en general y 55 determinaciones de cloro residual libre, las cuales se encontraron dentro de la norma en la red de abastecimiento de agua.<\/p>\n\n\n\n<p>-0-<\/p>\n","protected":false},"excerpt":{"rendered":"<p>\u2022 Personas brigadistas especializadas en emergencias sanitarias brindan atenci\u00f3n m\u00e9dica, identificaci\u00f3n de riesgos sanitarios y&#8230;<\/p>\n","protected":false},"author":4,"featured_media":31999,"comment_status":"","ping_status":"open","sticky":false,"template":"","format":"standard","meta":{"footnotes":""},"categories":[92],"tags":[],"jetpack_sharing_enabled":true,"featured_image_urls":{"full":["https:\/\/contextoanalisisperiodistico.com\/wp-content\/uploads\/2024\/09\/IMG-20240928-WA0087.jpg",1600,1200,false],"thumbnail":["https:\/\/contextoanalisisperiodistico.com\/wp-content\/uploads\/2024\/09\/IMG-20240928-WA0087-150x150.jpg",150,150,true],"medium":["https:\/\/contextoanalisisperiodistico.com\/wp-content\/uploads\/2024\/09\/IMG-20240928-WA0087-300x225.jpg",300,225,true],"medium_large":["https:\/\/contextoanalisisperiodistico.com\/wp-content\/uploads\/2024\/09\/IMG-20240928-WA0087-768x576.jpg",640,480,true],"large":["https:\/\/contextoanalisisperiodistico.com\/wp-content\/uploads\/2024\/09\/IMG-20240928-WA0087-1024x768.jpg",640,480,true],"1536x1536":["https:\/\/contextoanalisisperiodistico.com\/wp-content\/uploads\/2024\/09\/IMG-20240928-WA0087-1536x1152.jpg",1536,1152,true],"2048x2048":["https:\/\/contextoanalisisperiodistico.com\/wp-content\/uploads\/2024\/09\/IMG-20240928-WA0087.jpg",1600,1200,false],"covernews-slider-full":["https:\/\/contextoanalisisperiodistico.com\/wp-content\/uploads\/2024\/09\/IMG-20240928-WA0087-1115x715.jpg",1115,715,true],"covernews-slider-center":["https:\/\/contextoanalisisperiodistico.com\/wp-content\/uploads\/2024\/09\/IMG-20240928-WA0087-800x500.jpg",800,500,true],"covernews-featured":["https:\/\/contextoanalisisperiodistico.com\/wp-content\/uploads\/2024\/09\/IMG-20240928-WA0087-1024x768.jpg",1024,768,true],"covernews-medium":["https:\/\/contextoanalisisperiodistico.com\/wp-content\/uploads\/2024\/09\/IMG-20240928-WA0087-540x340.jpg",540,340,true],"covernews-medium-square":["https:\/\/contextoanalisisperiodistico.com\/wp-content\/uploads\/2024\/09\/IMG-20240928-WA0087-400x250.jpg",400,250,true]},"author_info":{"display_name":"Mario Gir\u00f3n","author_link":"https:\/\/contextoanalisisperiodistico.com\/index.php\/author\/director\/"},"category_info":"<a href=\"https:\/\/contextoanalisisperiodistico.com\/index.php\/category\/salud\/\" rel=\"category tag\">Salud<\/a>","tag_info":"Salud","comment_count":"0","jetpack_featured_media_url":"https:\/\/contextoanalisisperiodistico.com\/wp-content\/uploads\/2024\/09\/IMG-20240928-WA0087.jpg","_links":{"self":[{"href":"https:\/\/contextoanalisisperiodistico.com\/index.php\/wp-json\/wp\/v2\/posts\/32003"}],"collection":[{"href":"https:\/\/contextoanalisisperiodistico.com\/index.php\/wp-json\/wp\/v2\/posts"}],"about":[{"href":"https:\/\/contextoanalisisperiodistico.com\/index.php\/wp-json\/wp\/v2\/types\/post"}],"author":[{"embeddable":true,"href":"https:\/\/contextoanalisisperiodistico.com\/index.php\/wp-json\/wp\/v2\/users\/4"}],"replies":[{"embeddable":true,"href":"https:\/\/contextoanalisisperiodistico.com\/index.php\/wp-json\/wp\/v2\/comments?post=32003"}],"version-history":[{"count":0,"href":"https:\/\/contextoanalisisperiodistico.com\/index.php\/wp-json\/wp\/v2\/posts\/32003\/revisions"}],"wp:featuredmedia":[{"embeddable":true,"href":"https:\/\/contextoanalisisperiodistico.com\/index.php\/wp-json\/wp\/v2\/media\/31999"}],"wp:attachment":[{"href":"https:\/\/contextoanalisisperiodistico.com\/index.php\/wp-json\/wp\/v2\/media?parent=32003"}],"wp:term":[{"taxonomy":"category","embeddable":true,"href":"https:\/\/contextoanalisisperiodistico.com\/index.php\/wp-json\/wp\/v2\/categories?post=32003"},{"taxonomy":"post_tag","embeddable":true,"href":"https:\/\/contextoanalisisperiodistico.com\/index.php\/wp-json\/wp\/v2\/tags?post=32003"}],"curies":[{"name":"wp","href":"https:\/\/api.w.org\/{rel}","templated":true}]}}