{"id":31998,"date":"2024-09-28T19:34:51","date_gmt":"2024-09-29T01:34:51","guid":{"rendered":"https:\/\/contextoanalisisperiodistico.com\/index.php\/2024\/09\/28\/agradece-santa-maria-chicometepec-atencion-de-salomon-jara-tras-paso-de-huracan-john\/"},"modified":"2024-09-28T19:34:51","modified_gmt":"2024-09-29T01:34:51","slug":"agradece-santa-maria-chicometepec-atencion-de-salomon-jara-tras-paso-de-huracan-john","status":"publish","type":"post","link":"https:\/\/contextoanalisisperiodistico.com\/index.php\/2024\/09\/28\/agradece-santa-maria-chicometepec-atencion-de-salomon-jara-tras-paso-de-huracan-john\/","title":{"rendered":"Agradece Santa Mar\u00eda Chicometepec atenci\u00f3n de Salom\u00f3n Jara tras paso de hurac\u00e1n \u201cJohn\u201d"},"content":{"rendered":"<div id=\"fb-root\"><\/div>\n\n<p>\u2022 \u201cHemos enfrentado huracanes como Paulina y Rick y ning\u00fan Gobernador nos visit\u00f3\u201d, aseguran habitantes<\/p>\n\n\n\n<figure class=\"wp-block-image size-large\"><img fetchpriority=\"high\" decoding=\"async\" width=\"1024\" height=\"682\" src=\"https:\/\/contextoanalisisperiodistico.com\/wp-content\/uploads\/2024\/09\/img-20240928-wa01104805314126120555136-1024x682.jpg\" alt=\"\" class=\"wp-image-31990\" srcset=\"https:\/\/contextoanalisisperiodistico.com\/wp-content\/uploads\/2024\/09\/img-20240928-wa01104805314126120555136-1024x682.jpg 1024w, https:\/\/contextoanalisisperiodistico.com\/wp-content\/uploads\/2024\/09\/img-20240928-wa01104805314126120555136-300x200.jpg 300w, https:\/\/contextoanalisisperiodistico.com\/wp-content\/uploads\/2024\/09\/img-20240928-wa01104805314126120555136-768x512.jpg 768w, https:\/\/contextoanalisisperiodistico.com\/wp-content\/uploads\/2024\/09\/img-20240928-wa01104805314126120555136.jpg 1196w\" sizes=\"(max-width: 1024px) 100vw, 1024px\" \/><\/figure>\n\n\n\n<figure class=\"wp-block-image\"><img decoding=\"async\" width=\"1024\" height=\"682\" src=\"https:\/\/contextoanalisisperiodistico.com\/wp-content\/uploads\/2024\/09\/img-20240928-wa01117835339005731567625-1024x682.jpg\" alt=\"\" class=\"wp-image-31991\" srcset=\"https:\/\/contextoanalisisperiodistico.com\/wp-content\/uploads\/2024\/09\/img-20240928-wa01117835339005731567625-1024x682.jpg 1024w, https:\/\/contextoanalisisperiodistico.com\/wp-content\/uploads\/2024\/09\/img-20240928-wa01117835339005731567625-300x200.jpg 300w, https:\/\/contextoanalisisperiodistico.com\/wp-content\/uploads\/2024\/09\/img-20240928-wa01117835339005731567625-768x512.jpg 768w, https:\/\/contextoanalisisperiodistico.com\/wp-content\/uploads\/2024\/09\/img-20240928-wa01117835339005731567625.jpg 1280w\" sizes=\"(max-width: 1024px) 100vw, 1024px\" \/><\/figure>\n\n\n\n<figure class=\"wp-block-image\"><img decoding=\"async\" width=\"1024\" height=\"682\" src=\"https:\/\/contextoanalisisperiodistico.com\/wp-content\/uploads\/2024\/09\/img-20240928-wa01046592620314599257973-1024x682.jpg\" alt=\"\" class=\"wp-image-31992\" srcset=\"https:\/\/contextoanalisisperiodistico.com\/wp-content\/uploads\/2024\/09\/img-20240928-wa01046592620314599257973-1024x682.jpg 1024w, https:\/\/contextoanalisisperiodistico.com\/wp-content\/uploads\/2024\/09\/img-20240928-wa01046592620314599257973-300x200.jpg 300w, https:\/\/contextoanalisisperiodistico.com\/wp-content\/uploads\/2024\/09\/img-20240928-wa01046592620314599257973-768x512.jpg 768w, https:\/\/contextoanalisisperiodistico.com\/wp-content\/uploads\/2024\/09\/img-20240928-wa01046592620314599257973.jpg 1280w\" sizes=\"(max-width: 1024px) 100vw, 1024px\" \/><\/figure>\n\n\n\n<figure class=\"wp-block-image\"><img loading=\"lazy\" decoding=\"async\" width=\"1024\" height=\"682\" src=\"https:\/\/contextoanalisisperiodistico.com\/wp-content\/uploads\/2024\/09\/img-20240928-wa01077072673537966392309-1024x682.jpg\" alt=\"\" class=\"wp-image-31994\" srcset=\"https:\/\/contextoanalisisperiodistico.com\/wp-content\/uploads\/2024\/09\/img-20240928-wa01077072673537966392309-1024x682.jpg 1024w, https:\/\/contextoanalisisperiodistico.com\/wp-content\/uploads\/2024\/09\/img-20240928-wa01077072673537966392309-300x200.jpg 300w, https:\/\/contextoanalisisperiodistico.com\/wp-content\/uploads\/2024\/09\/img-20240928-wa01077072673537966392309-768x512.jpg 768w, https:\/\/contextoanalisisperiodistico.com\/wp-content\/uploads\/2024\/09\/img-20240928-wa01077072673537966392309.jpg 1280w\" sizes=\"(max-width: 1024px) 100vw, 1024px\" \/><\/figure>\n\n\n\n<figure class=\"wp-block-image\"><img loading=\"lazy\" decoding=\"async\" width=\"1024\" height=\"682\" src=\"https:\/\/contextoanalisisperiodistico.com\/wp-content\/uploads\/2024\/09\/img-20240928-wa01053395522364856535778-1024x682.jpg\" alt=\"\" class=\"wp-image-31993\" srcset=\"https:\/\/contextoanalisisperiodistico.com\/wp-content\/uploads\/2024\/09\/img-20240928-wa01053395522364856535778-1024x682.jpg 1024w, https:\/\/contextoanalisisperiodistico.com\/wp-content\/uploads\/2024\/09\/img-20240928-wa01053395522364856535778-300x200.jpg 300w, https:\/\/contextoanalisisperiodistico.com\/wp-content\/uploads\/2024\/09\/img-20240928-wa01053395522364856535778-768x512.jpg 768w, https:\/\/contextoanalisisperiodistico.com\/wp-content\/uploads\/2024\/09\/img-20240928-wa01053395522364856535778.jpg 1280w\" sizes=\"(max-width: 1024px) 100vw, 1024px\" \/><\/figure>\n\n\n\n<figure class=\"wp-block-image\"><img loading=\"lazy\" decoding=\"async\" width=\"1024\" height=\"682\" src=\"https:\/\/contextoanalisisperiodistico.com\/wp-content\/uploads\/2024\/09\/img-20240928-wa01063709717418750092136-1024x682.jpg\" alt=\"\" class=\"wp-image-31995\" srcset=\"https:\/\/contextoanalisisperiodistico.com\/wp-content\/uploads\/2024\/09\/img-20240928-wa01063709717418750092136-1024x682.jpg 1024w, https:\/\/contextoanalisisperiodistico.com\/wp-content\/uploads\/2024\/09\/img-20240928-wa01063709717418750092136-300x200.jpg 300w, https:\/\/contextoanalisisperiodistico.com\/wp-content\/uploads\/2024\/09\/img-20240928-wa01063709717418750092136-768x512.jpg 768w, https:\/\/contextoanalisisperiodistico.com\/wp-content\/uploads\/2024\/09\/img-20240928-wa01063709717418750092136.jpg 1280w\" sizes=\"(max-width: 1024px) 100vw, 1024px\" \/><\/figure>\n\n\n\n<figure class=\"wp-block-image\"><img loading=\"lazy\" decoding=\"async\" width=\"1024\" height=\"682\" src=\"https:\/\/contextoanalisisperiodistico.com\/wp-content\/uploads\/2024\/09\/img-20240928-wa01021121243320052619054-1024x682.jpg\" alt=\"\" class=\"wp-image-31996\" srcset=\"https:\/\/contextoanalisisperiodistico.com\/wp-content\/uploads\/2024\/09\/img-20240928-wa01021121243320052619054-1024x682.jpg 1024w, https:\/\/contextoanalisisperiodistico.com\/wp-content\/uploads\/2024\/09\/img-20240928-wa01021121243320052619054-300x200.jpg 300w, https:\/\/contextoanalisisperiodistico.com\/wp-content\/uploads\/2024\/09\/img-20240928-wa01021121243320052619054-768x512.jpg 768w, https:\/\/contextoanalisisperiodistico.com\/wp-content\/uploads\/2024\/09\/img-20240928-wa01021121243320052619054.jpg 1280w\" sizes=\"(max-width: 1024px) 100vw, 1024px\" \/><\/figure>\n\n\n\n<figure class=\"wp-block-image\"><img loading=\"lazy\" decoding=\"async\" width=\"1024\" height=\"682\" src=\"https:\/\/contextoanalisisperiodistico.com\/wp-content\/uploads\/2024\/09\/img-20240928-wa01088228693172636979715-1024x682.jpg\" alt=\"\" class=\"wp-image-31997\" srcset=\"https:\/\/contextoanalisisperiodistico.com\/wp-content\/uploads\/2024\/09\/img-20240928-wa01088228693172636979715-1024x682.jpg 1024w, https:\/\/contextoanalisisperiodistico.com\/wp-content\/uploads\/2024\/09\/img-20240928-wa01088228693172636979715-300x200.jpg 300w, https:\/\/contextoanalisisperiodistico.com\/wp-content\/uploads\/2024\/09\/img-20240928-wa01088228693172636979715-768x512.jpg 768w, https:\/\/contextoanalisisperiodistico.com\/wp-content\/uploads\/2024\/09\/img-20240928-wa01088228693172636979715.jpg 1280w\" sizes=\"(max-width: 1024px) 100vw, 1024px\" \/><\/figure>\n\n\n\n<p>\u2022 Atiende Salom\u00f3n Jara demanda de construcci\u00f3n de bordo para evitar inundaciones<\/p>\n\n\n\n<p>Santa Mar\u00eda Huazolotitl\u00e1n Oax. 28 de septiembre de 2024.- \u201c\u00a1Gracias Gobernador, huracanes han pasado por esta agencia municipal de Santa Mar\u00eda Chicometepec y nunca, ning\u00fan gobernante hab\u00eda venido a ayudarnos!\u201d, expresaron pobladores de esta comunidad perteneciente al municipio de Santa Mar\u00eda Huazolotitl\u00e1n que se vio afectada por el paso del hurac\u00e1n \u201cJohn\u201d.<\/p>\n\n\n\n<p>Y es que, de acuerdo con relatos de las personas adultas mayores, esta peque\u00f1a comunidad de m\u00e1s de 500 familias, en su mayor\u00eda afrodescendientes, ha enfrentado los embates de la naturaleza como los meteoros \u201cPaulina\u201d y \u201cRick\u201d en 1997, y ahora \u201cJohn\u201d, que dej\u00f3 inundaciones, afectaciones a vivienda y el campo.<\/p>\n\n\n\n<p>Mujeres, ni\u00f1as, ni\u00f1os, personas adultas mayores y hombres se congregaron en la explanada de la agencia para dialogar de frente con el Mandatario oaxaque\u00f1o y escuchar las acciones que el Gobierno de la Primavera Oaxaque\u00f1a pondr\u00e1 en marcha.<\/p>\n\n\n\n<p>La ciudadan\u00eda coincidi\u00f3 que la obra m\u00e1s importante que hace falta en la comunidad es la construcci\u00f3n de un bordo que contenga la crecida del r\u00edo La Arena, el cual en temporada de lluvias se desborda causando inundaciones.<\/p>\n\n\n\n<p>Todo el apoyo para Santa Mar\u00eda Chicometepec: Jara Cruz<\/p>\n\n\n\n<p>En respuesta a las demandas planteadas el Gobernador de Oaxaca fue enf\u00e1tico al asegurar: \u201cNo los vamos a abandonar, estar\u00e9 pendiente de que la ayuda llegue, los vamos a ayudar\u201d.<\/p>\n\n\n\n<p>Junto a la presidenta municipal de Santa Mar\u00eda Huazolotitl\u00e1n Vilma Senorina Reyes Mart\u00ednez, el Mandatario oaxaque\u00f1o anunci\u00f3 que al ser el bordo la demanda m\u00e1s sentida, pues de contar con esta obra se evitar\u00e1n problemas m\u00e1s graves, se elaborar\u00e1 un proyecto integral para que todas las comunidades ubicadas a lo largo del afluente del r\u00edo La Arena se beneficien.<\/p>\n\n\n\n<p>\u201cLo mas urgente es el bordo, es la parte m\u00e1s sensible que tiene la localidad y por ello la Secretar\u00eda de las Infraestructuras y Comunicaciones har\u00e1 un estudio para evitar inundaciones y este tipo de problemas; por ello, pasando la contingencia habr\u00e1 una reuni\u00f3n con las agencias por donde cruza el r\u00edo La Arena para definir las acciones a seguir con la nueva administraci\u00f3n federal\u201d, expres\u00f3.<\/p>\n\n\n\n<p>Adelant\u00f3 que en un plazo no mayor a 15 d\u00edas se llevar\u00e1 a cabo una reuni\u00f3n con las autoridades municipales para definir el plan de acci\u00f3n que solucione el problema que genera el r\u00edo en temporada de lluvia.<\/p>\n\n\n\n<p>En materia de salud, el Gobernante gir\u00f3 instrucciones a los Servicios de Salud de Oaxaca (SSO) para que a trav\u00e9s de las brigadas se impulsen acciones de fumigaci\u00f3n y evitar la proliferaci\u00f3n del mosquito transmisor del dengue.<\/p>\n\n\n\n<p>Mientras que Vivienda Bienestar (Vibien) elaborar\u00e1 un censo para registrar los da\u00f1os ocasionados por el hurac\u00e1n \u201cJohn\u201d a los hogares.<\/p>\n\n\n\n<p>De igual forma coment\u00f3 que mediante el Sistema Estatal para el Desarrollo Integral de la Familia (DIF) Oaxaca se apoyar\u00e1 con v\u00edveres a habitantes de Santa Mar\u00eda Chicometepec.<\/p>\n\n\n\n<p>Con relaci\u00f3n a los da\u00f1os agr\u00edcolas, Jara Cruz expuso que se presentar\u00e1n brigadas para hacer tambi\u00e9n un censo agropecuario y apoyar a las y los campesinos.<\/p>\n\n\n\n<p>\u201cVendr\u00e1 una brigada para verificar las parcelas, pero se debe esperar a que disminuya el nivel del agua, y una vez que se tenga el censo se apoyar\u00e1 a los labriegos para la siembra de ma\u00edz y aprovechar el ciclo oto\u00f1o- invierno\u201d.<\/p>\n\n\n\n<p>\u201cHoy venimos sobre todo a apoyar a quienes fueron afectados por el meteoro \u201cJohn\u201d, porque el Gobierno de la Primavera Oaxaque\u00f1a no los abandonar\u00e1\u201d, concluy\u00f3.<\/p>\n\n\n\n<p>Al t\u00e9rmino de la visita, el Gobernador de Oaxaca visit\u00f3 la agencia municipal de Jos\u00e9 Mar\u00eda Morelos.<\/p>\n\n\n\n<p>-0-<\/p>\n","protected":false},"excerpt":{"rendered":"<p>\u2022 \u201cHemos enfrentado huracanes como Paulina y Rick y ning\u00fan Gobernador nos visit\u00f3\u201d, aseguran habitantes&#8230;<\/p>\n","protected":false},"author":4,"featured_media":31989,"comment_status":"","ping_status":"open","sticky":false,"template":"","format":"standard","meta":{"footnotes":""},"categories":[9],"tags":[],"jetpack_sharing_enabled":true,"featured_image_urls":{"full":["https:\/\/contextoanalisisperiodistico.com\/wp-content\/uploads\/2024\/09\/IMG-20240928-WA0103.jpg",1280,853,false],"thumbnail":["https:\/\/contextoanalisisperiodistico.com\/wp-content\/uploads\/2024\/09\/IMG-20240928-WA0103-150x150.jpg",150,150,true],"medium":["https:\/\/contextoanalisisperiodistico.com\/wp-content\/uploads\/2024\/09\/IMG-20240928-WA0103-300x200.jpg",300,200,true],"medium_large":["https:\/\/contextoanalisisperiodistico.com\/wp-content\/uploads\/2024\/09\/IMG-20240928-WA0103-768x512.jpg",640,427,true],"large":["https:\/\/contextoanalisisperiodistico.com\/wp-content\/uploads\/2024\/09\/IMG-20240928-WA0103-1024x682.jpg",640,426,true],"1536x1536":["https:\/\/contextoanalisisperiodistico.com\/wp-content\/uploads\/2024\/09\/IMG-20240928-WA0103.jpg",1280,853,false],"2048x2048":["https:\/\/contextoanalisisperiodistico.com\/wp-content\/uploads\/2024\/09\/IMG-20240928-WA0103.jpg",1280,853,false],"covernews-slider-full":["https:\/\/contextoanalisisperiodistico.com\/wp-content\/uploads\/2024\/09\/IMG-20240928-WA0103-1115x715.jpg",1115,715,true],"covernews-slider-center":["https:\/\/contextoanalisisperiodistico.com\/wp-content\/uploads\/2024\/09\/IMG-20240928-WA0103-800x500.jpg",800,500,true],"covernews-featured":["https:\/\/contextoanalisisperiodistico.com\/wp-content\/uploads\/2024\/09\/IMG-20240928-WA0103-1024x682.jpg",1024,682,true],"covernews-medium":["https:\/\/contextoanalisisperiodistico.com\/wp-content\/uploads\/2024\/09\/IMG-20240928-WA0103-540x340.jpg",540,340,true],"covernews-medium-square":["https:\/\/contextoanalisisperiodistico.com\/wp-content\/uploads\/2024\/09\/IMG-20240928-WA0103-400x250.jpg",400,250,true]},"author_info":{"display_name":"Mario Gir\u00f3n","author_link":"https:\/\/contextoanalisisperiodistico.com\/index.php\/author\/director\/"},"category_info":"<a href=\"https:\/\/contextoanalisisperiodistico.com\/index.php\/category\/politica\/\" rel=\"category tag\">Pol\u00edtica<\/a>","tag_info":"Pol\u00edtica","comment_count":"0","jetpack_featured_media_url":"https:\/\/contextoanalisisperiodistico.com\/wp-content\/uploads\/2024\/09\/IMG-20240928-WA0103.jpg","_links":{"self":[{"href":"https:\/\/contextoanalisisperiodistico.com\/index.php\/wp-json\/wp\/v2\/posts\/31998"}],"collection":[{"href":"https:\/\/contextoanalisisperiodistico.com\/index.php\/wp-json\/wp\/v2\/posts"}],"about":[{"href":"https:\/\/contextoanalisisperiodistico.com\/index.php\/wp-json\/wp\/v2\/types\/post"}],"author":[{"embeddable":true,"href":"https:\/\/contextoanalisisperiodistico.com\/index.php\/wp-json\/wp\/v2\/users\/4"}],"replies":[{"embeddable":true,"href":"https:\/\/contextoanalisisperiodistico.com\/index.php\/wp-json\/wp\/v2\/comments?post=31998"}],"version-history":[{"count":0,"href":"https:\/\/contextoanalisisperiodistico.com\/index.php\/wp-json\/wp\/v2\/posts\/31998\/revisions"}],"wp:featuredmedia":[{"embeddable":true,"href":"https:\/\/contextoanalisisperiodistico.com\/index.php\/wp-json\/wp\/v2\/media\/31989"}],"wp:attachment":[{"href":"https:\/\/contextoanalisisperiodistico.com\/index.php\/wp-json\/wp\/v2\/media?parent=31998"}],"wp:term":[{"taxonomy":"category","embeddable":true,"href":"https:\/\/contextoanalisisperiodistico.com\/index.php\/wp-json\/wp\/v2\/categories?post=31998"},{"taxonomy":"post_tag","embeddable":true,"href":"https:\/\/contextoanalisisperiodistico.com\/index.php\/wp-json\/wp\/v2\/tags?post=31998"}],"curies":[{"name":"wp","href":"https:\/\/api.w.org\/{rel}","templated":true}]}}