{"id":31966,"date":"2024-09-28T13:48:00","date_gmt":"2024-09-28T19:48:00","guid":{"rendered":"https:\/\/contextoanalisisperiodistico.com\/index.php\/2024\/09\/28\/continua-salomon-jara-recorriendo-comunidades-afectadas-por-john\/"},"modified":"2024-09-28T13:48:00","modified_gmt":"2024-09-28T19:48:00","slug":"continua-salomon-jara-recorriendo-comunidades-afectadas-por-john","status":"publish","type":"post","link":"https:\/\/contextoanalisisperiodistico.com\/index.php\/2024\/09\/28\/continua-salomon-jara-recorriendo-comunidades-afectadas-por-john\/","title":{"rendered":"Contin\u00faa Salom\u00f3n Jara recorriendo comunidades afectadas por \u201cJohn\u201d"},"content":{"rendered":"<div id=\"fb-root\"><\/div>\n\n<p>\u2022 Habitantes de la agencia de Callej\u00f3n de R\u00f3mulo recibieron al Mandatario oaxaque\u00f1o<\/p>\n\n\n\n<figure class=\"wp-block-image size-large\"><img fetchpriority=\"high\" decoding=\"async\" width=\"900\" height=\"600\" src=\"https:\/\/contextoanalisisperiodistico.com\/wp-content\/uploads\/2024\/09\/img-20240928-wa00419218423143400423172.jpg\" alt=\"\" class=\"wp-image-31961\" srcset=\"https:\/\/contextoanalisisperiodistico.com\/wp-content\/uploads\/2024\/09\/img-20240928-wa00419218423143400423172.jpg 900w, https:\/\/contextoanalisisperiodistico.com\/wp-content\/uploads\/2024\/09\/img-20240928-wa00419218423143400423172-300x200.jpg 300w, https:\/\/contextoanalisisperiodistico.com\/wp-content\/uploads\/2024\/09\/img-20240928-wa00419218423143400423172-768x512.jpg 768w\" sizes=\"(max-width: 900px) 100vw, 900px\" \/><\/figure>\n\n\n\n<figure class=\"wp-block-image\"><img decoding=\"async\" width=\"300\" height=\"200\" src=\"https:\/\/contextoanalisisperiodistico.com\/wp-content\/uploads\/2024\/09\/img-20240928-wa0042687621552072744369-300x200.jpg\" alt=\"\" class=\"wp-image-31959\" srcset=\"https:\/\/contextoanalisisperiodistico.com\/wp-content\/uploads\/2024\/09\/img-20240928-wa0042687621552072744369-300x200.jpg 300w, https:\/\/contextoanalisisperiodistico.com\/wp-content\/uploads\/2024\/09\/img-20240928-wa0042687621552072744369-768x512.jpg 768w, https:\/\/contextoanalisisperiodistico.com\/wp-content\/uploads\/2024\/09\/img-20240928-wa0042687621552072744369.jpg 900w\" sizes=\"(max-width: 300px) 100vw, 300px\" \/><\/figure>\n\n\n\n<figure class=\"wp-block-image\"><img decoding=\"async\" width=\"300\" height=\"200\" src=\"https:\/\/contextoanalisisperiodistico.com\/wp-content\/uploads\/2024\/09\/img-20240928-wa00443777432353115467419-300x200.jpg\" alt=\"\" class=\"wp-image-31960\" srcset=\"https:\/\/contextoanalisisperiodistico.com\/wp-content\/uploads\/2024\/09\/img-20240928-wa00443777432353115467419-300x200.jpg 300w, https:\/\/contextoanalisisperiodistico.com\/wp-content\/uploads\/2024\/09\/img-20240928-wa00443777432353115467419-768x512.jpg 768w, https:\/\/contextoanalisisperiodistico.com\/wp-content\/uploads\/2024\/09\/img-20240928-wa00443777432353115467419.jpg 900w\" sizes=\"(max-width: 300px) 100vw, 300px\" \/><\/figure>\n\n\n\n<figure class=\"wp-block-image\"><img loading=\"lazy\" decoding=\"async\" width=\"300\" height=\"200\" src=\"https:\/\/contextoanalisisperiodistico.com\/wp-content\/uploads\/2024\/09\/img-20240928-wa00457310969148073855957-300x200.jpg\" alt=\"\" class=\"wp-image-31963\" srcset=\"https:\/\/contextoanalisisperiodistico.com\/wp-content\/uploads\/2024\/09\/img-20240928-wa00457310969148073855957-300x200.jpg 300w, https:\/\/contextoanalisisperiodistico.com\/wp-content\/uploads\/2024\/09\/img-20240928-wa00457310969148073855957-768x512.jpg 768w, https:\/\/contextoanalisisperiodistico.com\/wp-content\/uploads\/2024\/09\/img-20240928-wa00457310969148073855957.jpg 900w\" sizes=\"(max-width: 300px) 100vw, 300px\" \/><\/figure>\n\n\n\n<figure class=\"wp-block-image\"><img loading=\"lazy\" decoding=\"async\" width=\"300\" height=\"200\" src=\"https:\/\/contextoanalisisperiodistico.com\/wp-content\/uploads\/2024\/09\/img-20240928-wa00407989897455647847135-300x200.jpg\" alt=\"\" class=\"wp-image-31962\" srcset=\"https:\/\/contextoanalisisperiodistico.com\/wp-content\/uploads\/2024\/09\/img-20240928-wa00407989897455647847135-300x200.jpg 300w, https:\/\/contextoanalisisperiodistico.com\/wp-content\/uploads\/2024\/09\/img-20240928-wa00407989897455647847135-768x512.jpg 768w, https:\/\/contextoanalisisperiodistico.com\/wp-content\/uploads\/2024\/09\/img-20240928-wa00407989897455647847135.jpg 900w\" sizes=\"(max-width: 300px) 100vw, 300px\" \/><\/figure>\n\n\n\n<figure class=\"wp-block-image\"><img loading=\"lazy\" decoding=\"async\" width=\"300\" height=\"200\" src=\"https:\/\/contextoanalisisperiodistico.com\/wp-content\/uploads\/2024\/09\/img-20240928-wa00383878102847126916766-300x200.jpg\" alt=\"\" class=\"wp-image-31965\" srcset=\"https:\/\/contextoanalisisperiodistico.com\/wp-content\/uploads\/2024\/09\/img-20240928-wa00383878102847126916766-300x200.jpg 300w, https:\/\/contextoanalisisperiodistico.com\/wp-content\/uploads\/2024\/09\/img-20240928-wa00383878102847126916766-768x512.jpg 768w, https:\/\/contextoanalisisperiodistico.com\/wp-content\/uploads\/2024\/09\/img-20240928-wa00383878102847126916766.jpg 900w\" sizes=\"(max-width: 300px) 100vw, 300px\" \/><\/figure>\n\n\n\n<figure class=\"wp-block-image\"><img loading=\"lazy\" decoding=\"async\" width=\"300\" height=\"200\" src=\"https:\/\/contextoanalisisperiodistico.com\/wp-content\/uploads\/2024\/09\/img-20240928-wa00394359931458768865382-300x200.jpg\" alt=\"\" class=\"wp-image-31964\" srcset=\"https:\/\/contextoanalisisperiodistico.com\/wp-content\/uploads\/2024\/09\/img-20240928-wa00394359931458768865382-300x200.jpg 300w, https:\/\/contextoanalisisperiodistico.com\/wp-content\/uploads\/2024\/09\/img-20240928-wa00394359931458768865382-768x511.jpg 768w, https:\/\/contextoanalisisperiodistico.com\/wp-content\/uploads\/2024\/09\/img-20240928-wa00394359931458768865382.jpg 900w\" sizes=\"(max-width: 300px) 100vw, 300px\" \/><\/figure>\n\n\n\n<p>Santo Domingo Armenta, Oax., 28 de septiembre de 2024.- El Gobernador de Oaxaca Salom\u00f3n Jara Cruz recorri\u00f3 la agencia de polic\u00eda Callej\u00f3n de R\u00f3mulo, perteneciente a este municipio, que fue la m\u00e1s afectada con las lluvias provocadas por el hurac\u00e1n \u201cJohn\u201d.<\/p>\n\n\n\n<p>A su llegada, el Mandatario oaxaque\u00f1o fue recibido por el agente Miguel \u00c1ngel D\u00e1vila Hern\u00e1ndez quien le present\u00f3 un reporte de los da\u00f1os ocasionados por el meteoro.<\/p>\n\n\n\n<p>Inform\u00f3 que al menos un par de casas se desgajaron debido a que estaban construidas con adobe, en otras la fuerza del viento arras\u00f3 con los techos de l\u00e1mina y en algunas el agua se introdujo para alcanzar una altura de m\u00e1s de metro y medio.<\/p>\n\n\n\n<p>Asimismo, al menos un tercio de las 200 familias de afrodescendientes perdieron sus enseres dom\u00e9sticos. De igual forma se reportan da\u00f1os a cultivos de ma\u00edz, ajonjol\u00ed, chile y la p\u00e9rdida de cabezas de ganado.<\/p>\n\n\n\n<p>En su recorrido, Jara Cruz visit\u00f3 la casa de do\u00f1a Margarita Sabina Vargas quien perdi\u00f3 el techado de su casa y gran parte del mobiliario de su vivienda.<\/p>\n\n\n\n<p>El Mandatario estatal ofreci\u00f3 la ayuda del Gobierno de la Primavera Oaxaque\u00f1a para atender los da\u00f1os.<\/p>\n\n\n\n<p>Dentro de las primeras acciones se encuentra la entrega de despensas para que las familias cuenten con alimentos, adem\u00e1s de que el pr\u00f3ximo lunes personal del Sistema para el Desarrollo Integral de la Familia (DIF) Oaxaca estar\u00e1 en esta agencia de polic\u00eda para atender a las familias damnificadas.<\/p>\n\n\n\n<p>En materia de comunicaciones, Caminos Bienestar (Cabien) atender\u00e1 los da\u00f1os ocasionados al camino de terracer\u00eda que comunica al poblado con la carretera federal 200, el cual sufri\u00f3 severas afectaciones.<\/p>\n\n\n\n<p>-0-<\/p>\n","protected":false},"excerpt":{"rendered":"<p>\u2022 Habitantes de la agencia de Callej\u00f3n de R\u00f3mulo recibieron al Mandatario oaxaque\u00f1o Santo Domingo&#8230;<\/p>\n","protected":false},"author":4,"featured_media":31958,"comment_status":"","ping_status":"open","sticky":false,"template":"","format":"standard","meta":{"footnotes":""},"categories":[9],"tags":[],"jetpack_sharing_enabled":true,"featured_image_urls":{"full":["https:\/\/contextoanalisisperiodistico.com\/wp-content\/uploads\/2024\/09\/IMG-20240928-WA0043.jpg",900,600,false],"thumbnail":["https:\/\/contextoanalisisperiodistico.com\/wp-content\/uploads\/2024\/09\/IMG-20240928-WA0043-150x150.jpg",150,150,true],"medium":["https:\/\/contextoanalisisperiodistico.com\/wp-content\/uploads\/2024\/09\/IMG-20240928-WA0043-300x200.jpg",300,200,true],"medium_large":["https:\/\/contextoanalisisperiodistico.com\/wp-content\/uploads\/2024\/09\/IMG-20240928-WA0043-768x512.jpg",640,427,true],"large":["https:\/\/contextoanalisisperiodistico.com\/wp-content\/uploads\/2024\/09\/IMG-20240928-WA0043.jpg",640,427,false],"1536x1536":["https:\/\/contextoanalisisperiodistico.com\/wp-content\/uploads\/2024\/09\/IMG-20240928-WA0043.jpg",900,600,false],"2048x2048":["https:\/\/contextoanalisisperiodistico.com\/wp-content\/uploads\/2024\/09\/IMG-20240928-WA0043.jpg",900,600,false],"covernews-slider-full":["https:\/\/contextoanalisisperiodistico.com\/wp-content\/uploads\/2024\/09\/IMG-20240928-WA0043.jpg",900,600,false],"covernews-slider-center":["https:\/\/contextoanalisisperiodistico.com\/wp-content\/uploads\/2024\/09\/IMG-20240928-WA0043-800x500.jpg",800,500,true],"covernews-featured":["https:\/\/contextoanalisisperiodistico.com\/wp-content\/uploads\/2024\/09\/IMG-20240928-WA0043.jpg",900,600,false],"covernews-medium":["https:\/\/contextoanalisisperiodistico.com\/wp-content\/uploads\/2024\/09\/IMG-20240928-WA0043-540x340.jpg",540,340,true],"covernews-medium-square":["https:\/\/contextoanalisisperiodistico.com\/wp-content\/uploads\/2024\/09\/IMG-20240928-WA0043-400x250.jpg",400,250,true]},"author_info":{"display_name":"Mario Gir\u00f3n","author_link":"https:\/\/contextoanalisisperiodistico.com\/index.php\/author\/director\/"},"category_info":"<a href=\"https:\/\/contextoanalisisperiodistico.com\/index.php\/category\/politica\/\" rel=\"category tag\">Pol\u00edtica<\/a>","tag_info":"Pol\u00edtica","comment_count":"0","jetpack_featured_media_url":"https:\/\/contextoanalisisperiodistico.com\/wp-content\/uploads\/2024\/09\/IMG-20240928-WA0043.jpg","_links":{"self":[{"href":"https:\/\/contextoanalisisperiodistico.com\/index.php\/wp-json\/wp\/v2\/posts\/31966"}],"collection":[{"href":"https:\/\/contextoanalisisperiodistico.com\/index.php\/wp-json\/wp\/v2\/posts"}],"about":[{"href":"https:\/\/contextoanalisisperiodistico.com\/index.php\/wp-json\/wp\/v2\/types\/post"}],"author":[{"embeddable":true,"href":"https:\/\/contextoanalisisperiodistico.com\/index.php\/wp-json\/wp\/v2\/users\/4"}],"replies":[{"embeddable":true,"href":"https:\/\/contextoanalisisperiodistico.com\/index.php\/wp-json\/wp\/v2\/comments?post=31966"}],"version-history":[{"count":0,"href":"https:\/\/contextoanalisisperiodistico.com\/index.php\/wp-json\/wp\/v2\/posts\/31966\/revisions"}],"wp:featuredmedia":[{"embeddable":true,"href":"https:\/\/contextoanalisisperiodistico.com\/index.php\/wp-json\/wp\/v2\/media\/31958"}],"wp:attachment":[{"href":"https:\/\/contextoanalisisperiodistico.com\/index.php\/wp-json\/wp\/v2\/media?parent=31966"}],"wp:term":[{"taxonomy":"category","embeddable":true,"href":"https:\/\/contextoanalisisperiodistico.com\/index.php\/wp-json\/wp\/v2\/categories?post=31966"},{"taxonomy":"post_tag","embeddable":true,"href":"https:\/\/contextoanalisisperiodistico.com\/index.php\/wp-json\/wp\/v2\/tags?post=31966"}],"curies":[{"name":"wp","href":"https:\/\/api.w.org\/{rel}","templated":true}]}}