{"id":31942,"date":"2024-09-28T07:11:58","date_gmt":"2024-09-28T13:11:58","guid":{"rendered":"https:\/\/contextoanalisisperiodistico.com\/index.php\/2024\/09\/28\/van-por-declaratoria-de-desastre-65-municipios-de-oaxaca-afectados-por-el-huracan-john\/"},"modified":"2024-09-28T07:11:58","modified_gmt":"2024-09-28T13:11:58","slug":"van-por-declaratoria-de-desastre-65-municipios-de-oaxaca-afectados-por-el-huracan-john","status":"publish","type":"post","link":"https:\/\/contextoanalisisperiodistico.com\/index.php\/2024\/09\/28\/van-por-declaratoria-de-desastre-65-municipios-de-oaxaca-afectados-por-el-huracan-john\/","title":{"rendered":"Van por Declaratoria de Desastre 65 municipios de Oaxaca afectados por el hurac\u00e1n John"},"content":{"rendered":"<div id=\"fb-root\"><\/div>\n\n<p>\u2022 Se contin\u00faa con la atenci\u00f3n para restablecer la energ\u00eda el\u00e9ctrica y las v\u00edas de comunicaci\u00f3n<\/p>\n\n\n\n<figure class=\"wp-block-image size-large\"><img fetchpriority=\"high\" decoding=\"async\" width=\"1024\" height=\"682\" src=\"https:\/\/contextoanalisisperiodistico.com\/wp-content\/uploads\/2024\/09\/img-20240928-wa00024218775838936907898-1024x682.jpg\" alt=\"\" class=\"wp-image-31940\" srcset=\"https:\/\/contextoanalisisperiodistico.com\/wp-content\/uploads\/2024\/09\/img-20240928-wa00024218775838936907898-1024x682.jpg 1024w, https:\/\/contextoanalisisperiodistico.com\/wp-content\/uploads\/2024\/09\/img-20240928-wa00024218775838936907898-300x200.jpg 300w, https:\/\/contextoanalisisperiodistico.com\/wp-content\/uploads\/2024\/09\/img-20240928-wa00024218775838936907898-768x512.jpg 768w, https:\/\/contextoanalisisperiodistico.com\/wp-content\/uploads\/2024\/09\/img-20240928-wa00024218775838936907898-1536x1023.jpg 1536w, https:\/\/contextoanalisisperiodistico.com\/wp-content\/uploads\/2024\/09\/img-20240928-wa00024218775838936907898.jpg 1600w\" sizes=\"(max-width: 1024px) 100vw, 1024px\" \/><\/figure>\n\n\n\n<figure class=\"wp-block-image\"><img decoding=\"async\" width=\"1024\" height=\"682\" src=\"https:\/\/contextoanalisisperiodistico.com\/wp-content\/uploads\/2024\/09\/img-20240928-wa00005124438951974702244-1024x682.jpg\" alt=\"\" class=\"wp-image-31941\" srcset=\"https:\/\/contextoanalisisperiodistico.com\/wp-content\/uploads\/2024\/09\/img-20240928-wa00005124438951974702244-1024x682.jpg 1024w, https:\/\/contextoanalisisperiodistico.com\/wp-content\/uploads\/2024\/09\/img-20240928-wa00005124438951974702244-300x200.jpg 300w, https:\/\/contextoanalisisperiodistico.com\/wp-content\/uploads\/2024\/09\/img-20240928-wa00005124438951974702244-768x512.jpg 768w, https:\/\/contextoanalisisperiodistico.com\/wp-content\/uploads\/2024\/09\/img-20240928-wa00005124438951974702244-1536x1023.jpg 1536w, https:\/\/contextoanalisisperiodistico.com\/wp-content\/uploads\/2024\/09\/img-20240928-wa00005124438951974702244.jpg 1600w\" sizes=\"(max-width: 1024px) 100vw, 1024px\" \/><\/figure>\n\n\n\n<p>\u2022 El sistema DIF Oaxaca otorga v\u00edveres a las familias de mayor vulnerabilidad<\/p>\n\n\n\n<p>Santiago Pinotepa Nacional, Oax., 28 de septiembre de 2024.- En la Quinta Sesi\u00f3n Extraordinaria del Consejo Estatal de Protecci\u00f3n Civil realizada en Santiago Pinotepa Nacional, se inform\u00f3 que 65 municipios de las regiones de la Costa, Mixteca y Sierra Sur, han solicitado la Declaratoria de Desastre Natural.<\/p>\n\n\n\n<p>Estos municipios a trav\u00e9s de la documentaci\u00f3n correspondiente han dado a conocer las afectaciones causadas por el meteoro, como deslizamientos de laderas, da\u00f1os a sus caminos, puentes, carreteras y tambi\u00e9n a sus accesos principales.<\/p>\n\n\n\n<p>En esta reuni\u00f3n presidida por el Gobernador del Estado Salom\u00f3n Jara Cruz, se dio a conocer que en Santiago Jamiltepec se han entregado mil 500 despensas, 800 colchonetas; mientras que en Santiago Pinotepa Nacional 883 despensas, 200 paquetes de agua y 70 colchonetas, adem\u00e1s de contar con la planta potabilizadora de agua.<\/p>\n\n\n\n<p>Por su parte el Sistema Estatal para el Desarrollo Integral de la Familia (DIF) Oaxaca, entreg\u00f3 mil 300 dotaciones de v\u00edveres para las comunidades m\u00e1s afectadas de Santiago Pinotepa Nacional. Adem\u00e1s, algunas dotaciones m\u00e1s en Santa Mar\u00eda Huazolotitl\u00e1n, Villa de Tututepec y algunas localidades de la Sierra Sur.<\/p>\n\n\n\n<p>Hasta el momento, se contabilizan 250 afectaciones, de las cuales 110 han sido atendidas, entre fallas de energ\u00eda el\u00e9ctrica y v\u00edas de comunicaci\u00f3n.<\/p>\n\n\n\n<p>Tambi\u00e9n el Gabinete Legal y Ampliado dio a conocer las acciones realizadas en las \u00faltimas horas para restablecer diversos servicios para la poblaci\u00f3n.<\/p>\n\n\n\n<p>-0-<\/p>\n","protected":false},"excerpt":{"rendered":"<p>\u2022 Se contin\u00faa con la atenci\u00f3n para restablecer la energ\u00eda el\u00e9ctrica y las v\u00edas de&#8230;<\/p>\n","protected":false},"author":4,"featured_media":31939,"comment_status":"","ping_status":"open","sticky":false,"template":"","format":"standard","meta":{"footnotes":""},"categories":[9],"tags":[],"jetpack_sharing_enabled":true,"featured_image_urls":{"full":["https:\/\/contextoanalisisperiodistico.com\/wp-content\/uploads\/2024\/09\/IMG-20240928-WA0001.jpg",1600,1066,false],"thumbnail":["https:\/\/contextoanalisisperiodistico.com\/wp-content\/uploads\/2024\/09\/IMG-20240928-WA0001-150x150.jpg",150,150,true],"medium":["https:\/\/contextoanalisisperiodistico.com\/wp-content\/uploads\/2024\/09\/IMG-20240928-WA0001-300x200.jpg",300,200,true],"medium_large":["https:\/\/contextoanalisisperiodistico.com\/wp-content\/uploads\/2024\/09\/IMG-20240928-WA0001-768x512.jpg",640,427,true],"large":["https:\/\/contextoanalisisperiodistico.com\/wp-content\/uploads\/2024\/09\/IMG-20240928-WA0001-1024x682.jpg",640,426,true],"1536x1536":["https:\/\/contextoanalisisperiodistico.com\/wp-content\/uploads\/2024\/09\/IMG-20240928-WA0001-1536x1023.jpg",1536,1023,true],"2048x2048":["https:\/\/contextoanalisisperiodistico.com\/wp-content\/uploads\/2024\/09\/IMG-20240928-WA0001.jpg",1600,1066,false],"covernews-slider-full":["https:\/\/contextoanalisisperiodistico.com\/wp-content\/uploads\/2024\/09\/IMG-20240928-WA0001-1115x715.jpg",1115,715,true],"covernews-slider-center":["https:\/\/contextoanalisisperiodistico.com\/wp-content\/uploads\/2024\/09\/IMG-20240928-WA0001-800x500.jpg",800,500,true],"covernews-featured":["https:\/\/contextoanalisisperiodistico.com\/wp-content\/uploads\/2024\/09\/IMG-20240928-WA0001-1024x682.jpg",1024,682,true],"covernews-medium":["https:\/\/contextoanalisisperiodistico.com\/wp-content\/uploads\/2024\/09\/IMG-20240928-WA0001-540x340.jpg",540,340,true],"covernews-medium-square":["https:\/\/contextoanalisisperiodistico.com\/wp-content\/uploads\/2024\/09\/IMG-20240928-WA0001-400x250.jpg",400,250,true]},"author_info":{"display_name":"Mario Gir\u00f3n","author_link":"https:\/\/contextoanalisisperiodistico.com\/index.php\/author\/director\/"},"category_info":"<a href=\"https:\/\/contextoanalisisperiodistico.com\/index.php\/category\/politica\/\" rel=\"category tag\">Pol\u00edtica<\/a>","tag_info":"Pol\u00edtica","comment_count":"0","jetpack_featured_media_url":"https:\/\/contextoanalisisperiodistico.com\/wp-content\/uploads\/2024\/09\/IMG-20240928-WA0001.jpg","_links":{"self":[{"href":"https:\/\/contextoanalisisperiodistico.com\/index.php\/wp-json\/wp\/v2\/posts\/31942"}],"collection":[{"href":"https:\/\/contextoanalisisperiodistico.com\/index.php\/wp-json\/wp\/v2\/posts"}],"about":[{"href":"https:\/\/contextoanalisisperiodistico.com\/index.php\/wp-json\/wp\/v2\/types\/post"}],"author":[{"embeddable":true,"href":"https:\/\/contextoanalisisperiodistico.com\/index.php\/wp-json\/wp\/v2\/users\/4"}],"replies":[{"embeddable":true,"href":"https:\/\/contextoanalisisperiodistico.com\/index.php\/wp-json\/wp\/v2\/comments?post=31942"}],"version-history":[{"count":0,"href":"https:\/\/contextoanalisisperiodistico.com\/index.php\/wp-json\/wp\/v2\/posts\/31942\/revisions"}],"wp:featuredmedia":[{"embeddable":true,"href":"https:\/\/contextoanalisisperiodistico.com\/index.php\/wp-json\/wp\/v2\/media\/31939"}],"wp:attachment":[{"href":"https:\/\/contextoanalisisperiodistico.com\/index.php\/wp-json\/wp\/v2\/media?parent=31942"}],"wp:term":[{"taxonomy":"category","embeddable":true,"href":"https:\/\/contextoanalisisperiodistico.com\/index.php\/wp-json\/wp\/v2\/categories?post=31942"},{"taxonomy":"post_tag","embeddable":true,"href":"https:\/\/contextoanalisisperiodistico.com\/index.php\/wp-json\/wp\/v2\/tags?post=31942"}],"curies":[{"name":"wp","href":"https:\/\/api.w.org\/{rel}","templated":true}]}}