{"id":31937,"date":"2024-09-27T21:49:30","date_gmt":"2024-09-28T03:49:30","guid":{"rendered":"https:\/\/contextoanalisisperiodistico.com\/index.php\/2024\/09\/27\/recorre-salomon-jara-danos-a-red-carreteraocasionados-por-crecida-del-rio-la-arena\/"},"modified":"2024-09-27T21:50:21","modified_gmt":"2024-09-28T03:50:21","slug":"recorre-salomon-jara-danos-a-red-carreteraocasionados-por-crecida-del-rio-la-arena","status":"publish","type":"post","link":"https:\/\/contextoanalisisperiodistico.com\/index.php\/2024\/09\/27\/recorre-salomon-jara-danos-a-red-carreteraocasionados-por-crecida-del-rio-la-arena\/","title":{"rendered":"Recorre Salom\u00f3n Jara da\u00f1os a red carretera ocasionados por crecida del r\u00edo La Arena"},"content":{"rendered":"<div id=\"fb-root\"><\/div>\n\n<ul class=\"wp-block-list\">\n<li>El Mandatario estatal adelanta que este s\u00e1bado estar\u00e1 en municipios de la Costa afectados por las lluvias provocadas por el meteoro \u00abJohn\u00bb<\/li>\n<\/ul>\n\n\n\n<figure class=\"wp-block-image size-large\"><img fetchpriority=\"high\" decoding=\"async\" width=\"1024\" height=\"683\" src=\"https:\/\/contextoanalisisperiodistico.com\/wp-content\/uploads\/2024\/09\/img-20240927-wa01575665773398572985254-1024x683.jpg\" alt=\"\" class=\"wp-image-31936\" srcset=\"https:\/\/contextoanalisisperiodistico.com\/wp-content\/uploads\/2024\/09\/img-20240927-wa01575665773398572985254-1024x683.jpg 1024w, https:\/\/contextoanalisisperiodistico.com\/wp-content\/uploads\/2024\/09\/img-20240927-wa01575665773398572985254-300x200.jpg 300w, https:\/\/contextoanalisisperiodistico.com\/wp-content\/uploads\/2024\/09\/img-20240927-wa01575665773398572985254-768x512.jpg 768w, https:\/\/contextoanalisisperiodistico.com\/wp-content\/uploads\/2024\/09\/img-20240927-wa01575665773398572985254.jpg 1040w\" sizes=\"(max-width: 1024px) 100vw, 1024px\" \/><\/figure>\n\n\n\n<figure class=\"wp-block-image\"><img decoding=\"async\" width=\"1024\" height=\"683\" src=\"https:\/\/contextoanalisisperiodistico.com\/wp-content\/uploads\/2024\/09\/img-20240927-wa01561821218130516259450-1024x683.jpg\" alt=\"\" class=\"wp-image-31935\" srcset=\"https:\/\/contextoanalisisperiodistico.com\/wp-content\/uploads\/2024\/09\/img-20240927-wa01561821218130516259450-1024x683.jpg 1024w, https:\/\/contextoanalisisperiodistico.com\/wp-content\/uploads\/2024\/09\/img-20240927-wa01561821218130516259450-300x200.jpg 300w, https:\/\/contextoanalisisperiodistico.com\/wp-content\/uploads\/2024\/09\/img-20240927-wa01561821218130516259450-768x512.jpg 768w, https:\/\/contextoanalisisperiodistico.com\/wp-content\/uploads\/2024\/09\/img-20240927-wa01561821218130516259450.jpg 1040w\" sizes=\"(max-width: 1024px) 100vw, 1024px\" \/><\/figure>\n\n\n\n<p>Regi\u00f3n Costa, Oax. 27 de septiembre de 2024.- El Gobernador de Oaxaca Salom\u00f3n Jara Cruz realiz\u00f3 la noche de este viernes un recorrido por las afectaciones carreteras que ha dejado el crecimiento del r\u00edo La Arena, debido a las lluvias registradas a lo largo del d\u00eda en Santiago Pinotepa Nacional provocadas por el hurac\u00e1n \u00abJohn\u00bb.<\/p>\n\n\n\n<p>El Mandatario camin\u00f3 entre escombros, lodo, piedras y escuch\u00f3 de viva voz las necesidades de las personas afectadas.<\/p>\n\n\n\n<p>El titular del Poder Ejecutivo reiter\u00f3 que el Gobierno de la Primavera Oaxaque\u00f1a no abandonar\u00e1 a los pueblos y su gente.<\/p>\n\n\n\n<p>En este sentido, adelant\u00f3 que este s\u00e1bado continuar\u00e1 con su recorrido por otros municipios de la regi\u00f3n de la Costa que se han visto afectados por las precipitaciones pluviales de las \u00faltimas 48 horas.<\/p>\n\n\n\n<p>-0-<\/p>\n","protected":false},"excerpt":{"rendered":"<p>Regi\u00f3n Costa, Oax. 27 de septiembre de 2024.- El Gobernador de Oaxaca Salom\u00f3n Jara Cruz&#8230;<\/p>\n","protected":false},"author":4,"featured_media":31934,"comment_status":"closed","ping_status":"open","sticky":false,"template":"","format":"standard","meta":{"footnotes":""},"categories":[9],"tags":[],"jetpack_sharing_enabled":true,"featured_image_urls":{"full":["https:\/\/contextoanalisisperiodistico.com\/wp-content\/uploads\/2024\/09\/IMG-20240927-WA0158.jpg",1040,694,false],"thumbnail":["https:\/\/contextoanalisisperiodistico.com\/wp-content\/uploads\/2024\/09\/IMG-20240927-WA0158-150x150.jpg",150,150,true],"medium":["https:\/\/contextoanalisisperiodistico.com\/wp-content\/uploads\/2024\/09\/IMG-20240927-WA0158-300x200.jpg",300,200,true],"medium_large":["https:\/\/contextoanalisisperiodistico.com\/wp-content\/uploads\/2024\/09\/IMG-20240927-WA0158-768x512.jpg",640,427,true],"large":["https:\/\/contextoanalisisperiodistico.com\/wp-content\/uploads\/2024\/09\/IMG-20240927-WA0158-1024x683.jpg",640,427,true],"1536x1536":["https:\/\/contextoanalisisperiodistico.com\/wp-content\/uploads\/2024\/09\/IMG-20240927-WA0158.jpg",1040,694,false],"2048x2048":["https:\/\/contextoanalisisperiodistico.com\/wp-content\/uploads\/2024\/09\/IMG-20240927-WA0158.jpg",1040,694,false],"covernews-slider-full":["https:\/\/contextoanalisisperiodistico.com\/wp-content\/uploads\/2024\/09\/IMG-20240927-WA0158.jpg",1040,694,false],"covernews-slider-center":["https:\/\/contextoanalisisperiodistico.com\/wp-content\/uploads\/2024\/09\/IMG-20240927-WA0158-800x500.jpg",800,500,true],"covernews-featured":["https:\/\/contextoanalisisperiodistico.com\/wp-content\/uploads\/2024\/09\/IMG-20240927-WA0158-1024x683.jpg",1024,683,true],"covernews-medium":["https:\/\/contextoanalisisperiodistico.com\/wp-content\/uploads\/2024\/09\/IMG-20240927-WA0158-540x340.jpg",540,340,true],"covernews-medium-square":["https:\/\/contextoanalisisperiodistico.com\/wp-content\/uploads\/2024\/09\/IMG-20240927-WA0158-400x250.jpg",400,250,true]},"author_info":{"display_name":"Mario Gir\u00f3n","author_link":"https:\/\/contextoanalisisperiodistico.com\/index.php\/author\/director\/"},"category_info":"<a href=\"https:\/\/contextoanalisisperiodistico.com\/index.php\/category\/politica\/\" rel=\"category tag\">Pol\u00edtica<\/a>","tag_info":"Pol\u00edtica","comment_count":"0","jetpack_featured_media_url":"https:\/\/contextoanalisisperiodistico.com\/wp-content\/uploads\/2024\/09\/IMG-20240927-WA0158.jpg","_links":{"self":[{"href":"https:\/\/contextoanalisisperiodistico.com\/index.php\/wp-json\/wp\/v2\/posts\/31937"}],"collection":[{"href":"https:\/\/contextoanalisisperiodistico.com\/index.php\/wp-json\/wp\/v2\/posts"}],"about":[{"href":"https:\/\/contextoanalisisperiodistico.com\/index.php\/wp-json\/wp\/v2\/types\/post"}],"author":[{"embeddable":true,"href":"https:\/\/contextoanalisisperiodistico.com\/index.php\/wp-json\/wp\/v2\/users\/4"}],"replies":[{"embeddable":true,"href":"https:\/\/contextoanalisisperiodistico.com\/index.php\/wp-json\/wp\/v2\/comments?post=31937"}],"version-history":[{"count":1,"href":"https:\/\/contextoanalisisperiodistico.com\/index.php\/wp-json\/wp\/v2\/posts\/31937\/revisions"}],"predecessor-version":[{"id":31938,"href":"https:\/\/contextoanalisisperiodistico.com\/index.php\/wp-json\/wp\/v2\/posts\/31937\/revisions\/31938"}],"wp:featuredmedia":[{"embeddable":true,"href":"https:\/\/contextoanalisisperiodistico.com\/index.php\/wp-json\/wp\/v2\/media\/31934"}],"wp:attachment":[{"href":"https:\/\/contextoanalisisperiodistico.com\/index.php\/wp-json\/wp\/v2\/media?parent=31937"}],"wp:term":[{"taxonomy":"category","embeddable":true,"href":"https:\/\/contextoanalisisperiodistico.com\/index.php\/wp-json\/wp\/v2\/categories?post=31937"},{"taxonomy":"post_tag","embeddable":true,"href":"https:\/\/contextoanalisisperiodistico.com\/index.php\/wp-json\/wp\/v2\/tags?post=31937"}],"curies":[{"name":"wp","href":"https:\/\/api.w.org\/{rel}","templated":true}]}}