{"id":31933,"date":"2024-09-27T19:28:01","date_gmt":"2024-09-28T01:28:01","guid":{"rendered":"https:\/\/contextoanalisisperiodistico.com\/index.php\/2024\/09\/27\/abre-sso-centros-de-acopio-para-la-poblacion-afectada-por-john\/"},"modified":"2024-09-27T19:28:01","modified_gmt":"2024-09-28T01:28:01","slug":"abre-sso-centros-de-acopio-para-la-poblacion-afectada-por-john","status":"publish","type":"post","link":"https:\/\/contextoanalisisperiodistico.com\/index.php\/2024\/09\/27\/abre-sso-centros-de-acopio-para-la-poblacion-afectada-por-john\/","title":{"rendered":"Abre SSO centros de acopio para la poblaci\u00f3n afectada por \u201cJohn\u201d"},"content":{"rendered":"<div id=\"fb-root\"><\/div>\n\n<p>\u2022 Se instalaron en las sedes jurisdiccionales de Valles Centrales, Istmo, Mixteca y Sierra<\/p>\n\n\n\n<figure class=\"wp-block-image size-large\"><img fetchpriority=\"high\" decoding=\"async\" width=\"900\" height=\"599\" src=\"https:\/\/contextoanalisisperiodistico.com\/wp-content\/uploads\/2024\/09\/img-20240927-wa01215594711804786671775.jpg\" alt=\"\" class=\"wp-image-31931\" srcset=\"https:\/\/contextoanalisisperiodistico.com\/wp-content\/uploads\/2024\/09\/img-20240927-wa01215594711804786671775.jpg 900w, https:\/\/contextoanalisisperiodistico.com\/wp-content\/uploads\/2024\/09\/img-20240927-wa01215594711804786671775-300x200.jpg 300w, https:\/\/contextoanalisisperiodistico.com\/wp-content\/uploads\/2024\/09\/img-20240927-wa01215594711804786671775-768x511.jpg 768w\" sizes=\"(max-width: 900px) 100vw, 900px\" \/><\/figure>\n\n\n\n<figure class=\"wp-block-image\"><img decoding=\"async\" width=\"300\" height=\"200\" src=\"https:\/\/contextoanalisisperiodistico.com\/wp-content\/uploads\/2024\/09\/img-20240927-wa01207618797761426077510-300x200.jpg\" alt=\"\" class=\"wp-image-31930\" srcset=\"https:\/\/contextoanalisisperiodistico.com\/wp-content\/uploads\/2024\/09\/img-20240927-wa01207618797761426077510-300x200.jpg 300w, https:\/\/contextoanalisisperiodistico.com\/wp-content\/uploads\/2024\/09\/img-20240927-wa01207618797761426077510-768x511.jpg 768w, https:\/\/contextoanalisisperiodistico.com\/wp-content\/uploads\/2024\/09\/img-20240927-wa01207618797761426077510.jpg 900w\" sizes=\"(max-width: 300px) 100vw, 300px\" \/><\/figure>\n\n\n\n<figure class=\"wp-block-image\"><img decoding=\"async\" width=\"300\" height=\"200\" src=\"https:\/\/contextoanalisisperiodistico.com\/wp-content\/uploads\/2024\/09\/img-20240927-wa01227695934058105738977-300x200.jpg\" alt=\"\" class=\"wp-image-31932\" srcset=\"https:\/\/contextoanalisisperiodistico.com\/wp-content\/uploads\/2024\/09\/img-20240927-wa01227695934058105738977-300x200.jpg 300w, https:\/\/contextoanalisisperiodistico.com\/wp-content\/uploads\/2024\/09\/img-20240927-wa01227695934058105738977-768x511.jpg 768w, https:\/\/contextoanalisisperiodistico.com\/wp-content\/uploads\/2024\/09\/img-20240927-wa01227695934058105738977.jpg 900w\" sizes=\"(max-width: 300px) 100vw, 300px\" \/><\/figure>\n\n\n\n<p>Oaxaca de Ju\u00e1rez, Oax. 27 de septiembre de 2024.- El Consejo Estatal de Protecci\u00f3n Civil a trav\u00e9s de Servicios de Salud de Oaxaca (SSO), habilit\u00f3 cuatro centros de acopio en las sedes Jurisdiccionales de Valles Centrales, Istmo, Mixteca y Sierra, como un esfuerzo solidario y humanitario para ayudar a quienes resultaron afectados por el paso del hurac\u00e1n \u201cJohn\u201d.<\/p>\n\n\n\n<p>El encargado del despacho de SSO, Efr\u00e9n Emanuel Jarqu\u00edn inform\u00f3 que la ayuda proporcionada ser\u00e1 un rayo de esperanza para las personas que lo necesitan en estos momentos dif\u00edciles, los cuales ser\u00e1n entregados al Sistema Estatal para el Desarrollo Integral de la Familia (DIF) Oaxaca, para su repartici\u00f3n final en las zonas m\u00e1s afectadas.<\/p>\n\n\n\n<p>El funcionario resalt\u00f3 que en estos momentos debe prevalecer la unidad y la empat\u00eda. \u00abLa grandeza de Oaxaca radica en la solidaridad de la gente y en su capacidad para unir esfuerzos en la adversidad\u201d, dijo.<\/p>\n\n\n\n<p>De esta manera, extendi\u00f3 el llamado al personal de salud y a la poblaci\u00f3n en general, a contribuir a esta causa y ayudar a las personas damnificadas por el fen\u00f3meno natural.<\/p>\n\n\n\n<p>Recepci\u00f3n de v\u00edveres<\/p>\n\n\n\n<p>Los centros de acopio recibir\u00e1n alimentos no perecederos y productos de higiene personal las 24 horas del d\u00eda.<\/p>\n\n\n\n<p>La recepci\u00f3n ser\u00e1 en las oficinas de la Jurisdicci\u00f3n Sanitaria 1 Valles Centrales ubicada en calle Puerto Escondido n\u00famero 708, colonia Eliseo Jim\u00e9nez Ruiz, Santa Cruz Xoxocotl\u00e1n; Jurisdicci\u00f3n Sanitaria 2 Istmo en avenida Efra\u00edn R. G\u00f3mez n\u00famero 65, Juchit\u00e1n de Zaragoza; Jurisdicci\u00f3n Sanitaria 5 Mixteca en calle Prolongaci\u00f3n de Emiliano Zapata n\u00famero 25, colonia Antonio de Le\u00f3n, Huajuapan de Le\u00f3n y en la Jurisdicci\u00f3n Sanitaria 6 Sierra ubicada en calle 2 de Abril n\u00famero 37, colonia Centro, Tlacolula de Matamoros.<\/p>\n\n\n\n<p>-0-<\/p>\n","protected":false},"excerpt":{"rendered":"<p>\u2022 Se instalaron en las sedes jurisdiccionales de Valles Centrales, Istmo, Mixteca y Sierra Oaxaca&#8230;<\/p>\n","protected":false},"author":4,"featured_media":31929,"comment_status":"","ping_status":"open","sticky":false,"template":"","format":"standard","meta":{"footnotes":""},"categories":[92],"tags":[],"jetpack_sharing_enabled":true,"featured_image_urls":{"full":["https:\/\/contextoanalisisperiodistico.com\/wp-content\/uploads\/2024\/09\/IMG-20240927-WA0119.jpg",900,599,false],"thumbnail":["https:\/\/contextoanalisisperiodistico.com\/wp-content\/uploads\/2024\/09\/IMG-20240927-WA0119-150x150.jpg",150,150,true],"medium":["https:\/\/contextoanalisisperiodistico.com\/wp-content\/uploads\/2024\/09\/IMG-20240927-WA0119-300x200.jpg",300,200,true],"medium_large":["https:\/\/contextoanalisisperiodistico.com\/wp-content\/uploads\/2024\/09\/IMG-20240927-WA0119-768x511.jpg",640,426,true],"large":["https:\/\/contextoanalisisperiodistico.com\/wp-content\/uploads\/2024\/09\/IMG-20240927-WA0119.jpg",640,426,false],"1536x1536":["https:\/\/contextoanalisisperiodistico.com\/wp-content\/uploads\/2024\/09\/IMG-20240927-WA0119.jpg",900,599,false],"2048x2048":["https:\/\/contextoanalisisperiodistico.com\/wp-content\/uploads\/2024\/09\/IMG-20240927-WA0119.jpg",900,599,false],"covernews-slider-full":["https:\/\/contextoanalisisperiodistico.com\/wp-content\/uploads\/2024\/09\/IMG-20240927-WA0119.jpg",900,599,false],"covernews-slider-center":["https:\/\/contextoanalisisperiodistico.com\/wp-content\/uploads\/2024\/09\/IMG-20240927-WA0119-800x500.jpg",800,500,true],"covernews-featured":["https:\/\/contextoanalisisperiodistico.com\/wp-content\/uploads\/2024\/09\/IMG-20240927-WA0119.jpg",900,599,false],"covernews-medium":["https:\/\/contextoanalisisperiodistico.com\/wp-content\/uploads\/2024\/09\/IMG-20240927-WA0119-540x340.jpg",540,340,true],"covernews-medium-square":["https:\/\/contextoanalisisperiodistico.com\/wp-content\/uploads\/2024\/09\/IMG-20240927-WA0119-400x250.jpg",400,250,true]},"author_info":{"display_name":"Mario Gir\u00f3n","author_link":"https:\/\/contextoanalisisperiodistico.com\/index.php\/author\/director\/"},"category_info":"<a href=\"https:\/\/contextoanalisisperiodistico.com\/index.php\/category\/salud\/\" rel=\"category tag\">Salud<\/a>","tag_info":"Salud","comment_count":"0","jetpack_featured_media_url":"https:\/\/contextoanalisisperiodistico.com\/wp-content\/uploads\/2024\/09\/IMG-20240927-WA0119.jpg","_links":{"self":[{"href":"https:\/\/contextoanalisisperiodistico.com\/index.php\/wp-json\/wp\/v2\/posts\/31933"}],"collection":[{"href":"https:\/\/contextoanalisisperiodistico.com\/index.php\/wp-json\/wp\/v2\/posts"}],"about":[{"href":"https:\/\/contextoanalisisperiodistico.com\/index.php\/wp-json\/wp\/v2\/types\/post"}],"author":[{"embeddable":true,"href":"https:\/\/contextoanalisisperiodistico.com\/index.php\/wp-json\/wp\/v2\/users\/4"}],"replies":[{"embeddable":true,"href":"https:\/\/contextoanalisisperiodistico.com\/index.php\/wp-json\/wp\/v2\/comments?post=31933"}],"version-history":[{"count":0,"href":"https:\/\/contextoanalisisperiodistico.com\/index.php\/wp-json\/wp\/v2\/posts\/31933\/revisions"}],"wp:featuredmedia":[{"embeddable":true,"href":"https:\/\/contextoanalisisperiodistico.com\/index.php\/wp-json\/wp\/v2\/media\/31929"}],"wp:attachment":[{"href":"https:\/\/contextoanalisisperiodistico.com\/index.php\/wp-json\/wp\/v2\/media?parent=31933"}],"wp:term":[{"taxonomy":"category","embeddable":true,"href":"https:\/\/contextoanalisisperiodistico.com\/index.php\/wp-json\/wp\/v2\/categories?post=31933"},{"taxonomy":"post_tag","embeddable":true,"href":"https:\/\/contextoanalisisperiodistico.com\/index.php\/wp-json\/wp\/v2\/tags?post=31933"}],"curies":[{"name":"wp","href":"https:\/\/api.w.org\/{rel}","templated":true}]}}