{"id":31920,"date":"2024-09-27T15:33:00","date_gmt":"2024-09-27T21:33:00","guid":{"rendered":"https:\/\/contextoanalisisperiodistico.com\/index.php\/2024\/09\/27\/cerrada-circulacion-de-la-carretera-federal-200-en-limites-de-oaxaca-y-guerrero\/"},"modified":"2024-09-27T15:33:00","modified_gmt":"2024-09-27T21:33:00","slug":"cerrada-circulacion-de-la-carretera-federal-200-en-limites-de-oaxaca-y-guerrero","status":"publish","type":"post","link":"https:\/\/contextoanalisisperiodistico.com\/index.php\/2024\/09\/27\/cerrada-circulacion-de-la-carretera-federal-200-en-limites-de-oaxaca-y-guerrero\/","title":{"rendered":"Cerrada circulaci\u00f3n de la carretera federal 200, en l\u00edmites de Oaxaca y Guerrero"},"content":{"rendered":"<div id=\"fb-root\"><\/div>\n\n<p>\u2022 La Polic\u00eda Estatal inform\u00f3 que se registr\u00f3 un desbordamiento de la corona de la cinta asf\u00e1ltica en sus dos direcciones.<\/p>\n\n\n\n<figure class=\"wp-block-image size-large\"><img fetchpriority=\"high\" decoding=\"async\" width=\"1024\" height=\"768\" src=\"https:\/\/contextoanalisisperiodistico.com\/wp-content\/uploads\/2024\/09\/img-20240927-wa00944999588404418471823-1024x768.jpg\" alt=\"\" class=\"wp-image-31918\" srcset=\"https:\/\/contextoanalisisperiodistico.com\/wp-content\/uploads\/2024\/09\/img-20240927-wa00944999588404418471823-1024x768.jpg 1024w, https:\/\/contextoanalisisperiodistico.com\/wp-content\/uploads\/2024\/09\/img-20240927-wa00944999588404418471823-300x225.jpg 300w, https:\/\/contextoanalisisperiodistico.com\/wp-content\/uploads\/2024\/09\/img-20240927-wa00944999588404418471823-768x576.jpg 768w, https:\/\/contextoanalisisperiodistico.com\/wp-content\/uploads\/2024\/09\/img-20240927-wa00944999588404418471823.jpg 1280w\" sizes=\"(max-width: 1024px) 100vw, 1024px\" \/><\/figure>\n\n\n\n<figure class=\"wp-block-image\"><img decoding=\"async\" width=\"1024\" height=\"768\" src=\"https:\/\/contextoanalisisperiodistico.com\/wp-content\/uploads\/2024\/09\/img-20240927-wa0095864247420273075467-1024x768.jpg\" alt=\"\" class=\"wp-image-31917\" srcset=\"https:\/\/contextoanalisisperiodistico.com\/wp-content\/uploads\/2024\/09\/img-20240927-wa0095864247420273075467-1024x768.jpg 1024w, https:\/\/contextoanalisisperiodistico.com\/wp-content\/uploads\/2024\/09\/img-20240927-wa0095864247420273075467-300x225.jpg 300w, https:\/\/contextoanalisisperiodistico.com\/wp-content\/uploads\/2024\/09\/img-20240927-wa0095864247420273075467-768x576.jpg 768w, https:\/\/contextoanalisisperiodistico.com\/wp-content\/uploads\/2024\/09\/img-20240927-wa0095864247420273075467.jpg 1280w\" sizes=\"(max-width: 1024px) 100vw, 1024px\" \/><\/figure>\n\n\n\n<figure class=\"wp-block-image\"><img decoding=\"async\" width=\"1024\" height=\"768\" src=\"https:\/\/contextoanalisisperiodistico.com\/wp-content\/uploads\/2024\/09\/img-20240927-wa00932595743857412077473-1024x768.jpg\" alt=\"\" class=\"wp-image-31919\" srcset=\"https:\/\/contextoanalisisperiodistico.com\/wp-content\/uploads\/2024\/09\/img-20240927-wa00932595743857412077473-1024x768.jpg 1024w, https:\/\/contextoanalisisperiodistico.com\/wp-content\/uploads\/2024\/09\/img-20240927-wa00932595743857412077473-300x225.jpg 300w, https:\/\/contextoanalisisperiodistico.com\/wp-content\/uploads\/2024\/09\/img-20240927-wa00932595743857412077473-768x576.jpg 768w, https:\/\/contextoanalisisperiodistico.com\/wp-content\/uploads\/2024\/09\/img-20240927-wa00932595743857412077473.jpg 1280w\" sizes=\"(max-width: 1024px) 100vw, 1024px\" \/><\/figure>\n\n\n\n<p>Santa Mar\u00eda Cortijo, Oax. 27 de septiembre de 2024.- El Consejo Estatal de Protecci\u00f3n Civil, a trav\u00e9s de la Polic\u00eda Estatal informa que la carretera federal 200, en l\u00edmites de Oaxaca y Guerrero, en el kil\u00f3metro 212+700, tramo Cuajinicuilapa-Pinotepa, a la altura de la desviaci\u00f3n a Santa Mar\u00eda Cortijo, se registr\u00f3 un desbordamiento de la corona de la cinta asf\u00e1ltica en sus dos direcciones.<\/p>\n\n\n\n<p>Por lo que se mantiene cerrada la circulaci\u00f3n de esta v\u00eda en su totalidad, misma que es acordonada por la Subgerencia de la Guardia Nacional (GN), Estaci\u00f3n Pinotepa Nacional, para evitar accidentes.<\/p>\n\n\n\n<p>La corporaci\u00f3n policiaca inform\u00f3 que al realizar los recorridos de seguridad, para evaluar posibles da\u00f1os por el fen\u00f3meno meteorol\u00f3gico \u201cJohn\u201d, el Jefe de Divisi\u00f3n de Despliegue Operativo, con tres elementos atendieron la contingencia.<\/p>\n\n\n\n<p>-0-<\/p>\n","protected":false},"excerpt":{"rendered":"<p>\u2022 La Polic\u00eda Estatal inform\u00f3 que se registr\u00f3 un desbordamiento de la corona de la&#8230;<\/p>\n","protected":false},"author":4,"featured_media":31916,"comment_status":"","ping_status":"open","sticky":false,"template":"","format":"standard","meta":{"footnotes":""},"categories":[9],"tags":[],"jetpack_sharing_enabled":true,"featured_image_urls":{"full":["https:\/\/contextoanalisisperiodistico.com\/wp-content\/uploads\/2024\/09\/IMG-20240927-WA0092.jpg",1280,960,false],"thumbnail":["https:\/\/contextoanalisisperiodistico.com\/wp-content\/uploads\/2024\/09\/IMG-20240927-WA0092-150x150.jpg",150,150,true],"medium":["https:\/\/contextoanalisisperiodistico.com\/wp-content\/uploads\/2024\/09\/IMG-20240927-WA0092-300x225.jpg",300,225,true],"medium_large":["https:\/\/contextoanalisisperiodistico.com\/wp-content\/uploads\/2024\/09\/IMG-20240927-WA0092-768x576.jpg",640,480,true],"large":["https:\/\/contextoanalisisperiodistico.com\/wp-content\/uploads\/2024\/09\/IMG-20240927-WA0092-1024x768.jpg",640,480,true],"1536x1536":["https:\/\/contextoanalisisperiodistico.com\/wp-content\/uploads\/2024\/09\/IMG-20240927-WA0092.jpg",1280,960,false],"2048x2048":["https:\/\/contextoanalisisperiodistico.com\/wp-content\/uploads\/2024\/09\/IMG-20240927-WA0092.jpg",1280,960,false],"covernews-slider-full":["https:\/\/contextoanalisisperiodistico.com\/wp-content\/uploads\/2024\/09\/IMG-20240927-WA0092-1115x715.jpg",1115,715,true],"covernews-slider-center":["https:\/\/contextoanalisisperiodistico.com\/wp-content\/uploads\/2024\/09\/IMG-20240927-WA0092-800x500.jpg",800,500,true],"covernews-featured":["https:\/\/contextoanalisisperiodistico.com\/wp-content\/uploads\/2024\/09\/IMG-20240927-WA0092-1024x768.jpg",1024,768,true],"covernews-medium":["https:\/\/contextoanalisisperiodistico.com\/wp-content\/uploads\/2024\/09\/IMG-20240927-WA0092-540x340.jpg",540,340,true],"covernews-medium-square":["https:\/\/contextoanalisisperiodistico.com\/wp-content\/uploads\/2024\/09\/IMG-20240927-WA0092-400x250.jpg",400,250,true]},"author_info":{"display_name":"Mario Gir\u00f3n","author_link":"https:\/\/contextoanalisisperiodistico.com\/index.php\/author\/director\/"},"category_info":"<a href=\"https:\/\/contextoanalisisperiodistico.com\/index.php\/category\/politica\/\" rel=\"category tag\">Pol\u00edtica<\/a>","tag_info":"Pol\u00edtica","comment_count":"0","jetpack_featured_media_url":"https:\/\/contextoanalisisperiodistico.com\/wp-content\/uploads\/2024\/09\/IMG-20240927-WA0092.jpg","_links":{"self":[{"href":"https:\/\/contextoanalisisperiodistico.com\/index.php\/wp-json\/wp\/v2\/posts\/31920"}],"collection":[{"href":"https:\/\/contextoanalisisperiodistico.com\/index.php\/wp-json\/wp\/v2\/posts"}],"about":[{"href":"https:\/\/contextoanalisisperiodistico.com\/index.php\/wp-json\/wp\/v2\/types\/post"}],"author":[{"embeddable":true,"href":"https:\/\/contextoanalisisperiodistico.com\/index.php\/wp-json\/wp\/v2\/users\/4"}],"replies":[{"embeddable":true,"href":"https:\/\/contextoanalisisperiodistico.com\/index.php\/wp-json\/wp\/v2\/comments?post=31920"}],"version-history":[{"count":0,"href":"https:\/\/contextoanalisisperiodistico.com\/index.php\/wp-json\/wp\/v2\/posts\/31920\/revisions"}],"wp:featuredmedia":[{"embeddable":true,"href":"https:\/\/contextoanalisisperiodistico.com\/index.php\/wp-json\/wp\/v2\/media\/31916"}],"wp:attachment":[{"href":"https:\/\/contextoanalisisperiodistico.com\/index.php\/wp-json\/wp\/v2\/media?parent=31920"}],"wp:term":[{"taxonomy":"category","embeddable":true,"href":"https:\/\/contextoanalisisperiodistico.com\/index.php\/wp-json\/wp\/v2\/categories?post=31920"},{"taxonomy":"post_tag","embeddable":true,"href":"https:\/\/contextoanalisisperiodistico.com\/index.php\/wp-json\/wp\/v2\/tags?post=31920"}],"curies":[{"name":"wp","href":"https:\/\/api.w.org\/{rel}","templated":true}]}}