{"id":31906,"date":"2024-09-27T10:08:06","date_gmt":"2024-09-27T16:08:06","guid":{"rendered":"https:\/\/contextoanalisisperiodistico.com\/index.php\/2024\/09\/27\/en-trabajo-coordinadoatiende-gobierno-de-oaxaca-afectaciones-por-el-huracan-john\/"},"modified":"2024-09-27T10:08:55","modified_gmt":"2024-09-27T16:08:55","slug":"en-trabajo-coordinadoatiende-gobierno-de-oaxaca-afectaciones-por-el-huracan-john","status":"publish","type":"post","link":"https:\/\/contextoanalisisperiodistico.com\/index.php\/2024\/09\/27\/en-trabajo-coordinadoatiende-gobierno-de-oaxaca-afectaciones-por-el-huracan-john\/","title":{"rendered":"En trabajo coordinado atiende Gobierno de Oaxaca afectaciones por&nbsp; hurac\u00e1n \u201cJohn\u201d"},"content":{"rendered":"<div id=\"fb-root\"><\/div>\n\n<p>\u2022 Durante el programa televisivo Jueves de Gozona, el Mandatario Estatal explic\u00f3 todas las acciones que se realizan ante el embate de este fen\u00f3meno<\/p>\n\n\n\n<figure class=\"wp-block-image size-large\"><img fetchpriority=\"high\" decoding=\"async\" width=\"635\" height=\"600\" src=\"https:\/\/contextoanalisisperiodistico.com\/wp-content\/uploads\/2024\/09\/img-20240927-wa0040186604219830413093.jpg\" alt=\"\" class=\"wp-image-31904\" srcset=\"https:\/\/contextoanalisisperiodistico.com\/wp-content\/uploads\/2024\/09\/img-20240927-wa0040186604219830413093.jpg 635w, https:\/\/contextoanalisisperiodistico.com\/wp-content\/uploads\/2024\/09\/img-20240927-wa0040186604219830413093-300x283.jpg 300w\" sizes=\"(max-width: 635px) 100vw, 635px\" \/><\/figure>\n\n\n\n<figure class=\"wp-block-image\"><img decoding=\"async\" width=\"300\" height=\"200\" src=\"https:\/\/contextoanalisisperiodistico.com\/wp-content\/uploads\/2024\/09\/img-20240927-wa00435382645425853885650-300x200.jpg\" alt=\"\" class=\"wp-image-31905\" srcset=\"https:\/\/contextoanalisisperiodistico.com\/wp-content\/uploads\/2024\/09\/img-20240927-wa00435382645425853885650-300x200.jpg 300w, https:\/\/contextoanalisisperiodistico.com\/wp-content\/uploads\/2024\/09\/img-20240927-wa00435382645425853885650-768x512.jpg 768w, https:\/\/contextoanalisisperiodistico.com\/wp-content\/uploads\/2024\/09\/img-20240927-wa00435382645425853885650.jpg 800w\" sizes=\"(max-width: 300px) 100vw, 300px\" \/><\/figure>\n\n\n\n<figure class=\"wp-block-image\"><img decoding=\"async\" width=\"300\" height=\"200\" src=\"https:\/\/contextoanalisisperiodistico.com\/wp-content\/uploads\/2024\/09\/img-20240927-wa00446398232147855149360-300x200.jpg\" alt=\"\" class=\"wp-image-31903\" srcset=\"https:\/\/contextoanalisisperiodistico.com\/wp-content\/uploads\/2024\/09\/img-20240927-wa00446398232147855149360-300x200.jpg 300w, https:\/\/contextoanalisisperiodistico.com\/wp-content\/uploads\/2024\/09\/img-20240927-wa00446398232147855149360-768x512.jpg 768w, https:\/\/contextoanalisisperiodistico.com\/wp-content\/uploads\/2024\/09\/img-20240927-wa00446398232147855149360.jpg 800w\" sizes=\"(max-width: 300px) 100vw, 300px\" \/><\/figure>\n\n\n\n<p>Regi\u00f3n Costa, Oax. 27 de septiembre de 2024.- El Gobernador Salom\u00f3n Jara Cruz dio a conocer que hay una buena coordinaci\u00f3n de trabajo entre los niveles federal, estatal y municipal ante el embate del hurac\u00e1n \u201cJohn\u201d, y por ello no se abandonar\u00e1n a las personas damnificadas.<\/p>\n\n\n\n<p>\u201cNuestro gobierno est\u00e1 atento y en territorio acompa\u00f1ando a nuestras hermanas y hermanos en las comunidades afectadas, por lo que recorremos varias de ellas. Hacemos un llamado de solidaridad y para quienes habiten en la Costa y Sierra Sur, se mantengan lejos de las zonas de riesgo\u201d, dijo.<\/p>\n\n\n\n<p>Inform\u00f3 tambi\u00e9n que este jueves se llev\u00f3 a cabo en Santiago Pinotepa Nacional la cuarta sesi\u00f3n del Consejo Estatal de Protecci\u00f3n Civil y el Comit\u00e9 Estatal para la Atenci\u00f3n de la Emergencia, en la cual se dio cuenta de todas las afectaciones y acciones realizadas en la Costa, Sierra Sur y parte de la Mixteca.<\/p>\n\n\n\n<p>Durante la emisi\u00f3n del programa televisivo Jueves de Gozona explic\u00f3 que se realizan visitas a los albergues de Santiago Jamiltepec, Villa de Tututepec y Santiago Pinotepa Nacional, en los cuales se contabilizaron mil 55 personas resguardadas.<\/p>\n\n\n\n<p>El Sistema para el Desarrollo Integral de la Familia (DIF) Oaxaca, apoya con v\u00edveres y colchonetas a las personas damnificadas, as\u00ed como con alimentos y dem\u00e1s enseres necesarios.<\/p>\n\n\n\n<p>La Secretar\u00eda de Infraestructura, Comunicaciones y Transportes (SICT) repar\u00f3 la Carretera Barranca Larga-Ventanilla y realizar\u00e1 trabajos en la Carretera Federal 200, en el tramo que va de Puerto Escondido a Santiago Pinotepa Nacional. Asimismo, los caminos y troncales estatales son atendidos por Caminos Bienestar (Cabien).<\/p>\n\n\n\n<p>El Mandatario estatal reconoci\u00f3 el trabajo oportuno de la Comisi\u00f3n Federal de Electricidad (CFE) para restablecer el sistema el\u00e9ctrico a pesar de los riesgos que conlleva hacerlo en estas condiciones de fuertes precipitaciones.<\/p>\n\n\n\n<p>Tambi\u00e9n, explic\u00f3 que la Comisi\u00f3n Nacional del Agua (Conagua) verifica la situaci\u00f3n de las comunidades, aunado a que Vivienda Bienestar (Vibien), Cabien, las secretar\u00edas de las Infraestructuras y Comunicaciones, y de Bienestar, Tequio e Inclusi\u00f3n (Sebienti) llevar\u00e1n a cabo un censo para contabilizar a las personas afectadas.<\/p>\n\n\n\n<p>Por su parte, la Secretar\u00eda de Fomento Agroalimentario y Desarrollo Rural (Sefader) apoyar\u00e1 a productores que registraron da\u00f1os a sus cultivos.<\/p>\n\n\n\n<p>En tanto, la Secretar\u00eda de Seguridad y Protecci\u00f3n Ciudadana (SSPC), en coordinaci\u00f3n con las secretar\u00edas de la Defensa Nacional (Sedena) y de Marina (Semar) despliegan operativos eficientes para salvaguardar las vidas de las familias oaxaque\u00f1as en estos lugares con afectaciones.<\/p>\n\n\n\n<p>De esta manera, el titular del Poder Ejecutivo dio a conocer que tras una b\u00fasqueda intensa se dio con el paradero de un menor desaparecido en Guadalupe Tilapa, perteneciente a Juxtlahuaca, el cual fue arrastrado por el r\u00edo.<\/p>\n\n\n\n<p>Dijo tambi\u00e9n que, se reportan dos personas fallecidas, una en San Jos\u00e9 Pe\u00f1asco, y otra en Llano Tigre, del municipio de Santiago Amoltepec, por lo que reiter\u00f3 a la poblaci\u00f3n tomar precauciones ante los cuerpos de agua con crecimientos en las comunidades.<\/p>\n\n\n\n<p>Asimismo, expres\u00f3 que solicitar\u00e1 al Gobierno Federal una Declaratoria de Desastre en Santiago Amoltepec, Santa Mar\u00eda Zaniza y Santiago Textitl\u00e1n para que se brinde el apoyo necesario a sus habitantes.<\/p>\n\n\n\n<p>Solicita Salom\u00f3n Jara solidaridad con la Costa oaxaque\u00f1a<\/p>\n\n\n\n<p>Desde El Charquito, Santiago Jamiltepec, el Gobernador Oaxaque\u00f1o explic\u00f3 que las comunidades alrededor de esta localidad registran da\u00f1os severos a sus potreros y zonas agr\u00edcolas, as\u00ed como el incremento de los r\u00edos Verde, La Arena y desbordes de r\u00edos en Collantes.<\/p>\n\n\n\n<p>Por ello, el Sistema DIF Oaxaca, as\u00ed como las y los Delegados de Paz habilitaron centros de acopio para recolectar v\u00edveres.<\/p>\n\n\n\n<p>\u201cOaxaca debe estar unido. Juntas y juntos podemos sacar a Oaxaca adelante. La gozona es solidaridad con los pueblos y comunidades, no solo en las buenas, tambi\u00e9n en las malas y sobre todo cuando ocurren desastres como este\u201d, puntualiz\u00f3.<\/p>\n\n\n\n<p>-0-<\/p>\n","protected":false},"excerpt":{"rendered":"<p>\u2022 Durante el programa televisivo Jueves de Gozona, el Mandatario Estatal explic\u00f3 todas las acciones&#8230;<\/p>\n","protected":false},"author":4,"featured_media":31902,"comment_status":"closed","ping_status":"open","sticky":false,"template":"","format":"standard","meta":{"footnotes":""},"categories":[9],"tags":[],"jetpack_sharing_enabled":true,"featured_image_urls":{"full":["https:\/\/contextoanalisisperiodistico.com\/wp-content\/uploads\/2024\/09\/IMG-20240927-WA0042.jpg",900,600,false],"thumbnail":["https:\/\/contextoanalisisperiodistico.com\/wp-content\/uploads\/2024\/09\/IMG-20240927-WA0042-150x150.jpg",150,150,true],"medium":["https:\/\/contextoanalisisperiodistico.com\/wp-content\/uploads\/2024\/09\/IMG-20240927-WA0042-300x200.jpg",300,200,true],"medium_large":["https:\/\/contextoanalisisperiodistico.com\/wp-content\/uploads\/2024\/09\/IMG-20240927-WA0042-768x512.jpg",640,427,true],"large":["https:\/\/contextoanalisisperiodistico.com\/wp-content\/uploads\/2024\/09\/IMG-20240927-WA0042.jpg",640,427,false],"1536x1536":["https:\/\/contextoanalisisperiodistico.com\/wp-content\/uploads\/2024\/09\/IMG-20240927-WA0042.jpg",900,600,false],"2048x2048":["https:\/\/contextoanalisisperiodistico.com\/wp-content\/uploads\/2024\/09\/IMG-20240927-WA0042.jpg",900,600,false],"covernews-slider-full":["https:\/\/contextoanalisisperiodistico.com\/wp-content\/uploads\/2024\/09\/IMG-20240927-WA0042.jpg",900,600,false],"covernews-slider-center":["https:\/\/contextoanalisisperiodistico.com\/wp-content\/uploads\/2024\/09\/IMG-20240927-WA0042-800x500.jpg",800,500,true],"covernews-featured":["https:\/\/contextoanalisisperiodistico.com\/wp-content\/uploads\/2024\/09\/IMG-20240927-WA0042.jpg",900,600,false],"covernews-medium":["https:\/\/contextoanalisisperiodistico.com\/wp-content\/uploads\/2024\/09\/IMG-20240927-WA0042-540x340.jpg",540,340,true],"covernews-medium-square":["https:\/\/contextoanalisisperiodistico.com\/wp-content\/uploads\/2024\/09\/IMG-20240927-WA0042-400x250.jpg",400,250,true]},"author_info":{"display_name":"Mario Gir\u00f3n","author_link":"https:\/\/contextoanalisisperiodistico.com\/index.php\/author\/director\/"},"category_info":"<a href=\"https:\/\/contextoanalisisperiodistico.com\/index.php\/category\/politica\/\" rel=\"category tag\">Pol\u00edtica<\/a>","tag_info":"Pol\u00edtica","comment_count":"0","jetpack_featured_media_url":"https:\/\/contextoanalisisperiodistico.com\/wp-content\/uploads\/2024\/09\/IMG-20240927-WA0042.jpg","_links":{"self":[{"href":"https:\/\/contextoanalisisperiodistico.com\/index.php\/wp-json\/wp\/v2\/posts\/31906"}],"collection":[{"href":"https:\/\/contextoanalisisperiodistico.com\/index.php\/wp-json\/wp\/v2\/posts"}],"about":[{"href":"https:\/\/contextoanalisisperiodistico.com\/index.php\/wp-json\/wp\/v2\/types\/post"}],"author":[{"embeddable":true,"href":"https:\/\/contextoanalisisperiodistico.com\/index.php\/wp-json\/wp\/v2\/users\/4"}],"replies":[{"embeddable":true,"href":"https:\/\/contextoanalisisperiodistico.com\/index.php\/wp-json\/wp\/v2\/comments?post=31906"}],"version-history":[{"count":1,"href":"https:\/\/contextoanalisisperiodistico.com\/index.php\/wp-json\/wp\/v2\/posts\/31906\/revisions"}],"predecessor-version":[{"id":31907,"href":"https:\/\/contextoanalisisperiodistico.com\/index.php\/wp-json\/wp\/v2\/posts\/31906\/revisions\/31907"}],"wp:featuredmedia":[{"embeddable":true,"href":"https:\/\/contextoanalisisperiodistico.com\/index.php\/wp-json\/wp\/v2\/media\/31902"}],"wp:attachment":[{"href":"https:\/\/contextoanalisisperiodistico.com\/index.php\/wp-json\/wp\/v2\/media?parent=31906"}],"wp:term":[{"taxonomy":"category","embeddable":true,"href":"https:\/\/contextoanalisisperiodistico.com\/index.php\/wp-json\/wp\/v2\/categories?post=31906"},{"taxonomy":"post_tag","embeddable":true,"href":"https:\/\/contextoanalisisperiodistico.com\/index.php\/wp-json\/wp\/v2\/tags?post=31906"}],"curies":[{"name":"wp","href":"https:\/\/api.w.org\/{rel}","templated":true}]}}