{"id":31771,"date":"2024-09-25T12:34:28","date_gmt":"2024-09-25T18:34:28","guid":{"rendered":"https:\/\/contextoanalisisperiodistico.com\/index.php\/2024\/09\/25\/tormenta-tropical-john-se-regenera-y-mantiene-lluvias-en-territorio-oaxaqueno\/"},"modified":"2024-09-25T12:34:28","modified_gmt":"2024-09-25T18:34:28","slug":"tormenta-tropical-john-se-regenera-y-mantiene-lluvias-en-territorio-oaxaqueno","status":"publish","type":"post","link":"https:\/\/contextoanalisisperiodistico.com\/index.php\/2024\/09\/25\/tormenta-tropical-john-se-regenera-y-mantiene-lluvias-en-territorio-oaxaqueno\/","title":{"rendered":"Tormenta tropical John se regenera y mantiene lluvias en territorio oaxaque\u00f1o"},"content":{"rendered":"<div id=\"fb-root\"><\/div>\n\n<p>Oaxaca de Ju\u00e1rez, Oax. 25 de septiembre de 2024.- El Consejo Estatal de Protecci\u00f3n Civil informa que la tormenta tropical John se regener\u00f3 frente a las Costas de Guerrero, manteniendo en alertamiento m\u00e1ximo por lluvias a las regiones del Istmo de Tehuantepec, Costa, Sierra Sur, Sierra de Ju\u00e1rez, Mixteca y Valles Centrales.<\/p>\n\n\n\n<figure class=\"wp-block-image size-large\"><img fetchpriority=\"high\" decoding=\"async\" width=\"1004\" height=\"735\" src=\"https:\/\/contextoanalisisperiodistico.com\/wp-content\/uploads\/2024\/09\/img-20240925-wa00524340670573053470782.jpg\" alt=\"\" class=\"wp-image-31770\" srcset=\"https:\/\/contextoanalisisperiodistico.com\/wp-content\/uploads\/2024\/09\/img-20240925-wa00524340670573053470782.jpg 1004w, https:\/\/contextoanalisisperiodistico.com\/wp-content\/uploads\/2024\/09\/img-20240925-wa00524340670573053470782-300x220.jpg 300w, https:\/\/contextoanalisisperiodistico.com\/wp-content\/uploads\/2024\/09\/img-20240925-wa00524340670573053470782-768x562.jpg 768w\" sizes=\"(max-width: 1004px) 100vw, 1004px\" \/><\/figure>\n\n\n\n<p>De acuerdo con la dependencia el grado de peligro en esas regiones es alto por las lluvias generadas, por lo que se pide a la poblaci\u00f3n en caso de ser necesario evacuar la zona donde viven.<\/p>\n\n\n\n<p>La baja presi\u00f3n que se form\u00f3 el d\u00eda de ayer frente a las costas de Guerrero y Michoac\u00e1n, absorbi\u00f3 los remanentes de John y dio lugar a una nueva tormenta tropical, a las 09:00 horas de hoy se localiz\u00f3 a 170 km al sur de Zihuatanejo, Guerrero y a 180 km al oeste-suroeste de Acapulco, Guerrero.<\/p>\n\n\n\n<p>Se desplaza hacia el este a 4 km\/h con vientos m\u00e1ximos sostenidos de 65 km\/h y rachas de 85 km\/h, su amplia circulaci\u00f3n y bandas nubosas seguir\u00e1n generando lluvias muy fuertes con puntuales intensas a torrenciales en las regiones del Istmo de Tehuantepec, Costa, Sierra Sur, Mixteca y de intensidad variable en las dem\u00e1s regiones, adem\u00e1s se prev\u00e9 oleaje anormal en la zona costera con posibles trombas marinas cercanas a la l\u00ednea de costa.<\/p>\n\n\n\n<p>Este fen\u00f3meno natural puede generar deslizamientos de laderas en zonas monta\u00f1osas, inundaciones y encharcamientos urbanos por insuficiencia de drenaje, ca\u00edda de \u00e1rboles, as\u00ed como desbordamientos de r\u00edos de respuesta r\u00e1pida y lenta.<br \/>De igual manera se exhorta a la poblaci\u00f3n a atender las recomendaciones de Protecci\u00f3n Civil y Capitan\u00edas de Puerto, as\u00ed como a mantenerse informada de las condiciones meteorol\u00f3gicas a trav\u00e9s de los medios y redes sociales oficiales: Facebook @CEPCYGRGobOax y en X @CEPCyGR_GobOax.<\/p>\n\n\n\n<p>-0-<\/p>\n","protected":false},"excerpt":{"rendered":"<p>Oaxaca de Ju\u00e1rez, Oax. 25 de septiembre de 2024.- El Consejo Estatal de Protecci\u00f3n Civil&#8230;<\/p>\n","protected":false},"author":4,"featured_media":31769,"comment_status":"","ping_status":"open","sticky":false,"template":"","format":"standard","meta":{"footnotes":""},"categories":[9],"tags":[],"jetpack_sharing_enabled":true,"featured_image_urls":{"full":["https:\/\/contextoanalisisperiodistico.com\/wp-content\/uploads\/2024\/09\/IMG-20240925-WA0051.jpg",965,572,false],"thumbnail":["https:\/\/contextoanalisisperiodistico.com\/wp-content\/uploads\/2024\/09\/IMG-20240925-WA0051-150x150.jpg",150,150,true],"medium":["https:\/\/contextoanalisisperiodistico.com\/wp-content\/uploads\/2024\/09\/IMG-20240925-WA0051-300x178.jpg",300,178,true],"medium_large":["https:\/\/contextoanalisisperiodistico.com\/wp-content\/uploads\/2024\/09\/IMG-20240925-WA0051-768x455.jpg",640,379,true],"large":["https:\/\/contextoanalisisperiodistico.com\/wp-content\/uploads\/2024\/09\/IMG-20240925-WA0051.jpg",640,379,false],"1536x1536":["https:\/\/contextoanalisisperiodistico.com\/wp-content\/uploads\/2024\/09\/IMG-20240925-WA0051.jpg",965,572,false],"2048x2048":["https:\/\/contextoanalisisperiodistico.com\/wp-content\/uploads\/2024\/09\/IMG-20240925-WA0051.jpg",965,572,false],"covernews-slider-full":["https:\/\/contextoanalisisperiodistico.com\/wp-content\/uploads\/2024\/09\/IMG-20240925-WA0051.jpg",965,572,false],"covernews-slider-center":["https:\/\/contextoanalisisperiodistico.com\/wp-content\/uploads\/2024\/09\/IMG-20240925-WA0051-800x500.jpg",800,500,true],"covernews-featured":["https:\/\/contextoanalisisperiodistico.com\/wp-content\/uploads\/2024\/09\/IMG-20240925-WA0051.jpg",965,572,false],"covernews-medium":["https:\/\/contextoanalisisperiodistico.com\/wp-content\/uploads\/2024\/09\/IMG-20240925-WA0051-540x340.jpg",540,340,true],"covernews-medium-square":["https:\/\/contextoanalisisperiodistico.com\/wp-content\/uploads\/2024\/09\/IMG-20240925-WA0051-400x250.jpg",400,250,true]},"author_info":{"display_name":"Mario Gir\u00f3n","author_link":"https:\/\/contextoanalisisperiodistico.com\/index.php\/author\/director\/"},"category_info":"<a href=\"https:\/\/contextoanalisisperiodistico.com\/index.php\/category\/politica\/\" rel=\"category tag\">Pol\u00edtica<\/a>","tag_info":"Pol\u00edtica","comment_count":"0","jetpack_featured_media_url":"https:\/\/contextoanalisisperiodistico.com\/wp-content\/uploads\/2024\/09\/IMG-20240925-WA0051.jpg","_links":{"self":[{"href":"https:\/\/contextoanalisisperiodistico.com\/index.php\/wp-json\/wp\/v2\/posts\/31771"}],"collection":[{"href":"https:\/\/contextoanalisisperiodistico.com\/index.php\/wp-json\/wp\/v2\/posts"}],"about":[{"href":"https:\/\/contextoanalisisperiodistico.com\/index.php\/wp-json\/wp\/v2\/types\/post"}],"author":[{"embeddable":true,"href":"https:\/\/contextoanalisisperiodistico.com\/index.php\/wp-json\/wp\/v2\/users\/4"}],"replies":[{"embeddable":true,"href":"https:\/\/contextoanalisisperiodistico.com\/index.php\/wp-json\/wp\/v2\/comments?post=31771"}],"version-history":[{"count":0,"href":"https:\/\/contextoanalisisperiodistico.com\/index.php\/wp-json\/wp\/v2\/posts\/31771\/revisions"}],"wp:featuredmedia":[{"embeddable":true,"href":"https:\/\/contextoanalisisperiodistico.com\/index.php\/wp-json\/wp\/v2\/media\/31769"}],"wp:attachment":[{"href":"https:\/\/contextoanalisisperiodistico.com\/index.php\/wp-json\/wp\/v2\/media?parent=31771"}],"wp:term":[{"taxonomy":"category","embeddable":true,"href":"https:\/\/contextoanalisisperiodistico.com\/index.php\/wp-json\/wp\/v2\/categories?post=31771"},{"taxonomy":"post_tag","embeddable":true,"href":"https:\/\/contextoanalisisperiodistico.com\/index.php\/wp-json\/wp\/v2\/tags?post=31771"}],"curies":[{"name":"wp","href":"https:\/\/api.w.org\/{rel}","templated":true}]}}