{"id":31657,"date":"2024-09-23T11:53:42","date_gmt":"2024-09-23T17:53:42","guid":{"rendered":"https:\/\/contextoanalisisperiodistico.com\/index.php\/2024\/09\/23\/tormenta-tropical-john-se-fortalece-y-aproxima-a-las-costas-de-oaxaca\/"},"modified":"2024-09-23T11:53:42","modified_gmt":"2024-09-23T17:53:42","slug":"tormenta-tropical-john-se-fortalece-y-aproxima-a-las-costas-de-oaxaca","status":"publish","type":"post","link":"https:\/\/contextoanalisisperiodistico.com\/index.php\/2024\/09\/23\/tormenta-tropical-john-se-fortalece-y-aproxima-a-las-costas-de-oaxaca\/","title":{"rendered":"Tormenta tropical John se fortalece y aproxima a las costas de Oaxaca"},"content":{"rendered":"<div id=\"fb-root\"><\/div>\n\n<p>\u2022Solicitan a la ciudadan\u00eda del Istmo de Tehuantepec, Costa, Sierra Sur, Mixteca y Valles Centrales tomar precauciones y atender las recomendaciones de Protecci\u00f3n Civil<\/p>\n\n\n\n<p>Oaxaca de Ju\u00e1rez, Oax. 23 de septiembre de 2024.- La Coordinaci\u00f3n Estatal de Protecci\u00f3n Civil y Gesti\u00f3n de Riesgos (CEPCyGR) inform\u00f3 que la tormenta tropical \u201cJohn\u201d se fortalecer\u00e1 y acercar\u00e1 a las costas oaxaque\u00f1as, por este motivo se exhorta a la poblaci\u00f3n del Istmo de Tehuantepec, Costa, Sierra Sur, Mixteca y Valles Centrales estar prevenida y mantenerse informada por los medios oficiales.<\/p>\n\n\n\n<p>Acorde al pron\u00f3stico del tiempo emitido por la Comisi\u00f3n Nacional del Agua (Conagua), este fen\u00f3meno natural se encuentra en alerta amarilla por peligro medio.<br \/>La tormenta se localiza a 165 km al sur de Punta Maldonado, Guerrero, y 185 km al suroeste de Puerto Escondido, Oaxaca. Se desplaza hacia el norte a 6 km\/h con vientos m\u00e1ximos sostenidos de 100 km\/h y rachas de 120 km\/h.<\/p>\n\n\n\n<p>La dependencia informa que su amplia circulaci\u00f3n y bandas nubosas causar\u00e1n lluvias muy fuertes con puntuales intensas en el Istmo, Costa, Sierra Sur, Mixteca y Valles Centrales y de intensidad variable en las dem\u00e1s regiones, adem\u00e1s de oleaje anormal en el litoral oaxaque\u00f1o.<\/p>\n\n\n\n<p>Asimismo, se solicita a la ciudadan\u00eda tomar precauciones por posibles deslaves en zonas monta\u00f1osas, inundaciones y encharcamientos en \u00e1reas urbanas por insuficiencia de drenaje, ca\u00edda de \u00e1rboles, y desbordamientos de r\u00edos de respuesta r\u00e1pida y lenta.<\/p>\n\n\n\n<p>Finalmente, se pide a la poblaci\u00f3n atender las recomendaciones de Protecci\u00f3n Civil y Capitan\u00edas de Puerto, as\u00ed como a mantenerse informada de las condiciones meteorol\u00f3gicas a trav\u00e9s de los medios y redes sociales oficiales: Facebook @CEPCYGRGobOax y en X @CEPCyGR_GobOax.<\/p>\n\n\n\n<p>-0-<\/p>\n","protected":false},"excerpt":{"rendered":"<p>\u2022Solicitan a la ciudadan\u00eda del Istmo de Tehuantepec, Costa, Sierra Sur, Mixteca y Valles Centrales&#8230;<\/p>\n","protected":false},"author":4,"featured_media":31656,"comment_status":"","ping_status":"open","sticky":false,"template":"","format":"standard","meta":{"footnotes":""},"categories":[9],"tags":[],"jetpack_sharing_enabled":true,"featured_image_urls":{"full":["https:\/\/contextoanalisisperiodistico.com\/wp-content\/uploads\/2024\/09\/IMG-20240923-WA0029.jpg",1020,502,false],"thumbnail":["https:\/\/contextoanalisisperiodistico.com\/wp-content\/uploads\/2024\/09\/IMG-20240923-WA0029-150x150.jpg",150,150,true],"medium":["https:\/\/contextoanalisisperiodistico.com\/wp-content\/uploads\/2024\/09\/IMG-20240923-WA0029-300x148.jpg",300,148,true],"medium_large":["https:\/\/contextoanalisisperiodistico.com\/wp-content\/uploads\/2024\/09\/IMG-20240923-WA0029-768x378.jpg",640,315,true],"large":["https:\/\/contextoanalisisperiodistico.com\/wp-content\/uploads\/2024\/09\/IMG-20240923-WA0029.jpg",640,315,false],"1536x1536":["https:\/\/contextoanalisisperiodistico.com\/wp-content\/uploads\/2024\/09\/IMG-20240923-WA0029.jpg",1020,502,false],"2048x2048":["https:\/\/contextoanalisisperiodistico.com\/wp-content\/uploads\/2024\/09\/IMG-20240923-WA0029.jpg",1020,502,false],"covernews-slider-full":["https:\/\/contextoanalisisperiodistico.com\/wp-content\/uploads\/2024\/09\/IMG-20240923-WA0029.jpg",1020,502,false],"covernews-slider-center":["https:\/\/contextoanalisisperiodistico.com\/wp-content\/uploads\/2024\/09\/IMG-20240923-WA0029-800x500.jpg",800,500,true],"covernews-featured":["https:\/\/contextoanalisisperiodistico.com\/wp-content\/uploads\/2024\/09\/IMG-20240923-WA0029.jpg",1020,502,false],"covernews-medium":["https:\/\/contextoanalisisperiodistico.com\/wp-content\/uploads\/2024\/09\/IMG-20240923-WA0029-540x340.jpg",540,340,true],"covernews-medium-square":["https:\/\/contextoanalisisperiodistico.com\/wp-content\/uploads\/2024\/09\/IMG-20240923-WA0029-400x250.jpg",400,250,true]},"author_info":{"display_name":"Mario Gir\u00f3n","author_link":"https:\/\/contextoanalisisperiodistico.com\/index.php\/author\/director\/"},"category_info":"<a href=\"https:\/\/contextoanalisisperiodistico.com\/index.php\/category\/politica\/\" rel=\"category tag\">Pol\u00edtica<\/a>","tag_info":"Pol\u00edtica","comment_count":"0","jetpack_featured_media_url":"https:\/\/contextoanalisisperiodistico.com\/wp-content\/uploads\/2024\/09\/IMG-20240923-WA0029.jpg","_links":{"self":[{"href":"https:\/\/contextoanalisisperiodistico.com\/index.php\/wp-json\/wp\/v2\/posts\/31657"}],"collection":[{"href":"https:\/\/contextoanalisisperiodistico.com\/index.php\/wp-json\/wp\/v2\/posts"}],"about":[{"href":"https:\/\/contextoanalisisperiodistico.com\/index.php\/wp-json\/wp\/v2\/types\/post"}],"author":[{"embeddable":true,"href":"https:\/\/contextoanalisisperiodistico.com\/index.php\/wp-json\/wp\/v2\/users\/4"}],"replies":[{"embeddable":true,"href":"https:\/\/contextoanalisisperiodistico.com\/index.php\/wp-json\/wp\/v2\/comments?post=31657"}],"version-history":[{"count":0,"href":"https:\/\/contextoanalisisperiodistico.com\/index.php\/wp-json\/wp\/v2\/posts\/31657\/revisions"}],"wp:featuredmedia":[{"embeddable":true,"href":"https:\/\/contextoanalisisperiodistico.com\/index.php\/wp-json\/wp\/v2\/media\/31656"}],"wp:attachment":[{"href":"https:\/\/contextoanalisisperiodistico.com\/index.php\/wp-json\/wp\/v2\/media?parent=31657"}],"wp:term":[{"taxonomy":"category","embeddable":true,"href":"https:\/\/contextoanalisisperiodistico.com\/index.php\/wp-json\/wp\/v2\/categories?post=31657"},{"taxonomy":"post_tag","embeddable":true,"href":"https:\/\/contextoanalisisperiodistico.com\/index.php\/wp-json\/wp\/v2\/tags?post=31657"}],"curies":[{"name":"wp","href":"https:\/\/api.w.org\/{rel}","templated":true}]}}