{"id":31655,"date":"2024-09-23T10:56:15","date_gmt":"2024-09-23T16:56:15","guid":{"rendered":"https:\/\/contextoanalisisperiodistico.com\/index.php\/2024\/09\/23\/consejo-estatal-de-proteccion-civil-sesionara-por-tormenta-tropical-john\/"},"modified":"2024-09-23T10:56:15","modified_gmt":"2024-09-23T16:56:15","slug":"consejo-estatal-de-proteccion-civil-sesionara-por-tormenta-tropical-john","status":"publish","type":"post","link":"https:\/\/contextoanalisisperiodistico.com\/index.php\/2024\/09\/23\/consejo-estatal-de-proteccion-civil-sesionara-por-tormenta-tropical-john\/","title":{"rendered":"Consejo Estatal de Protecci\u00f3n Civil sesionar\u00e1 por tormenta tropical John"},"content":{"rendered":"<div id=\"fb-root\"><\/div>\n\n<p>\u2022 Este consejo evaluar\u00e1 los trabajos a realizar para prevenir afectaciones a la poblaci\u00f3n por el paso de este fen\u00f3meno natural<\/p>\n\n\n\n<p>\u2022 172 municipios se encuentran en el cono de riesgo, por lo que se instalar\u00e1n los refugios temporales<\/p>\n\n\n\n<p>Oaxaca de Ju\u00e1rez, Oax. 23 de septiembre de 2024.- El titular de la Coordinaci\u00f3n Estatal de Protecci\u00f3n Civil y Gesti\u00f3n de Riesgos, Manuel Maza S\u00e1nchez inform\u00f3 que esta madrugada entr\u00f3 a las costas oaxaque\u00f1as la tormenta tropical John, por lo que se instalar\u00e1 en sesi\u00f3n el Consejo Estatal de Protecci\u00f3n Civil y el Comit\u00e9 Estatal para la Atenci\u00f3n de la Emergencia.<\/p>\n\n\n\n<p>De igual manera, agreg\u00f3 que hasta el momento las regiones que posiblemente registren afectaciones son el Istmo de Tehuantepec, la Costa y la Sierra Sur, encontr\u00e1ndose hasta el momento en alerta amarilla por peligro medio.<\/p>\n\n\n\n<p>Agreg\u00f3 que se encuentran en el cono de riesgo 172 municipios con los que se trabaja coordinadamente para que lleven a cabo la instalaci\u00f3n de sus refugios temporales en caso de ser necesarios.<\/p>\n\n\n\n<p>Algunas escuelas de la regi\u00f3n de la Costa suspender\u00e1n las clases durante el martes, mi\u00e9rcoles y jueves que ser\u00e1n los d\u00edas con mayor lluvia.<\/p>\n\n\n\n<p>Asimismo, se esperan acumulados de lluvias importantes en las dem\u00e1s regiones, asociados con tormentas locales intensas, as\u00ed como posibles trombas marinas en la zona mar\u00edtima; mientras que en las zonas monta\u00f1osas se prev\u00e9 niebla muy densa.<\/p>\n\n\n\n<p>Por \u00faltimo, se exhorta a la poblaci\u00f3n atender las recomendaciones de Protecci\u00f3n Civil y Capitan\u00edas de Puerto, as\u00ed como a mantenerse informada de las condiciones meteorol\u00f3gicas a trav\u00e9s de los medios y redes sociales oficiales: Facebook @CEPCYGRGobOax y en X @CEPCyGR_GobOax.<\/p>\n\n\n\n<p>-0-<\/p>\n","protected":false},"excerpt":{"rendered":"<p>\u2022 Este consejo evaluar\u00e1 los trabajos a realizar para prevenir afectaciones a la poblaci\u00f3n por&#8230;<\/p>\n","protected":false},"author":4,"featured_media":31654,"comment_status":"","ping_status":"open","sticky":false,"template":"","format":"standard","meta":{"footnotes":""},"categories":[9],"tags":[],"jetpack_sharing_enabled":true,"featured_image_urls":{"full":["https:\/\/contextoanalisisperiodistico.com\/wp-content\/uploads\/2024\/09\/IMG-20240923-WA0026.jpg",1008,651,false],"thumbnail":["https:\/\/contextoanalisisperiodistico.com\/wp-content\/uploads\/2024\/09\/IMG-20240923-WA0026-150x150.jpg",150,150,true],"medium":["https:\/\/contextoanalisisperiodistico.com\/wp-content\/uploads\/2024\/09\/IMG-20240923-WA0026-300x194.jpg",300,194,true],"medium_large":["https:\/\/contextoanalisisperiodistico.com\/wp-content\/uploads\/2024\/09\/IMG-20240923-WA0026-768x496.jpg",640,413,true],"large":["https:\/\/contextoanalisisperiodistico.com\/wp-content\/uploads\/2024\/09\/IMG-20240923-WA0026.jpg",640,413,false],"1536x1536":["https:\/\/contextoanalisisperiodistico.com\/wp-content\/uploads\/2024\/09\/IMG-20240923-WA0026.jpg",1008,651,false],"2048x2048":["https:\/\/contextoanalisisperiodistico.com\/wp-content\/uploads\/2024\/09\/IMG-20240923-WA0026.jpg",1008,651,false],"covernews-slider-full":["https:\/\/contextoanalisisperiodistico.com\/wp-content\/uploads\/2024\/09\/IMG-20240923-WA0026.jpg",1008,651,false],"covernews-slider-center":["https:\/\/contextoanalisisperiodistico.com\/wp-content\/uploads\/2024\/09\/IMG-20240923-WA0026-800x500.jpg",800,500,true],"covernews-featured":["https:\/\/contextoanalisisperiodistico.com\/wp-content\/uploads\/2024\/09\/IMG-20240923-WA0026.jpg",1008,651,false],"covernews-medium":["https:\/\/contextoanalisisperiodistico.com\/wp-content\/uploads\/2024\/09\/IMG-20240923-WA0026-540x340.jpg",540,340,true],"covernews-medium-square":["https:\/\/contextoanalisisperiodistico.com\/wp-content\/uploads\/2024\/09\/IMG-20240923-WA0026-400x250.jpg",400,250,true]},"author_info":{"display_name":"Mario Gir\u00f3n","author_link":"https:\/\/contextoanalisisperiodistico.com\/index.php\/author\/director\/"},"category_info":"<a href=\"https:\/\/contextoanalisisperiodistico.com\/index.php\/category\/politica\/\" rel=\"category tag\">Pol\u00edtica<\/a>","tag_info":"Pol\u00edtica","comment_count":"0","jetpack_featured_media_url":"https:\/\/contextoanalisisperiodistico.com\/wp-content\/uploads\/2024\/09\/IMG-20240923-WA0026.jpg","_links":{"self":[{"href":"https:\/\/contextoanalisisperiodistico.com\/index.php\/wp-json\/wp\/v2\/posts\/31655"}],"collection":[{"href":"https:\/\/contextoanalisisperiodistico.com\/index.php\/wp-json\/wp\/v2\/posts"}],"about":[{"href":"https:\/\/contextoanalisisperiodistico.com\/index.php\/wp-json\/wp\/v2\/types\/post"}],"author":[{"embeddable":true,"href":"https:\/\/contextoanalisisperiodistico.com\/index.php\/wp-json\/wp\/v2\/users\/4"}],"replies":[{"embeddable":true,"href":"https:\/\/contextoanalisisperiodistico.com\/index.php\/wp-json\/wp\/v2\/comments?post=31655"}],"version-history":[{"count":0,"href":"https:\/\/contextoanalisisperiodistico.com\/index.php\/wp-json\/wp\/v2\/posts\/31655\/revisions"}],"wp:featuredmedia":[{"embeddable":true,"href":"https:\/\/contextoanalisisperiodistico.com\/index.php\/wp-json\/wp\/v2\/media\/31654"}],"wp:attachment":[{"href":"https:\/\/contextoanalisisperiodistico.com\/index.php\/wp-json\/wp\/v2\/media?parent=31655"}],"wp:term":[{"taxonomy":"category","embeddable":true,"href":"https:\/\/contextoanalisisperiodistico.com\/index.php\/wp-json\/wp\/v2\/categories?post=31655"},{"taxonomy":"post_tag","embeddable":true,"href":"https:\/\/contextoanalisisperiodistico.com\/index.php\/wp-json\/wp\/v2\/tags?post=31655"}],"curies":[{"name":"wp","href":"https:\/\/api.w.org\/{rel}","templated":true}]}}