{"id":31651,"date":"2024-09-23T07:03:20","date_gmt":"2024-09-23T13:03:20","guid":{"rendered":"https:\/\/contextoanalisisperiodistico.com\/index.php\/2024\/09\/23\/recomienda-ieepo-resguardar-integridad-de-alumnado-por-depresion-tropical\/"},"modified":"2024-09-23T07:03:20","modified_gmt":"2024-09-23T13:03:20","slug":"recomienda-ieepo-resguardar-integridad-de-alumnado-por-depresion-tropical","status":"publish","type":"post","link":"https:\/\/contextoanalisisperiodistico.com\/index.php\/2024\/09\/23\/recomienda-ieepo-resguardar-integridad-de-alumnado-por-depresion-tropical\/","title":{"rendered":"Recomienda IEEPO resguardar integridad de alumnado por depresi\u00f3n tropical"},"content":{"rendered":"<div id=\"fb-root\"><\/div>\n\n<p>\u2022 Se deben extremar precauciones ante la presencia de lluvias, viento intenso y oleaje elevado<\/p>\n\n\n\n<p>Oaxaca de Ju\u00e1rez, Oax. 22 de septiembre de 2024.- El Instituto Estatal de Educaci\u00f3n P\u00fablica de Oaxaca (IEEPO) recomienda a directivos, docentes, madres y padres de familia a tomar medidas preventivas y de atenci\u00f3n para el alumnado ante la formaci\u00f3n de la Depresi\u00f3n Tropical Diez-E en el Pac\u00edfico Sur Mexicano, el cual podr\u00eda afectar al territorio estatal.<\/p>\n\n\n\n<p>Las autoridades educativas establecieron que ante este fen\u00f3meno meteorol\u00f3gico es importante salvaguardar la integridad y vida de la comunidad escolar, por lo que se deben extremar precauciones ante la presencia de lluvias, viento intenso y oleaje elevado, principalmente en las regiones de Istmo, Sierra Sur y Costa.<\/p>\n\n\n\n<p>De acuerdo al reporte emitido por el Servicio Meteorol\u00f3gico Nacional (SMN) la depresi\u00f3n tropical Diez-E contin\u00faa como estacionaria frente a las costas oaxaque\u00f1as, y se ubica, hasta la tarde noche de este domingo, a 265 kil\u00f3metros al sur-suroeste de Lagunas de Chacahua, Oaxaca y a 280 kil\u00f3metros al sur de Punta Maldonado, Guerrero.<\/p>\n\n\n\n<p>Su amplia circulaci\u00f3n en interacci\u00f3n con la vaguada monz\u00f3nica generar\u00e1 lluvias puntuales intensas en el territorio estatal, y se prev\u00e9n vientos con rachas de 50 a 70 kil\u00f3metros por hora.<\/p>\n\n\n\n<p>Por instrucciones del director general del IEEPO Emilio Montero P\u00e9rez, se solicita estar atentos a la informaci\u00f3n que emita la Coordinaci\u00f3n Estatal de Protecci\u00f3n Civil y Gesti\u00f3n de Riesgos (CEPCyGR) para conocer los cambios climatol\u00f3gicos que se registren en las pr\u00f3ximas horas.<\/p>\n\n\n\n<p>Con la presencia de las intensas lluvias, se puede ocasionar el incremento del nivel de los r\u00edos y arroyos, por esta raz\u00f3n, ante un riesgo de desbordamiento, deslaves e inundaciones, se deben tomar las medidas precautorias para el cuidado del estudiantado y de la poblaci\u00f3n en general.<\/p>\n\n\n\n<p>Se recomienda establecer un Plan Escolar de Protecci\u00f3n Civil en el que se deben considerar aspectos como detectar riesgos y zonas de seguridad, tanto dentro como fuera de los espacios educativos, contar con posibles rutas de evacuaci\u00f3n, los riesgos detectados y c\u00f3mo reducirlos , as\u00ed como prepararse para tomar la mejor decisi\u00f3n ante la presencia de estos fen\u00f3menos.<\/p>\n\n\n\n<p>-0-<\/p>\n","protected":false},"excerpt":{"rendered":"<p>\u2022 Se deben extremar precauciones ante la presencia de lluvias, viento intenso y oleaje elevado&#8230;<\/p>\n","protected":false},"author":4,"featured_media":31650,"comment_status":"","ping_status":"open","sticky":false,"template":"","format":"standard","meta":{"footnotes":""},"categories":[9],"tags":[121,134,180,166,142,169,79,96,19],"jetpack_sharing_enabled":true,"featured_image_urls":{"full":["https:\/\/contextoanalisisperiodistico.com\/wp-content\/uploads\/2024\/09\/IMG-20240922-WA0106.jpg",1280,1280,false],"thumbnail":["https:\/\/contextoanalisisperiodistico.com\/wp-content\/uploads\/2024\/09\/IMG-20240922-WA0106-150x150.jpg",150,150,true],"medium":["https:\/\/contextoanalisisperiodistico.com\/wp-content\/uploads\/2024\/09\/IMG-20240922-WA0106-300x300.jpg",300,300,true],"medium_large":["https:\/\/contextoanalisisperiodistico.com\/wp-content\/uploads\/2024\/09\/IMG-20240922-WA0106-768x768.jpg",640,640,true],"large":["https:\/\/contextoanalisisperiodistico.com\/wp-content\/uploads\/2024\/09\/IMG-20240922-WA0106-1024x1024.jpg",640,640,true],"1536x1536":["https:\/\/contextoanalisisperiodistico.com\/wp-content\/uploads\/2024\/09\/IMG-20240922-WA0106.jpg",1280,1280,false],"2048x2048":["https:\/\/contextoanalisisperiodistico.com\/wp-content\/uploads\/2024\/09\/IMG-20240922-WA0106.jpg",1280,1280,false],"covernews-slider-full":["https:\/\/contextoanalisisperiodistico.com\/wp-content\/uploads\/2024\/09\/IMG-20240922-WA0106-1115x715.jpg",1115,715,true],"covernews-slider-center":["https:\/\/contextoanalisisperiodistico.com\/wp-content\/uploads\/2024\/09\/IMG-20240922-WA0106-800x500.jpg",800,500,true],"covernews-featured":["https:\/\/contextoanalisisperiodistico.com\/wp-content\/uploads\/2024\/09\/IMG-20240922-WA0106-1024x1024.jpg",1024,1024,true],"covernews-medium":["https:\/\/contextoanalisisperiodistico.com\/wp-content\/uploads\/2024\/09\/IMG-20240922-WA0106-540x340.jpg",540,340,true],"covernews-medium-square":["https:\/\/contextoanalisisperiodistico.com\/wp-content\/uploads\/2024\/09\/IMG-20240922-WA0106-400x250.jpg",400,250,true]},"author_info":{"display_name":"Mario Gir\u00f3n","author_link":"https:\/\/contextoanalisisperiodistico.com\/index.php\/author\/director\/"},"category_info":"<a href=\"https:\/\/contextoanalisisperiodistico.com\/index.php\/category\/politica\/\" rel=\"category tag\">Pol\u00edtica<\/a>","tag_info":"Pol\u00edtica","comment_count":"0","jetpack_featured_media_url":"https:\/\/contextoanalisisperiodistico.com\/wp-content\/uploads\/2024\/09\/IMG-20240922-WA0106.jpg","_links":{"self":[{"href":"https:\/\/contextoanalisisperiodistico.com\/index.php\/wp-json\/wp\/v2\/posts\/31651"}],"collection":[{"href":"https:\/\/contextoanalisisperiodistico.com\/index.php\/wp-json\/wp\/v2\/posts"}],"about":[{"href":"https:\/\/contextoanalisisperiodistico.com\/index.php\/wp-json\/wp\/v2\/types\/post"}],"author":[{"embeddable":true,"href":"https:\/\/contextoanalisisperiodistico.com\/index.php\/wp-json\/wp\/v2\/users\/4"}],"replies":[{"embeddable":true,"href":"https:\/\/contextoanalisisperiodistico.com\/index.php\/wp-json\/wp\/v2\/comments?post=31651"}],"version-history":[{"count":0,"href":"https:\/\/contextoanalisisperiodistico.com\/index.php\/wp-json\/wp\/v2\/posts\/31651\/revisions"}],"wp:featuredmedia":[{"embeddable":true,"href":"https:\/\/contextoanalisisperiodistico.com\/index.php\/wp-json\/wp\/v2\/media\/31650"}],"wp:attachment":[{"href":"https:\/\/contextoanalisisperiodistico.com\/index.php\/wp-json\/wp\/v2\/media?parent=31651"}],"wp:term":[{"taxonomy":"category","embeddable":true,"href":"https:\/\/contextoanalisisperiodistico.com\/index.php\/wp-json\/wp\/v2\/categories?post=31651"},{"taxonomy":"post_tag","embeddable":true,"href":"https:\/\/contextoanalisisperiodistico.com\/index.php\/wp-json\/wp\/v2\/tags?post=31651"}],"curies":[{"name":"wp","href":"https:\/\/api.w.org\/{rel}","templated":true}]}}