{"id":31628,"date":"2024-09-21T06:05:10","date_gmt":"2024-09-21T12:05:10","guid":{"rendered":"https:\/\/contextoanalisisperiodistico.com\/index.php\/2024\/09\/21\/con-letrero-luminoso-por-el-bien-de-todos-primero-los-pobres-rinde-homenaje-gobierno-de-oaxaca-a-amlo\/"},"modified":"2024-09-21T06:05:10","modified_gmt":"2024-09-21T12:05:10","slug":"con-letrero-luminoso-por-el-bien-de-todos-primero-los-pobres-rinde-homenaje-gobierno-de-oaxaca-a-amlo","status":"publish","type":"post","link":"https:\/\/contextoanalisisperiodistico.com\/index.php\/2024\/09\/21\/con-letrero-luminoso-por-el-bien-de-todos-primero-los-pobres-rinde-homenaje-gobierno-de-oaxaca-a-amlo\/","title":{"rendered":"Con letrero luminoso \u00abPor el bien de todos primero los pobres\u00bb, rinde homenaje Gobierno de Oaxaca a AMLO"},"content":{"rendered":"<div id=\"fb-root\"><\/div>\n\n<p>Como una forma de bienvenida al Presidente de M\u00e9xico Andr\u00e9s Manuel L\u00f3pez Obrador, en su \u00faltima visita a la entidad oaxaque\u00f1a, el Gobierno del Estado realiz\u00f3 el encendido del letrero luminoso con la frase \u00abPor el bien de todos primero los pobres\u00bb.<\/p>\n\n\n\n<p>El letrero que est\u00e1 ubicado en el cerro de San Antonio de la Cal, en la regi\u00f3n de Valles Centrales, es un reconocimiento por la atenci\u00f3n y el bienestar que el titular del Poder Ejecutivo Federal ha generado hacia la poblaci\u00f3n oaxaque\u00f1a.<\/p>\n\n\n\n<p>Para esta acci\u00f3n, se trabaj\u00f3 en un \u00e1rea de 150 metros de largo por 45 metros de ancho, donde se colocaron postes que forman el letrero.<\/p>\n\n\n\n<p>Cada letra tiene un largo de 15 metros por 7 de ancho, con 1 metro de separaci\u00f3n entre cada letra y 4 metros entre cada palabra.<\/p>\n\n\n\n<p><\/p>\n\n\n\n<p><\/p>\n\n\n\n<figure class=\"wp-block-image size-large\"><img fetchpriority=\"high\" decoding=\"async\" width=\"1024\" height=\"721\" src=\"https:\/\/contextoanalisisperiodistico.com\/wp-content\/uploads\/2024\/09\/img-20240920-wa0172275731702292329965-1024x721.jpg\" alt=\"\" class=\"wp-image-31626\" srcset=\"https:\/\/contextoanalisisperiodistico.com\/wp-content\/uploads\/2024\/09\/img-20240920-wa0172275731702292329965-1024x721.jpg 1024w, https:\/\/contextoanalisisperiodistico.com\/wp-content\/uploads\/2024\/09\/img-20240920-wa0172275731702292329965-300x211.jpg 300w, https:\/\/contextoanalisisperiodistico.com\/wp-content\/uploads\/2024\/09\/img-20240920-wa0172275731702292329965-768x540.jpg 768w, https:\/\/contextoanalisisperiodistico.com\/wp-content\/uploads\/2024\/09\/img-20240920-wa0172275731702292329965-1536x1081.jpg 1536w, https:\/\/contextoanalisisperiodistico.com\/wp-content\/uploads\/2024\/09\/img-20240920-wa0172275731702292329965.jpg 1600w\" sizes=\"(max-width: 1024px) 100vw, 1024px\" \/><\/figure>\n\n\n\n<figure class=\"wp-block-image\"><img decoding=\"async\" width=\"1024\" height=\"721\" src=\"https:\/\/contextoanalisisperiodistico.com\/wp-content\/uploads\/2024\/09\/img-20240920-wa01712565565375178033203-1024x721.jpg\" alt=\"\" class=\"wp-image-31627\" srcset=\"https:\/\/contextoanalisisperiodistico.com\/wp-content\/uploads\/2024\/09\/img-20240920-wa01712565565375178033203-1024x721.jpg 1024w, https:\/\/contextoanalisisperiodistico.com\/wp-content\/uploads\/2024\/09\/img-20240920-wa01712565565375178033203-300x211.jpg 300w, https:\/\/contextoanalisisperiodistico.com\/wp-content\/uploads\/2024\/09\/img-20240920-wa01712565565375178033203-768x540.jpg 768w, https:\/\/contextoanalisisperiodistico.com\/wp-content\/uploads\/2024\/09\/img-20240920-wa01712565565375178033203-1536x1081.jpg 1536w, https:\/\/contextoanalisisperiodistico.com\/wp-content\/uploads\/2024\/09\/img-20240920-wa01712565565375178033203.jpg 1600w\" sizes=\"(max-width: 1024px) 100vw, 1024px\" \/><\/figure>\n","protected":false},"excerpt":{"rendered":"<p>Como una forma de bienvenida al Presidente de M\u00e9xico Andr\u00e9s Manuel L\u00f3pez Obrador, en su&#8230;<\/p>\n","protected":false},"author":4,"featured_media":31625,"comment_status":"","ping_status":"open","sticky":false,"template":"","format":"standard","meta":{"footnotes":""},"categories":[9],"tags":[],"jetpack_sharing_enabled":true,"featured_image_urls":{"full":["https:\/\/contextoanalisisperiodistico.com\/wp-content\/uploads\/2024\/09\/IMG-20240920-WA0173.jpg",1600,900,false],"thumbnail":["https:\/\/contextoanalisisperiodistico.com\/wp-content\/uploads\/2024\/09\/IMG-20240920-WA0173-150x150.jpg",150,150,true],"medium":["https:\/\/contextoanalisisperiodistico.com\/wp-content\/uploads\/2024\/09\/IMG-20240920-WA0173-300x169.jpg",300,169,true],"medium_large":["https:\/\/contextoanalisisperiodistico.com\/wp-content\/uploads\/2024\/09\/IMG-20240920-WA0173-768x432.jpg",640,360,true],"large":["https:\/\/contextoanalisisperiodistico.com\/wp-content\/uploads\/2024\/09\/IMG-20240920-WA0173-1024x576.jpg",640,360,true],"1536x1536":["https:\/\/contextoanalisisperiodistico.com\/wp-content\/uploads\/2024\/09\/IMG-20240920-WA0173-1536x864.jpg",1536,864,true],"2048x2048":["https:\/\/contextoanalisisperiodistico.com\/wp-content\/uploads\/2024\/09\/IMG-20240920-WA0173.jpg",1600,900,false],"covernews-slider-full":["https:\/\/contextoanalisisperiodistico.com\/wp-content\/uploads\/2024\/09\/IMG-20240920-WA0173-1115x715.jpg",1115,715,true],"covernews-slider-center":["https:\/\/contextoanalisisperiodistico.com\/wp-content\/uploads\/2024\/09\/IMG-20240920-WA0173-800x500.jpg",800,500,true],"covernews-featured":["https:\/\/contextoanalisisperiodistico.com\/wp-content\/uploads\/2024\/09\/IMG-20240920-WA0173-1024x576.jpg",1024,576,true],"covernews-medium":["https:\/\/contextoanalisisperiodistico.com\/wp-content\/uploads\/2024\/09\/IMG-20240920-WA0173-540x340.jpg",540,340,true],"covernews-medium-square":["https:\/\/contextoanalisisperiodistico.com\/wp-content\/uploads\/2024\/09\/IMG-20240920-WA0173-400x250.jpg",400,250,true]},"author_info":{"display_name":"Mario Gir\u00f3n","author_link":"https:\/\/contextoanalisisperiodistico.com\/index.php\/author\/director\/"},"category_info":"<a href=\"https:\/\/contextoanalisisperiodistico.com\/index.php\/category\/politica\/\" rel=\"category tag\">Pol\u00edtica<\/a>","tag_info":"Pol\u00edtica","comment_count":"0","jetpack_featured_media_url":"https:\/\/contextoanalisisperiodistico.com\/wp-content\/uploads\/2024\/09\/IMG-20240920-WA0173.jpg","_links":{"self":[{"href":"https:\/\/contextoanalisisperiodistico.com\/index.php\/wp-json\/wp\/v2\/posts\/31628"}],"collection":[{"href":"https:\/\/contextoanalisisperiodistico.com\/index.php\/wp-json\/wp\/v2\/posts"}],"about":[{"href":"https:\/\/contextoanalisisperiodistico.com\/index.php\/wp-json\/wp\/v2\/types\/post"}],"author":[{"embeddable":true,"href":"https:\/\/contextoanalisisperiodistico.com\/index.php\/wp-json\/wp\/v2\/users\/4"}],"replies":[{"embeddable":true,"href":"https:\/\/contextoanalisisperiodistico.com\/index.php\/wp-json\/wp\/v2\/comments?post=31628"}],"version-history":[{"count":0,"href":"https:\/\/contextoanalisisperiodistico.com\/index.php\/wp-json\/wp\/v2\/posts\/31628\/revisions"}],"wp:featuredmedia":[{"embeddable":true,"href":"https:\/\/contextoanalisisperiodistico.com\/index.php\/wp-json\/wp\/v2\/media\/31625"}],"wp:attachment":[{"href":"https:\/\/contextoanalisisperiodistico.com\/index.php\/wp-json\/wp\/v2\/media?parent=31628"}],"wp:term":[{"taxonomy":"category","embeddable":true,"href":"https:\/\/contextoanalisisperiodistico.com\/index.php\/wp-json\/wp\/v2\/categories?post=31628"},{"taxonomy":"post_tag","embeddable":true,"href":"https:\/\/contextoanalisisperiodistico.com\/index.php\/wp-json\/wp\/v2\/tags?post=31628"}],"curies":[{"name":"wp","href":"https:\/\/api.w.org\/{rel}","templated":true}]}}