{"id":31467,"date":"2024-09-17T12:03:07","date_gmt":"2024-09-17T18:03:07","guid":{"rendered":"https:\/\/contextoanalisisperiodistico.com\/index.php\/2024\/09\/17\/la-democracia-de-mexico-mas-viva-que-nunca-salomon-jara-cruz\/"},"modified":"2024-09-17T12:07:33","modified_gmt":"2024-09-17T18:07:33","slug":"la-democracia-de-mexico-mas-viva-que-nunca-salomon-jara-cruz","status":"publish","type":"post","link":"https:\/\/contextoanalisisperiodistico.com\/index.php\/2024\/09\/17\/la-democracia-de-mexico-mas-viva-que-nunca-salomon-jara-cruz\/","title":{"rendered":"La democracia de M\u00e9xico, m\u00e1s viva que nunca: Salom\u00f3n Jara Cruz"},"content":{"rendered":"<div id=\"fb-root\"><\/div>\n\n<p>\u2022 El Gobernador de Oaxaca felicit\u00f3 a las senadoras, senadores y Congresos Locales por hacer posible la aprobaci\u00f3n y publicaci\u00f3n de la Reforma al Poder Judicial<\/p>\n\n\n\n<p>Oaxaca de Ju\u00e1rez, Oax. 17 de septiembre de 2024.- El Gobernador Salom\u00f3n Jara Cruz celebr\u00f3 la publicaci\u00f3n de la Reforma al Poder Judicial en el Diario Oficial de la Federaci\u00f3n, que se realiz\u00f3 en el marco del 214 aniversario del inicio de la Independencia de M\u00e9xico.<\/p>\n\n\n\n<p>\u201cComo se puede apreciar, nuestra democracia est\u00e1 y estar\u00e1 m\u00e1s viva que nunca. M\u00e9xico contar\u00e1 con un Poder Judicial popular y alejado de las antiguas \u00e9lites corruptas\u201d, afirm\u00f3.<\/p>\n\n\n\n<p>Al encabezar la conferencia de prensa matutina, el Mandatario estatal felicit\u00f3 a las senadoras, senadores y Congresos Locales, principalmente al de Oaxaca que fue el primero en respaldar y avalar esta iniciativa con unanimidad, al poner por delante el inter\u00e9s y beneficio del pueblo.<\/p>\n\n\n\n<p>\u201cCon este acto, nos consolidamos como una entidad l\u00edder en la implementaci\u00f3n de reformas clave para el pa\u00eds; lo mismo suceder\u00e1 con la pr\u00f3xima reforma en materia ind\u00edgena, pues no hay ning\u00fan estado para el que esta tenga mayor relevancia y trascendencia\u201d, expres\u00f3.<\/p>\n\n\n\n<p>En este sentido, Jara Cruz explic\u00f3 que el proceso de la Reforma al Poder Judicial ya inici\u00f3, por lo que el Instituto Nacional Electoral (INE) deber\u00e1 reunirse pr\u00f3ximamente y el Senado de la Rep\u00fablica publicar\u00e1 en 30 d\u00edas la convocatoria para las personas aspirantes, as\u00ed como los plazos de elecci\u00f3n. El periodo de postulaciones para la selecci\u00f3n de candidaturas por los Tres Poderes de la Uni\u00f3n estar\u00e1 abierto entre octubre de 2024 y febrero de 2025.<\/p>\n\n\n\n<p>A\u00f1adi\u00f3 que del 30 de marzo al 28 de mayo de 2025 se llevar\u00e1n a cabo las campa\u00f1as; mientras que la jornada electoral ser\u00e1 el 1 de junio de ese mismo a\u00f1o. El 1 de septiembre de 2025 se rendir\u00e1 protesta a las y los nuevos integrantes del Poder Judicial federal; los estados tendr\u00e1n 180 d\u00edas para ajustar sus constituciones y definir las reglas para la renovaci\u00f3n de los poderes judiciales locales.<\/p>\n\n\n\n<p>Actividades de fiestas patrias<\/p>\n\n\n\n<p>Ante representantes de los medios de comunicaci\u00f3n, el titular del Poder Ejecutivo resalt\u00f3 el ambiente de fiesta, paz y armon\u00eda que prevaleci\u00f3 en las festividades con motivo del 214 aniversario del Inicio de la Independencia de M\u00e9xico, especialmente la Verbena Popular previo al tradicional Grito.<\/p>\n\n\n\n<p>Expres\u00f3 que en el Desfile C\u00edvico Militar las y los elementos de las Fuerzas Armadas y distintas agrupaciones de seguridad estatales, as\u00ed como instituciones, ratificaron su lealtad y compromiso con Oaxaca y el pa\u00eds.<\/p>\n\n\n\n<p>El Gobernante dio a conocer que, como un acto de agradecimiento y homenaje, se inaugur\u00f3 la exposici\u00f3n fotogr\u00e1fica \u201cLa gran fuerza de M\u00e9xico, siempre por ti, siempre por M\u00e9xico\u201d y \u201cAndr\u00e9s Manuel L\u00f3pez Obrador, el camino de la Cuarta Transformaci\u00f3n\u201d, en los portales e interior de la Casa del Pueblo.<\/p>\n\n\n\n<p>Asimismo, para honrar la memoria y refrendar la lealtad del Estado a los ideales que guiaron a las y a los pr\u00f3ceres de la primera transformaci\u00f3n, Jara Cruz asisti\u00f3 a la Ciudad de M\u00e9xico para el Dep\u00f3sito de Ofrenda Floral y Guardia de Honor en el Monumento a la Independencia de la Naci\u00f3n.<\/p>\n\n\n\n<p>-0-<\/p>\n\n\n\n<figure class=\"wp-block-image size-large\"><img fetchpriority=\"high\" decoding=\"async\" width=\"900\" height=\"600\" src=\"https:\/\/contextoanalisisperiodistico.com\/wp-content\/uploads\/2024\/09\/img-20240917-wa00424708839197159918015.jpg\" alt=\"\" class=\"wp-image-31466\" srcset=\"https:\/\/contextoanalisisperiodistico.com\/wp-content\/uploads\/2024\/09\/img-20240917-wa00424708839197159918015.jpg 900w, https:\/\/contextoanalisisperiodistico.com\/wp-content\/uploads\/2024\/09\/img-20240917-wa00424708839197159918015-300x200.jpg 300w, https:\/\/contextoanalisisperiodistico.com\/wp-content\/uploads\/2024\/09\/img-20240917-wa00424708839197159918015-768x512.jpg 768w\" sizes=\"(max-width: 900px) 100vw, 900px\" \/><\/figure>\n","protected":false},"excerpt":{"rendered":"<p>\u2022 El Gobernador de Oaxaca felicit\u00f3 a las senadoras, senadores y Congresos Locales por hacer&#8230;<\/p>\n","protected":false},"author":4,"featured_media":31465,"comment_status":"closed","ping_status":"open","sticky":false,"template":"","format":"standard","meta":{"footnotes":""},"categories":[9],"tags":[],"jetpack_sharing_enabled":true,"featured_image_urls":{"full":["https:\/\/contextoanalisisperiodistico.com\/wp-content\/uploads\/2024\/09\/IMG-20240917-WA0041.jpg",900,600,false],"thumbnail":["https:\/\/contextoanalisisperiodistico.com\/wp-content\/uploads\/2024\/09\/IMG-20240917-WA0041-150x150.jpg",150,150,true],"medium":["https:\/\/contextoanalisisperiodistico.com\/wp-content\/uploads\/2024\/09\/IMG-20240917-WA0041-300x200.jpg",300,200,true],"medium_large":["https:\/\/contextoanalisisperiodistico.com\/wp-content\/uploads\/2024\/09\/IMG-20240917-WA0041-768x512.jpg",640,427,true],"large":["https:\/\/contextoanalisisperiodistico.com\/wp-content\/uploads\/2024\/09\/IMG-20240917-WA0041.jpg",640,427,false],"1536x1536":["https:\/\/contextoanalisisperiodistico.com\/wp-content\/uploads\/2024\/09\/IMG-20240917-WA0041.jpg",900,600,false],"2048x2048":["https:\/\/contextoanalisisperiodistico.com\/wp-content\/uploads\/2024\/09\/IMG-20240917-WA0041.jpg",900,600,false],"covernews-slider-full":["https:\/\/contextoanalisisperiodistico.com\/wp-content\/uploads\/2024\/09\/IMG-20240917-WA0041.jpg",900,600,false],"covernews-slider-center":["https:\/\/contextoanalisisperiodistico.com\/wp-content\/uploads\/2024\/09\/IMG-20240917-WA0041-800x500.jpg",800,500,true],"covernews-featured":["https:\/\/contextoanalisisperiodistico.com\/wp-content\/uploads\/2024\/09\/IMG-20240917-WA0041.jpg",900,600,false],"covernews-medium":["https:\/\/contextoanalisisperiodistico.com\/wp-content\/uploads\/2024\/09\/IMG-20240917-WA0041-540x340.jpg",540,340,true],"covernews-medium-square":["https:\/\/contextoanalisisperiodistico.com\/wp-content\/uploads\/2024\/09\/IMG-20240917-WA0041-400x250.jpg",400,250,true]},"author_info":{"display_name":"Mario Gir\u00f3n","author_link":"https:\/\/contextoanalisisperiodistico.com\/index.php\/author\/director\/"},"category_info":"<a href=\"https:\/\/contextoanalisisperiodistico.com\/index.php\/category\/politica\/\" rel=\"category tag\">Pol\u00edtica<\/a>","tag_info":"Pol\u00edtica","comment_count":"0","jetpack_featured_media_url":"https:\/\/contextoanalisisperiodistico.com\/wp-content\/uploads\/2024\/09\/IMG-20240917-WA0041.jpg","_links":{"self":[{"href":"https:\/\/contextoanalisisperiodistico.com\/index.php\/wp-json\/wp\/v2\/posts\/31467"}],"collection":[{"href":"https:\/\/contextoanalisisperiodistico.com\/index.php\/wp-json\/wp\/v2\/posts"}],"about":[{"href":"https:\/\/contextoanalisisperiodistico.com\/index.php\/wp-json\/wp\/v2\/types\/post"}],"author":[{"embeddable":true,"href":"https:\/\/contextoanalisisperiodistico.com\/index.php\/wp-json\/wp\/v2\/users\/4"}],"replies":[{"embeddable":true,"href":"https:\/\/contextoanalisisperiodistico.com\/index.php\/wp-json\/wp\/v2\/comments?post=31467"}],"version-history":[{"count":1,"href":"https:\/\/contextoanalisisperiodistico.com\/index.php\/wp-json\/wp\/v2\/posts\/31467\/revisions"}],"predecessor-version":[{"id":31469,"href":"https:\/\/contextoanalisisperiodistico.com\/index.php\/wp-json\/wp\/v2\/posts\/31467\/revisions\/31469"}],"wp:featuredmedia":[{"embeddable":true,"href":"https:\/\/contextoanalisisperiodistico.com\/index.php\/wp-json\/wp\/v2\/media\/31465"}],"wp:attachment":[{"href":"https:\/\/contextoanalisisperiodistico.com\/index.php\/wp-json\/wp\/v2\/media?parent=31467"}],"wp:term":[{"taxonomy":"category","embeddable":true,"href":"https:\/\/contextoanalisisperiodistico.com\/index.php\/wp-json\/wp\/v2\/categories?post=31467"},{"taxonomy":"post_tag","embeddable":true,"href":"https:\/\/contextoanalisisperiodistico.com\/index.php\/wp-json\/wp\/v2\/tags?post=31467"}],"curies":[{"name":"wp","href":"https:\/\/api.w.org\/{rel}","templated":true}]}}