{"id":31456,"date":"2024-09-16T10:46:39","date_gmt":"2024-09-16T16:46:39","guid":{"rendered":"https:\/\/contextoanalisisperiodistico.com\/index.php\/2024\/09\/16\/oaxaca-fiel-a-las-nobles-causas-de-la-patria-salomon-jara-cruz\/"},"modified":"2024-09-16T10:46:39","modified_gmt":"2024-09-16T16:46:39","slug":"oaxaca-fiel-a-las-nobles-causas-de-la-patria-salomon-jara-cruz","status":"publish","type":"post","link":"https:\/\/contextoanalisisperiodistico.com\/index.php\/2024\/09\/16\/oaxaca-fiel-a-las-nobles-causas-de-la-patria-salomon-jara-cruz\/","title":{"rendered":"Oaxaca, fiel a las nobles causas de la patria: Salom\u00f3n Jara Cruz"},"content":{"rendered":"<div id=\"fb-root\"><\/div>\n\n<p>\u2022 El Gobernador del Estado encabez\u00f3 la ceremonia conmemorativa del 214 Aniversario del Inicio del Movimiento de la Independencia Nacional<\/p>\n\n\n\n<figure class=\"wp-block-image size-large\"><img fetchpriority=\"high\" decoding=\"async\" width=\"1024\" height=\"682\" src=\"https:\/\/contextoanalisisperiodistico.com\/wp-content\/uploads\/2024\/09\/img-20240916-wa00326750137499558431996-1024x682.jpg\" alt=\"\" class=\"wp-image-31455\" srcset=\"https:\/\/contextoanalisisperiodistico.com\/wp-content\/uploads\/2024\/09\/img-20240916-wa00326750137499558431996-1024x682.jpg 1024w, https:\/\/contextoanalisisperiodistico.com\/wp-content\/uploads\/2024\/09\/img-20240916-wa00326750137499558431996-300x200.jpg 300w, https:\/\/contextoanalisisperiodistico.com\/wp-content\/uploads\/2024\/09\/img-20240916-wa00326750137499558431996-768x512.jpg 768w, https:\/\/contextoanalisisperiodistico.com\/wp-content\/uploads\/2024\/09\/img-20240916-wa00326750137499558431996.jpg 1280w\" sizes=\"(max-width: 1024px) 100vw, 1024px\" \/><\/figure>\n\n\n\n<figure class=\"wp-block-image\"><img decoding=\"async\" width=\"1024\" height=\"682\" src=\"https:\/\/contextoanalisisperiodistico.com\/wp-content\/uploads\/2024\/09\/img-20240916-wa00305978805303048864627-1024x682.jpg\" alt=\"\" class=\"wp-image-31452\" srcset=\"https:\/\/contextoanalisisperiodistico.com\/wp-content\/uploads\/2024\/09\/img-20240916-wa00305978805303048864627-1024x682.jpg 1024w, https:\/\/contextoanalisisperiodistico.com\/wp-content\/uploads\/2024\/09\/img-20240916-wa00305978805303048864627-300x200.jpg 300w, https:\/\/contextoanalisisperiodistico.com\/wp-content\/uploads\/2024\/09\/img-20240916-wa00305978805303048864627-768x512.jpg 768w, https:\/\/contextoanalisisperiodistico.com\/wp-content\/uploads\/2024\/09\/img-20240916-wa00305978805303048864627.jpg 1280w\" sizes=\"(max-width: 1024px) 100vw, 1024px\" \/><\/figure>\n\n\n\n<figure class=\"wp-block-image\"><img decoding=\"async\" width=\"1024\" height=\"682\" src=\"https:\/\/contextoanalisisperiodistico.com\/wp-content\/uploads\/2024\/09\/img-20240916-wa00348848889969929772098-1024x682.jpg\" alt=\"\" class=\"wp-image-31454\" srcset=\"https:\/\/contextoanalisisperiodistico.com\/wp-content\/uploads\/2024\/09\/img-20240916-wa00348848889969929772098-1024x682.jpg 1024w, https:\/\/contextoanalisisperiodistico.com\/wp-content\/uploads\/2024\/09\/img-20240916-wa00348848889969929772098-300x200.jpg 300w, https:\/\/contextoanalisisperiodistico.com\/wp-content\/uploads\/2024\/09\/img-20240916-wa00348848889969929772098-768x512.jpg 768w, https:\/\/contextoanalisisperiodistico.com\/wp-content\/uploads\/2024\/09\/img-20240916-wa00348848889969929772098.jpg 1280w\" sizes=\"(max-width: 1024px) 100vw, 1024px\" \/><\/figure>\n\n\n\n<figure class=\"wp-block-image\"><img loading=\"lazy\" decoding=\"async\" width=\"1024\" height=\"682\" src=\"https:\/\/contextoanalisisperiodistico.com\/wp-content\/uploads\/2024\/09\/img-20240916-wa00311435857726078387098-1024x682.jpg\" alt=\"\" class=\"wp-image-31453\" srcset=\"https:\/\/contextoanalisisperiodistico.com\/wp-content\/uploads\/2024\/09\/img-20240916-wa00311435857726078387098-1024x682.jpg 1024w, https:\/\/contextoanalisisperiodistico.com\/wp-content\/uploads\/2024\/09\/img-20240916-wa00311435857726078387098-300x200.jpg 300w, https:\/\/contextoanalisisperiodistico.com\/wp-content\/uploads\/2024\/09\/img-20240916-wa00311435857726078387098-768x512.jpg 768w, https:\/\/contextoanalisisperiodistico.com\/wp-content\/uploads\/2024\/09\/img-20240916-wa00311435857726078387098.jpg 1280w\" sizes=\"(max-width: 1024px) 100vw, 1024px\" \/><\/figure>\n\n\n\n<p>Oaxaca de Ju\u00e1rez, Oax. 16 de septiembre de 2024.- Al encabezar la ceremonia conmemorativa del 214 Aniversario del Inicio del Movimiento de la Independencia Nacional, el Gobernador Salom\u00f3n Jara Cruz asever\u00f3 que Oaxaca ha jugado un papel decisivo en la lucha libertaria, en el tiempo de la raz\u00f3n y justicia de las cuatro trasformaciones del pa\u00eds.<\/p>\n\n\n\n<p>\u201cEste d\u00eda es momento para recordar al pueblo de Oaxaca que siempre ha estado en la primera l\u00ednea de batalla en las cuatro transformaciones de M\u00e9xico, la entidad cuyo papel en la lucha libertaria fue siempre decisivo y lo es hoy en la Cuarta Transformaci\u00f3n que encabeza el Presidente de la Rep\u00fablica Andr\u00e9s Manuel L\u00f3pez Obrador\u201d, expres\u00f3.<\/p>\n\n\n\n<p>Durante este acto realizado en el Monumento a Miguel Hidalgo y Costilla, ubicado en el Paseo Ju\u00e1rez El Llano, Jara Cruz rememor\u00f3 que el Estado tuvo un papel fundamental en la lucha por la Independencia en 1810, cuando Miguel L\u00f3pez de Lima y Jos\u00e9 Mar\u00eda Armenta cumplieron una misi\u00f3n valerosa para encender la mecha de la insurgencia en la entidad, pero al ser descubiertos fueron sacrificados por la tiran\u00eda.<\/p>\n\n\n\n<p>\u201cOaxaca ha sido y ser\u00e1 siempre fiel a las nobles causas de la Patria, lo fue en la historia gloriosa que hoy conmemoramos y lo sigue siendo en la Cuarta Transformaci\u00f3n del pa\u00eds, hemos caminado con un gran Presidente que est\u00e1 por concluir su mandato y seguiremos esta ruta junto a la primera Presidenta mujer de M\u00e9xico\u201d, se\u00f1al\u00f3.<\/p>\n\n\n\n<p>En este sentido, el Mandatario estatal destac\u00f3 que el pueblo continuar\u00e1 escribiendo las p\u00e1ginas gloriosas de un pa\u00eds soberano en Un Nuevo Pacto Social de paz con justicia para todas y todos.<\/p>\n\n\n\n<p>\u201cQue en cada paso que demos hacia el futuro nos acompa\u00f1e el ejemplo inolvidable de quienes forjaron nuestra libertad como naci\u00f3n, que la esperanza sea siempre nuestra ruta en la construcci\u00f3n de un M\u00e9xico mejor\u201d, finaliz\u00f3.<\/p>\n\n\n\n<p>En este marco, el titular del Poder Ejecutivo mont\u00f3 junto a representantes de los tres Poderes del Estado y mandos militares, una Guardia de Honor y Dep\u00f3sito de Ofrenda Floral en la efigie de Miguel Hidalgo y Costilla.<\/p>\n\n\n\n<p>-0-<\/p>\n","protected":false},"excerpt":{"rendered":"<p>\u2022 El Gobernador del Estado encabez\u00f3 la ceremonia conmemorativa del 214 Aniversario del Inicio del&#8230;<\/p>\n","protected":false},"author":4,"featured_media":31451,"comment_status":"","ping_status":"open","sticky":false,"template":"","format":"standard","meta":{"footnotes":""},"categories":[9],"tags":[],"jetpack_sharing_enabled":true,"featured_image_urls":{"full":["https:\/\/contextoanalisisperiodistico.com\/wp-content\/uploads\/2024\/09\/IMG-20240916-WA0033.jpg",1280,853,false],"thumbnail":["https:\/\/contextoanalisisperiodistico.com\/wp-content\/uploads\/2024\/09\/IMG-20240916-WA0033-150x150.jpg",150,150,true],"medium":["https:\/\/contextoanalisisperiodistico.com\/wp-content\/uploads\/2024\/09\/IMG-20240916-WA0033-300x200.jpg",300,200,true],"medium_large":["https:\/\/contextoanalisisperiodistico.com\/wp-content\/uploads\/2024\/09\/IMG-20240916-WA0033-768x512.jpg",640,427,true],"large":["https:\/\/contextoanalisisperiodistico.com\/wp-content\/uploads\/2024\/09\/IMG-20240916-WA0033-1024x682.jpg",640,426,true],"1536x1536":["https:\/\/contextoanalisisperiodistico.com\/wp-content\/uploads\/2024\/09\/IMG-20240916-WA0033.jpg",1280,853,false],"2048x2048":["https:\/\/contextoanalisisperiodistico.com\/wp-content\/uploads\/2024\/09\/IMG-20240916-WA0033.jpg",1280,853,false],"covernews-slider-full":["https:\/\/contextoanalisisperiodistico.com\/wp-content\/uploads\/2024\/09\/IMG-20240916-WA0033-1115x715.jpg",1115,715,true],"covernews-slider-center":["https:\/\/contextoanalisisperiodistico.com\/wp-content\/uploads\/2024\/09\/IMG-20240916-WA0033-800x500.jpg",800,500,true],"covernews-featured":["https:\/\/contextoanalisisperiodistico.com\/wp-content\/uploads\/2024\/09\/IMG-20240916-WA0033-1024x682.jpg",1024,682,true],"covernews-medium":["https:\/\/contextoanalisisperiodistico.com\/wp-content\/uploads\/2024\/09\/IMG-20240916-WA0033-540x340.jpg",540,340,true],"covernews-medium-square":["https:\/\/contextoanalisisperiodistico.com\/wp-content\/uploads\/2024\/09\/IMG-20240916-WA0033-400x250.jpg",400,250,true]},"author_info":{"display_name":"Mario Gir\u00f3n","author_link":"https:\/\/contextoanalisisperiodistico.com\/index.php\/author\/director\/"},"category_info":"<a href=\"https:\/\/contextoanalisisperiodistico.com\/index.php\/category\/politica\/\" rel=\"category tag\">Pol\u00edtica<\/a>","tag_info":"Pol\u00edtica","comment_count":"0","jetpack_featured_media_url":"https:\/\/contextoanalisisperiodistico.com\/wp-content\/uploads\/2024\/09\/IMG-20240916-WA0033.jpg","_links":{"self":[{"href":"https:\/\/contextoanalisisperiodistico.com\/index.php\/wp-json\/wp\/v2\/posts\/31456"}],"collection":[{"href":"https:\/\/contextoanalisisperiodistico.com\/index.php\/wp-json\/wp\/v2\/posts"}],"about":[{"href":"https:\/\/contextoanalisisperiodistico.com\/index.php\/wp-json\/wp\/v2\/types\/post"}],"author":[{"embeddable":true,"href":"https:\/\/contextoanalisisperiodistico.com\/index.php\/wp-json\/wp\/v2\/users\/4"}],"replies":[{"embeddable":true,"href":"https:\/\/contextoanalisisperiodistico.com\/index.php\/wp-json\/wp\/v2\/comments?post=31456"}],"version-history":[{"count":0,"href":"https:\/\/contextoanalisisperiodistico.com\/index.php\/wp-json\/wp\/v2\/posts\/31456\/revisions"}],"wp:featuredmedia":[{"embeddable":true,"href":"https:\/\/contextoanalisisperiodistico.com\/index.php\/wp-json\/wp\/v2\/media\/31451"}],"wp:attachment":[{"href":"https:\/\/contextoanalisisperiodistico.com\/index.php\/wp-json\/wp\/v2\/media?parent=31456"}],"wp:term":[{"taxonomy":"category","embeddable":true,"href":"https:\/\/contextoanalisisperiodistico.com\/index.php\/wp-json\/wp\/v2\/categories?post=31456"},{"taxonomy":"post_tag","embeddable":true,"href":"https:\/\/contextoanalisisperiodistico.com\/index.php\/wp-json\/wp\/v2\/tags?post=31456"}],"curies":[{"name":"wp","href":"https:\/\/api.w.org\/{rel}","templated":true}]}}