{"id":31444,"date":"2024-09-15T21:30:46","date_gmt":"2024-09-16T03:30:46","guid":{"rendered":"https:\/\/contextoanalisisperiodistico.com\/index.php\/2024\/09\/15\/cientos-de-familias-disfrutan-de-la-verbena-popular-2024\/"},"modified":"2024-09-15T21:30:46","modified_gmt":"2024-09-16T03:30:46","slug":"cientos-de-familias-disfrutan-de-la-verbena-popular-2024","status":"publish","type":"post","link":"https:\/\/contextoanalisisperiodistico.com\/index.php\/2024\/09\/15\/cientos-de-familias-disfrutan-de-la-verbena-popular-2024\/","title":{"rendered":"Cientos de familias disfrutan de la Verbena Popular 2024"},"content":{"rendered":"<div id=\"fb-root\"><\/div>\n\n<p>\u2022 El Gobernador Salom\u00f3n Jara Cruz y la Presidenta Honoraria del Sistema DIF Oaxaca Irma Bola\u00f1os Quijano, inauguraron esta fiesta que cont\u00f3 con 34 puestos llenos de riqueza gastron\u00f3mica<\/p>\n\n\n\n<figure class=\"wp-block-image size-large\"><img fetchpriority=\"high\" decoding=\"async\" width=\"1024\" height=\"682\" src=\"https:\/\/contextoanalisisperiodistico.com\/wp-content\/uploads\/2024\/09\/img-20240915-wa00642277965056687923189-1024x682.jpg\" alt=\"\" class=\"wp-image-31438\" srcset=\"https:\/\/contextoanalisisperiodistico.com\/wp-content\/uploads\/2024\/09\/img-20240915-wa00642277965056687923189-1024x682.jpg 1024w, https:\/\/contextoanalisisperiodistico.com\/wp-content\/uploads\/2024\/09\/img-20240915-wa00642277965056687923189-300x200.jpg 300w, https:\/\/contextoanalisisperiodistico.com\/wp-content\/uploads\/2024\/09\/img-20240915-wa00642277965056687923189-768x512.jpg 768w, https:\/\/contextoanalisisperiodistico.com\/wp-content\/uploads\/2024\/09\/img-20240915-wa00642277965056687923189-1536x1023.jpg 1536w, https:\/\/contextoanalisisperiodistico.com\/wp-content\/uploads\/2024\/09\/img-20240915-wa00642277965056687923189.jpg 1600w\" sizes=\"(max-width: 1024px) 100vw, 1024px\" \/><\/figure>\n\n\n\n<figure class=\"wp-block-image\"><img decoding=\"async\" width=\"1024\" height=\"682\" src=\"https:\/\/contextoanalisisperiodistico.com\/wp-content\/uploads\/2024\/09\/img-20240915-wa00752123456906323626859-1024x682.jpg\" alt=\"\" class=\"wp-image-31437\" srcset=\"https:\/\/contextoanalisisperiodistico.com\/wp-content\/uploads\/2024\/09\/img-20240915-wa00752123456906323626859-1024x682.jpg 1024w, https:\/\/contextoanalisisperiodistico.com\/wp-content\/uploads\/2024\/09\/img-20240915-wa00752123456906323626859-300x200.jpg 300w, https:\/\/contextoanalisisperiodistico.com\/wp-content\/uploads\/2024\/09\/img-20240915-wa00752123456906323626859-768x512.jpg 768w, https:\/\/contextoanalisisperiodistico.com\/wp-content\/uploads\/2024\/09\/img-20240915-wa00752123456906323626859-1536x1023.jpg 1536w, https:\/\/contextoanalisisperiodistico.com\/wp-content\/uploads\/2024\/09\/img-20240915-wa00752123456906323626859.jpg 1600w\" sizes=\"(max-width: 1024px) 100vw, 1024px\" \/><\/figure>\n\n\n\n<figure class=\"wp-block-image\"><img decoding=\"async\" width=\"1024\" height=\"682\" src=\"https:\/\/contextoanalisisperiodistico.com\/wp-content\/uploads\/2024\/09\/img-20240915-wa00651022921698167739853-1024x682.jpg\" alt=\"\" class=\"wp-image-31439\" srcset=\"https:\/\/contextoanalisisperiodistico.com\/wp-content\/uploads\/2024\/09\/img-20240915-wa00651022921698167739853-1024x682.jpg 1024w, https:\/\/contextoanalisisperiodistico.com\/wp-content\/uploads\/2024\/09\/img-20240915-wa00651022921698167739853-300x200.jpg 300w, https:\/\/contextoanalisisperiodistico.com\/wp-content\/uploads\/2024\/09\/img-20240915-wa00651022921698167739853-768x512.jpg 768w, https:\/\/contextoanalisisperiodistico.com\/wp-content\/uploads\/2024\/09\/img-20240915-wa00651022921698167739853-1536x1023.jpg 1536w, https:\/\/contextoanalisisperiodistico.com\/wp-content\/uploads\/2024\/09\/img-20240915-wa00651022921698167739853.jpg 1600w\" sizes=\"(max-width: 1024px) 100vw, 1024px\" \/><\/figure>\n\n\n\n<figure class=\"wp-block-image\"><img loading=\"lazy\" decoding=\"async\" width=\"1024\" height=\"682\" src=\"https:\/\/contextoanalisisperiodistico.com\/wp-content\/uploads\/2024\/09\/img-20240915-wa00662249021353473741122-1024x682.jpg\" alt=\"\" class=\"wp-image-31436\" srcset=\"https:\/\/contextoanalisisperiodistico.com\/wp-content\/uploads\/2024\/09\/img-20240915-wa00662249021353473741122-1024x682.jpg 1024w, https:\/\/contextoanalisisperiodistico.com\/wp-content\/uploads\/2024\/09\/img-20240915-wa00662249021353473741122-300x200.jpg 300w, https:\/\/contextoanalisisperiodistico.com\/wp-content\/uploads\/2024\/09\/img-20240915-wa00662249021353473741122-768x512.jpg 768w, https:\/\/contextoanalisisperiodistico.com\/wp-content\/uploads\/2024\/09\/img-20240915-wa00662249021353473741122-1536x1023.jpg 1536w, https:\/\/contextoanalisisperiodistico.com\/wp-content\/uploads\/2024\/09\/img-20240915-wa00662249021353473741122.jpg 1600w\" sizes=\"(max-width: 1024px) 100vw, 1024px\" \/><\/figure>\n\n\n\n<figure class=\"wp-block-image\"><img loading=\"lazy\" decoding=\"async\" width=\"1024\" height=\"682\" src=\"https:\/\/contextoanalisisperiodistico.com\/wp-content\/uploads\/2024\/09\/img-20240915-wa00704024428075252289320-1024x682.jpg\" alt=\"\" class=\"wp-image-31440\" srcset=\"https:\/\/contextoanalisisperiodistico.com\/wp-content\/uploads\/2024\/09\/img-20240915-wa00704024428075252289320-1024x682.jpg 1024w, https:\/\/contextoanalisisperiodistico.com\/wp-content\/uploads\/2024\/09\/img-20240915-wa00704024428075252289320-300x200.jpg 300w, https:\/\/contextoanalisisperiodistico.com\/wp-content\/uploads\/2024\/09\/img-20240915-wa00704024428075252289320-768x512.jpg 768w, https:\/\/contextoanalisisperiodistico.com\/wp-content\/uploads\/2024\/09\/img-20240915-wa00704024428075252289320-1536x1023.jpg 1536w, https:\/\/contextoanalisisperiodistico.com\/wp-content\/uploads\/2024\/09\/img-20240915-wa00704024428075252289320.jpg 1600w\" sizes=\"(max-width: 1024px) 100vw, 1024px\" \/><\/figure>\n\n\n\n<figure class=\"wp-block-image\"><img loading=\"lazy\" decoding=\"async\" width=\"1024\" height=\"682\" src=\"https:\/\/contextoanalisisperiodistico.com\/wp-content\/uploads\/2024\/09\/img-20240915-wa00747042942170443532232-1024x682.jpg\" alt=\"\" class=\"wp-image-31441\" srcset=\"https:\/\/contextoanalisisperiodistico.com\/wp-content\/uploads\/2024\/09\/img-20240915-wa00747042942170443532232-1024x682.jpg 1024w, https:\/\/contextoanalisisperiodistico.com\/wp-content\/uploads\/2024\/09\/img-20240915-wa00747042942170443532232-300x200.jpg 300w, https:\/\/contextoanalisisperiodistico.com\/wp-content\/uploads\/2024\/09\/img-20240915-wa00747042942170443532232-768x512.jpg 768w, https:\/\/contextoanalisisperiodistico.com\/wp-content\/uploads\/2024\/09\/img-20240915-wa00747042942170443532232-1536x1023.jpg 1536w, https:\/\/contextoanalisisperiodistico.com\/wp-content\/uploads\/2024\/09\/img-20240915-wa00747042942170443532232.jpg 1600w\" sizes=\"(max-width: 1024px) 100vw, 1024px\" \/><\/figure>\n\n\n\n<figure class=\"wp-block-image\"><img loading=\"lazy\" decoding=\"async\" width=\"1024\" height=\"682\" src=\"https:\/\/contextoanalisisperiodistico.com\/wp-content\/uploads\/2024\/09\/img-20240915-wa00774457749386857570836-1024x682.jpg\" alt=\"\" class=\"wp-image-31442\" srcset=\"https:\/\/contextoanalisisperiodistico.com\/wp-content\/uploads\/2024\/09\/img-20240915-wa00774457749386857570836-1024x682.jpg 1024w, https:\/\/contextoanalisisperiodistico.com\/wp-content\/uploads\/2024\/09\/img-20240915-wa00774457749386857570836-300x200.jpg 300w, https:\/\/contextoanalisisperiodistico.com\/wp-content\/uploads\/2024\/09\/img-20240915-wa00774457749386857570836-768x512.jpg 768w, https:\/\/contextoanalisisperiodistico.com\/wp-content\/uploads\/2024\/09\/img-20240915-wa00774457749386857570836-1536x1023.jpg 1536w, https:\/\/contextoanalisisperiodistico.com\/wp-content\/uploads\/2024\/09\/img-20240915-wa00774457749386857570836.jpg 1600w\" sizes=\"(max-width: 1024px) 100vw, 1024px\" \/><\/figure>\n\n\n\n<figure class=\"wp-block-image\"><img loading=\"lazy\" decoding=\"async\" width=\"1024\" height=\"682\" src=\"https:\/\/contextoanalisisperiodistico.com\/wp-content\/uploads\/2024\/09\/img-20240915-wa00761137371413308478462-1024x682.jpg\" alt=\"\" class=\"wp-image-31443\" srcset=\"https:\/\/contextoanalisisperiodistico.com\/wp-content\/uploads\/2024\/09\/img-20240915-wa00761137371413308478462-1024x682.jpg 1024w, https:\/\/contextoanalisisperiodistico.com\/wp-content\/uploads\/2024\/09\/img-20240915-wa00761137371413308478462-300x200.jpg 300w, https:\/\/contextoanalisisperiodistico.com\/wp-content\/uploads\/2024\/09\/img-20240915-wa00761137371413308478462-768x512.jpg 768w, https:\/\/contextoanalisisperiodistico.com\/wp-content\/uploads\/2024\/09\/img-20240915-wa00761137371413308478462-1536x1023.jpg 1536w, https:\/\/contextoanalisisperiodistico.com\/wp-content\/uploads\/2024\/09\/img-20240915-wa00761137371413308478462.jpg 1600w\" sizes=\"(max-width: 1024px) 100vw, 1024px\" \/><\/figure>\n\n\n\n<p>Oaxaca de Ju\u00e1rez, Oax. 15 de septiembre de 2024.- En un ambiente de alegr\u00eda, m\u00fasica y los tradicionales colores del emblema nacional, el Gobernador Salom\u00f3n Jara Cruz y la Presidenta Honoraria del Sistema DIF Oaxaca Irma Bola\u00f1os Quijano, inauguraron la Verbena Popular 2024 organizada en el marco del 214 aniversario del Inicio de la Independencia de M\u00e9xico.<\/p>\n\n\n\n<p>Tamales, pozole, molotes, dulces regionales, quesadillas, tacos, tlayudas, aguas de sabores, atole y caf\u00e9, fueron algunos de los alimentos que cientos de familias disfrutaron en esta fiesta popular que cont\u00f3 con 34 puestos para compartir la riqueza gastron\u00f3mica de la entidad.<\/p>\n\n\n\n<p>\u201cEsta fecha es muy significativa para la poblaci\u00f3n mexicana, por ello, las y los invito a unirnos para convivir, festejar y disfrutar de nuestra gloriosa Independencia, la primera gran transformaci\u00f3n del pa\u00eds\u201d, expres\u00f3 Jara Cruz.<\/p>\n\n\n\n<p>Previo a realizar el tradicional Grito de Independencia, el Mandatario estatal recorri\u00f3 junto a cientos de familias oaxaque\u00f1as, nacionales y extranjeras, los stands de esta verbena que se instal\u00f3 en las calles Hermanos Flores Mag\u00f3n, Jos\u00e9 Mar\u00eda Bustamante, Valerio Trujano y Vicente Guerrero.<\/p>\n\n\n\n<p>Esta actividad realizada por segundo a\u00f1o consecutivo se llev\u00f3 a cabo bajo la premisa de ser un gobierno atento y cercano a la gente, lo que permiti\u00f3 que la poblaci\u00f3n disfrutara de diversos platillos que ofrecieron las diversas dependencias del Gobierno Estatal.<\/p>\n\n\n\n<p>-0-<\/p>\n","protected":false},"excerpt":{"rendered":"<p>\u2022 El Gobernador Salom\u00f3n Jara Cruz y la Presidenta Honoraria del Sistema DIF Oaxaca Irma&#8230;<\/p>\n","protected":false},"author":4,"featured_media":31435,"comment_status":"","ping_status":"open","sticky":false,"template":"","format":"standard","meta":{"footnotes":""},"categories":[9],"tags":[],"jetpack_sharing_enabled":true,"featured_image_urls":{"full":["https:\/\/contextoanalisisperiodistico.com\/wp-content\/uploads\/2024\/09\/IMG-20240915-WA0077.jpg",1600,1066,false],"thumbnail":["https:\/\/contextoanalisisperiodistico.com\/wp-content\/uploads\/2024\/09\/IMG-20240915-WA0077-150x150.jpg",150,150,true],"medium":["https:\/\/contextoanalisisperiodistico.com\/wp-content\/uploads\/2024\/09\/IMG-20240915-WA0077-300x200.jpg",300,200,true],"medium_large":["https:\/\/contextoanalisisperiodistico.com\/wp-content\/uploads\/2024\/09\/IMG-20240915-WA0077-768x512.jpg",640,427,true],"large":["https:\/\/contextoanalisisperiodistico.com\/wp-content\/uploads\/2024\/09\/IMG-20240915-WA0077-1024x682.jpg",640,426,true],"1536x1536":["https:\/\/contextoanalisisperiodistico.com\/wp-content\/uploads\/2024\/09\/IMG-20240915-WA0077-1536x1023.jpg",1536,1023,true],"2048x2048":["https:\/\/contextoanalisisperiodistico.com\/wp-content\/uploads\/2024\/09\/IMG-20240915-WA0077.jpg",1600,1066,false],"covernews-slider-full":["https:\/\/contextoanalisisperiodistico.com\/wp-content\/uploads\/2024\/09\/IMG-20240915-WA0077-1115x715.jpg",1115,715,true],"covernews-slider-center":["https:\/\/contextoanalisisperiodistico.com\/wp-content\/uploads\/2024\/09\/IMG-20240915-WA0077-800x500.jpg",800,500,true],"covernews-featured":["https:\/\/contextoanalisisperiodistico.com\/wp-content\/uploads\/2024\/09\/IMG-20240915-WA0077-1024x682.jpg",1024,682,true],"covernews-medium":["https:\/\/contextoanalisisperiodistico.com\/wp-content\/uploads\/2024\/09\/IMG-20240915-WA0077-540x340.jpg",540,340,true],"covernews-medium-square":["https:\/\/contextoanalisisperiodistico.com\/wp-content\/uploads\/2024\/09\/IMG-20240915-WA0077-400x250.jpg",400,250,true]},"author_info":{"display_name":"Mario Gir\u00f3n","author_link":"https:\/\/contextoanalisisperiodistico.com\/index.php\/author\/director\/"},"category_info":"<a href=\"https:\/\/contextoanalisisperiodistico.com\/index.php\/category\/politica\/\" rel=\"category tag\">Pol\u00edtica<\/a>","tag_info":"Pol\u00edtica","comment_count":"0","jetpack_featured_media_url":"https:\/\/contextoanalisisperiodistico.com\/wp-content\/uploads\/2024\/09\/IMG-20240915-WA0077.jpg","_links":{"self":[{"href":"https:\/\/contextoanalisisperiodistico.com\/index.php\/wp-json\/wp\/v2\/posts\/31444"}],"collection":[{"href":"https:\/\/contextoanalisisperiodistico.com\/index.php\/wp-json\/wp\/v2\/posts"}],"about":[{"href":"https:\/\/contextoanalisisperiodistico.com\/index.php\/wp-json\/wp\/v2\/types\/post"}],"author":[{"embeddable":true,"href":"https:\/\/contextoanalisisperiodistico.com\/index.php\/wp-json\/wp\/v2\/users\/4"}],"replies":[{"embeddable":true,"href":"https:\/\/contextoanalisisperiodistico.com\/index.php\/wp-json\/wp\/v2\/comments?post=31444"}],"version-history":[{"count":0,"href":"https:\/\/contextoanalisisperiodistico.com\/index.php\/wp-json\/wp\/v2\/posts\/31444\/revisions"}],"wp:featuredmedia":[{"embeddable":true,"href":"https:\/\/contextoanalisisperiodistico.com\/index.php\/wp-json\/wp\/v2\/media\/31435"}],"wp:attachment":[{"href":"https:\/\/contextoanalisisperiodistico.com\/index.php\/wp-json\/wp\/v2\/media?parent=31444"}],"wp:term":[{"taxonomy":"category","embeddable":true,"href":"https:\/\/contextoanalisisperiodistico.com\/index.php\/wp-json\/wp\/v2\/categories?post=31444"},{"taxonomy":"post_tag","embeddable":true,"href":"https:\/\/contextoanalisisperiodistico.com\/index.php\/wp-json\/wp\/v2\/tags?post=31444"}],"curies":[{"name":"wp","href":"https:\/\/api.w.org\/{rel}","templated":true}]}}