{"id":31434,"date":"2024-09-15T16:04:20","date_gmt":"2024-09-15T22:04:20","guid":{"rendered":"https:\/\/contextoanalisisperiodistico.com\/index.php\/2024\/09\/15\/la-libertad-el-bien-mas-preciado-salomon-jara-cruz\/"},"modified":"2024-09-15T16:04:20","modified_gmt":"2024-09-15T22:04:20","slug":"la-libertad-el-bien-mas-preciado-salomon-jara-cruz","status":"publish","type":"post","link":"https:\/\/contextoanalisisperiodistico.com\/index.php\/2024\/09\/15\/la-libertad-el-bien-mas-preciado-salomon-jara-cruz\/","title":{"rendered":"La libertad, el bien m\u00e1s preciado: Salom\u00f3n Jara Cruz"},"content":{"rendered":"<div id=\"fb-root\"><\/div>\n\n<p>\u2022 El Gobernador de Oaxaca y la Presidenta Honoraria del Sistema Estatal DIF encabezaron la entrega de mil 178 boletas de liberaci\u00f3n a mujeres y hombres ind\u00edgenas y de escasos recursos<\/p>\n\n\n\n<p>Oaxaca de Ju\u00e1rez, Oax. 15 de septiembre de 2024.- \u201cLa libertad es el bien m\u00e1s preciado para que las familias construyan su presente y futuro\u201d, asever\u00f3 el Gobernador Salom\u00f3n Jara Cruz al encabezar la entrega de mil 178 boletas de liberaci\u00f3n a mujeres y hombres ind\u00edgenas y de escasos recursos.<\/p>\n\n\n\n<p>Durante la Ceremonia de Liberaci\u00f3n de Personas Privadas de su Libertad, acompa\u00f1ado por la Presidenta Honoraria del Sistema DIF Oaxaca Irma Bola\u00f1os Quijano, el titular del Poder Ejecutivo se\u00f1al\u00f3 que este acto rememora la acci\u00f3n del Padre de la Patria, Miguel Hidalgo y Costilla, quien indult\u00f3 a prisioneros en el pueblo de Dolores, Guanajuato, para sumarse a la lucha por la Independencia de M\u00e9xico.<\/p>\n\n\n\n<p>\u201cEn este d\u00eda que conmemoramos el inicio de la Independencia del pa\u00eds, honramos la libertad y justicia con un acto de gran humanismo, para contribuir a la reparaci\u00f3n hist\u00f3rica de los pueblos en un Nuevo Pacto Social para todas y todos\u201d, expres\u00f3.<\/p>\n\n\n\n<p>Jara Cruz indic\u00f3 que cada uno de los expedientes de las personas fue analizado por un grupo de juristas en total apego a la ley y en respeto a sus derechos, garantizando as\u00ed la transparencia y certidumbre jur\u00eddica que fortalecen la procuraci\u00f3n de justicia para los sectores m\u00e1s vulnerables.<\/p>\n\n\n\n<p>En este sentido, exhort\u00f3 a las y los oaxaque\u00f1os que recobraron su libertad a integrarse con la frente en alto y cumplir con sus deberes ciudadanos, colaborando productivamente con la poblaci\u00f3n y sus leyes.<\/p>\n\n\n\n<p>En su oportunidad, la presidenta del Tribunal Superior de Justicia del Estado de Oaxaca, Berenice Ram\u00edrez Jim\u00e9nez refiri\u00f3 que el Poder Judicial suma esfuerzos con el Gobierno Estatal para colaborar en acciones como las audiencias penitenciarias con una perspectiva de humanidad y equidad, en las que se reconocen las circunstancias individuales y buscan soluciones que no solo respeten la ley, sino que tambi\u00e9n fomenten el desarrollo personal y la redenci\u00f3n.<\/p>\n\n\n\n<p>Por su parte, el director general de la Defensor\u00eda P\u00fablica del Estado de Oaxaca, Marcelo Merino Garc\u00eda destac\u00f3 que la actual administraci\u00f3n seguir\u00e1 trabajando para que el acceso a la justicia sea un derecho universal que est\u00e9 al alcance de toda la ciudadan\u00eda y no represente un privilegio para unos cuantos.<\/p>\n\n\n\n<p>Cabe destacar que en lo que va del Gobierno de la Primavera Oaxaque\u00f1a, m\u00e1s de 3 mil personas han recobrado su libertad. Con estas acciones se consolida Un Nuevo Pacto Social basado en la profundizaci\u00f3n democr\u00e1tica, la lucha contra la corrupci\u00f3n y la soluci\u00f3n de conflictos.<\/p>\n\n\n\n<p>-0-<\/p>\n\n\n\n<figure class=\"wp-block-image size-large\"><img fetchpriority=\"high\" decoding=\"async\" width=\"1024\" height=\"682\" src=\"https:\/\/contextoanalisisperiodistico.com\/wp-content\/uploads\/2024\/09\/img-20240915-wa00301509490504532697993-1024x682.jpg\" alt=\"\" class=\"wp-image-31430\" srcset=\"https:\/\/contextoanalisisperiodistico.com\/wp-content\/uploads\/2024\/09\/img-20240915-wa00301509490504532697993-1024x682.jpg 1024w, https:\/\/contextoanalisisperiodistico.com\/wp-content\/uploads\/2024\/09\/img-20240915-wa00301509490504532697993-300x200.jpg 300w, https:\/\/contextoanalisisperiodistico.com\/wp-content\/uploads\/2024\/09\/img-20240915-wa00301509490504532697993-768x512.jpg 768w, https:\/\/contextoanalisisperiodistico.com\/wp-content\/uploads\/2024\/09\/img-20240915-wa00301509490504532697993.jpg 1280w\" sizes=\"(max-width: 1024px) 100vw, 1024px\" \/><\/figure>\n\n\n\n<figure class=\"wp-block-image\"><img decoding=\"async\" width=\"1024\" height=\"682\" src=\"https:\/\/contextoanalisisperiodistico.com\/wp-content\/uploads\/2024\/09\/img-20240915-wa00273338079177561793944-1024x682.jpg\" alt=\"\" class=\"wp-image-31432\" srcset=\"https:\/\/contextoanalisisperiodistico.com\/wp-content\/uploads\/2024\/09\/img-20240915-wa00273338079177561793944-1024x682.jpg 1024w, https:\/\/contextoanalisisperiodistico.com\/wp-content\/uploads\/2024\/09\/img-20240915-wa00273338079177561793944-300x200.jpg 300w, https:\/\/contextoanalisisperiodistico.com\/wp-content\/uploads\/2024\/09\/img-20240915-wa00273338079177561793944-768x512.jpg 768w, https:\/\/contextoanalisisperiodistico.com\/wp-content\/uploads\/2024\/09\/img-20240915-wa00273338079177561793944-1536x1023.jpg 1536w, https:\/\/contextoanalisisperiodistico.com\/wp-content\/uploads\/2024\/09\/img-20240915-wa00273338079177561793944.jpg 1600w\" sizes=\"(max-width: 1024px) 100vw, 1024px\" \/><\/figure>\n\n\n\n<figure class=\"wp-block-image\"><img decoding=\"async\" width=\"1024\" height=\"682\" src=\"https:\/\/contextoanalisisperiodistico.com\/wp-content\/uploads\/2024\/09\/img-20240915-wa00287439700117039714696-1024x682.jpg\" alt=\"\" class=\"wp-image-31431\" srcset=\"https:\/\/contextoanalisisperiodistico.com\/wp-content\/uploads\/2024\/09\/img-20240915-wa00287439700117039714696-1024x682.jpg 1024w, https:\/\/contextoanalisisperiodistico.com\/wp-content\/uploads\/2024\/09\/img-20240915-wa00287439700117039714696-300x200.jpg 300w, https:\/\/contextoanalisisperiodistico.com\/wp-content\/uploads\/2024\/09\/img-20240915-wa00287439700117039714696-768x512.jpg 768w, https:\/\/contextoanalisisperiodistico.com\/wp-content\/uploads\/2024\/09\/img-20240915-wa00287439700117039714696-1536x1023.jpg 1536w, https:\/\/contextoanalisisperiodistico.com\/wp-content\/uploads\/2024\/09\/img-20240915-wa00287439700117039714696.jpg 1600w\" sizes=\"(max-width: 1024px) 100vw, 1024px\" \/><\/figure>\n\n\n\n<figure class=\"wp-block-image\"><img loading=\"lazy\" decoding=\"async\" width=\"1024\" height=\"682\" src=\"https:\/\/contextoanalisisperiodistico.com\/wp-content\/uploads\/2024\/09\/img-20240915-wa00321213454405053542895-1024x682.jpg\" alt=\"\" class=\"wp-image-31433\" srcset=\"https:\/\/contextoanalisisperiodistico.com\/wp-content\/uploads\/2024\/09\/img-20240915-wa00321213454405053542895-1024x682.jpg 1024w, https:\/\/contextoanalisisperiodistico.com\/wp-content\/uploads\/2024\/09\/img-20240915-wa00321213454405053542895-300x200.jpg 300w, https:\/\/contextoanalisisperiodistico.com\/wp-content\/uploads\/2024\/09\/img-20240915-wa00321213454405053542895-768x512.jpg 768w, https:\/\/contextoanalisisperiodistico.com\/wp-content\/uploads\/2024\/09\/img-20240915-wa00321213454405053542895.jpg 1280w\" sizes=\"(max-width: 1024px) 100vw, 1024px\" \/><\/figure>\n","protected":false},"excerpt":{"rendered":"<p>\u2022 El Gobernador de Oaxaca y la Presidenta Honoraria del Sistema Estatal DIF encabezaron la&#8230;<\/p>\n","protected":false},"author":4,"featured_media":31429,"comment_status":"","ping_status":"open","sticky":false,"template":"","format":"standard","meta":{"footnotes":""},"categories":[9],"tags":[],"jetpack_sharing_enabled":true,"featured_image_urls":{"full":["https:\/\/contextoanalisisperiodistico.com\/wp-content\/uploads\/2024\/09\/IMG-20240915-WA0031.jpg",1280,853,false],"thumbnail":["https:\/\/contextoanalisisperiodistico.com\/wp-content\/uploads\/2024\/09\/IMG-20240915-WA0031-150x150.jpg",150,150,true],"medium":["https:\/\/contextoanalisisperiodistico.com\/wp-content\/uploads\/2024\/09\/IMG-20240915-WA0031-300x200.jpg",300,200,true],"medium_large":["https:\/\/contextoanalisisperiodistico.com\/wp-content\/uploads\/2024\/09\/IMG-20240915-WA0031-768x512.jpg",640,427,true],"large":["https:\/\/contextoanalisisperiodistico.com\/wp-content\/uploads\/2024\/09\/IMG-20240915-WA0031-1024x682.jpg",640,426,true],"1536x1536":["https:\/\/contextoanalisisperiodistico.com\/wp-content\/uploads\/2024\/09\/IMG-20240915-WA0031.jpg",1280,853,false],"2048x2048":["https:\/\/contextoanalisisperiodistico.com\/wp-content\/uploads\/2024\/09\/IMG-20240915-WA0031.jpg",1280,853,false],"covernews-slider-full":["https:\/\/contextoanalisisperiodistico.com\/wp-content\/uploads\/2024\/09\/IMG-20240915-WA0031-1115x715.jpg",1115,715,true],"covernews-slider-center":["https:\/\/contextoanalisisperiodistico.com\/wp-content\/uploads\/2024\/09\/IMG-20240915-WA0031-800x500.jpg",800,500,true],"covernews-featured":["https:\/\/contextoanalisisperiodistico.com\/wp-content\/uploads\/2024\/09\/IMG-20240915-WA0031-1024x682.jpg",1024,682,true],"covernews-medium":["https:\/\/contextoanalisisperiodistico.com\/wp-content\/uploads\/2024\/09\/IMG-20240915-WA0031-540x340.jpg",540,340,true],"covernews-medium-square":["https:\/\/contextoanalisisperiodistico.com\/wp-content\/uploads\/2024\/09\/IMG-20240915-WA0031-400x250.jpg",400,250,true]},"author_info":{"display_name":"Mario Gir\u00f3n","author_link":"https:\/\/contextoanalisisperiodistico.com\/index.php\/author\/director\/"},"category_info":"<a href=\"https:\/\/contextoanalisisperiodistico.com\/index.php\/category\/politica\/\" rel=\"category tag\">Pol\u00edtica<\/a>","tag_info":"Pol\u00edtica","comment_count":"0","jetpack_featured_media_url":"https:\/\/contextoanalisisperiodistico.com\/wp-content\/uploads\/2024\/09\/IMG-20240915-WA0031.jpg","_links":{"self":[{"href":"https:\/\/contextoanalisisperiodistico.com\/index.php\/wp-json\/wp\/v2\/posts\/31434"}],"collection":[{"href":"https:\/\/contextoanalisisperiodistico.com\/index.php\/wp-json\/wp\/v2\/posts"}],"about":[{"href":"https:\/\/contextoanalisisperiodistico.com\/index.php\/wp-json\/wp\/v2\/types\/post"}],"author":[{"embeddable":true,"href":"https:\/\/contextoanalisisperiodistico.com\/index.php\/wp-json\/wp\/v2\/users\/4"}],"replies":[{"embeddable":true,"href":"https:\/\/contextoanalisisperiodistico.com\/index.php\/wp-json\/wp\/v2\/comments?post=31434"}],"version-history":[{"count":0,"href":"https:\/\/contextoanalisisperiodistico.com\/index.php\/wp-json\/wp\/v2\/posts\/31434\/revisions"}],"wp:featuredmedia":[{"embeddable":true,"href":"https:\/\/contextoanalisisperiodistico.com\/index.php\/wp-json\/wp\/v2\/media\/31429"}],"wp:attachment":[{"href":"https:\/\/contextoanalisisperiodistico.com\/index.php\/wp-json\/wp\/v2\/media?parent=31434"}],"wp:term":[{"taxonomy":"category","embeddable":true,"href":"https:\/\/contextoanalisisperiodistico.com\/index.php\/wp-json\/wp\/v2\/categories?post=31434"},{"taxonomy":"post_tag","embeddable":true,"href":"https:\/\/contextoanalisisperiodistico.com\/index.php\/wp-json\/wp\/v2\/tags?post=31434"}],"curies":[{"name":"wp","href":"https:\/\/api.w.org\/{rel}","templated":true}]}}