{"id":31428,"date":"2024-09-15T09:34:57","date_gmt":"2024-09-15T15:34:57","guid":{"rendered":"https:\/\/contextoanalisisperiodistico.com\/index.php\/2024\/09\/15\/reconocen-labor-de-personas-verificadoras-sanitarias-en-la-proteccion-a-la-salud\/"},"modified":"2024-09-15T09:34:57","modified_gmt":"2024-09-15T15:34:57","slug":"reconocen-labor-de-personas-verificadoras-sanitarias-en-la-proteccion-a-la-salud","status":"publish","type":"post","link":"https:\/\/contextoanalisisperiodistico.com\/index.php\/2024\/09\/15\/reconocen-labor-de-personas-verificadoras-sanitarias-en-la-proteccion-a-la-salud\/","title":{"rendered":"Reconocen labor de personas verificadoras sanitarias en la protecci\u00f3n a la salud\u00a0"},"content":{"rendered":"<div id=\"fb-root\"><\/div>\n\n<ul class=\"wp-block-list\">\n<li>Su esfuerzo y dedicaci\u00f3n son fundamentales para evitar riesgos y da\u00f1os al bienestar de la poblaci\u00f3n<br>\u00a0<br>Oaxaca de Ju\u00e1rez, Oax. 15 de septiembre de 2024.- En el marco del D\u00eda de la y el Verificador Sanitario, que se celebra a nivel estatal este 15 de septiembre, Servicios de Salud de Oaxaca (SSO) reconoce el esfuerzo, compromiso y dedicaci\u00f3n de lo m\u00e1s preciado que tiene en la protecci\u00f3n contra riesgos sanitarios, el recurso humano.<br>\u00a0<br>As\u00ed lo destac\u00f3 la directora de Regulaci\u00f3n y Fomento Sanitario Andrea Ram\u00f3n Garc\u00eda, al entregar reconocimientos por la destacada trayectoria\u00a0profesional y por\u00a0importantes \u00e9xitos logrados en m\u00e1s de 20 a\u00f1os dedicados al trabajo\u00a0sanitario a 12 invaluables profesionales en la materia.<br>\u00a0<br>Durante la ceremonia, felicit\u00f3 a las 79 mujeres y hombres que se desempe\u00f1an como verificadores sanitarios\u00a0en la entidad, quienes diariamente efect\u00faan una labor trascendental y significativa en el cuidado para preservar la salud, impedir o frenar enfermedades.<br>\u00a0<br>La funcionaria se\u00f1al\u00f3 que para conmemorar esta importante fecha tambi\u00e9n se llev\u00f3 a cabo la jornada acad\u00e9mica El desarrollo integral humano; adem\u00e1s de un encuentro deportivo de f\u00fatbol 7 en las ramas femenil y varonil; juegos de voleibol mixto y una carrera atl\u00e9tica en el Bosque El Tequio, a fin de fomentar la actividad f\u00edsica y la uni\u00f3n entre la base trabajadora.<br>\u00a0<br>En este marco se hizo entrega de medallas y reconocimientos a las y los ganadores de las categor\u00edas femenil y varonil, de la justa atl\u00e9tica en la que se dieron cita personal de las seis Jurisdicciones Sanitarias.<br>\u00a0<br>Expuso que el personal de esta direcci\u00f3n est\u00e1 avalado por la Comisi\u00f3n Federal para la Protecci\u00f3n Contra Riesgos Sanitarios (Cofepris), quienes realizan visitas, supervisiones, liberaci\u00f3n o aplicaci\u00f3n de medidas de seguridad, dictaminaci\u00f3n, actividades de orientaci\u00f3n, instrucci\u00f3n y educaci\u00f3n de \u00edndole sanitaria.<br>\u00a0<br>Entre las personas galardonadas por a\u00f1os de trayectoria se encuentran: Filem\u00f3n L\u00f3pez P\u00e9rez, Rosa Mar\u00eda Trujillo Mateo, H\u00e9ctor de Jes\u00fas Z\u00e1rate Ugalde, Gilberto Jim\u00e9nez Robles, David Cruz Ortega, Octavio Mart\u00edn Ju\u00e1rez P\u00e9rez, Miguel Toledo Ortiz, Sigfredo Villalobos L\u00f3pez, Crescencio Aguilar\u00a0Pe\u00f1a, Teresa Rosario Avenda\u00f1o V\u00e1squez, Francisco Manuel Carrasco y Nereyda Adriana Castillejos Espinosa.<\/li>\n<\/ul>\n\n\n\n<figure class=\"wp-block-image size-large\"><img fetchpriority=\"high\" decoding=\"async\" width=\"1024\" height=\"682\" src=\"https:\/\/contextoanalisisperiodistico.com\/wp-content\/uploads\/2024\/09\/img-20240915-wa00098933614647797890882-1024x682.jpg\" alt=\"\" class=\"wp-image-31424\" srcset=\"https:\/\/contextoanalisisperiodistico.com\/wp-content\/uploads\/2024\/09\/img-20240915-wa00098933614647797890882-1024x682.jpg 1024w, https:\/\/contextoanalisisperiodistico.com\/wp-content\/uploads\/2024\/09\/img-20240915-wa00098933614647797890882-300x200.jpg 300w, https:\/\/contextoanalisisperiodistico.com\/wp-content\/uploads\/2024\/09\/img-20240915-wa00098933614647797890882-768x512.jpg 768w, https:\/\/contextoanalisisperiodistico.com\/wp-content\/uploads\/2024\/09\/img-20240915-wa00098933614647797890882-1536x1023.jpg 1536w, https:\/\/contextoanalisisperiodistico.com\/wp-content\/uploads\/2024\/09\/img-20240915-wa00098933614647797890882.jpg 1600w\" sizes=\"(max-width: 1024px) 100vw, 1024px\" \/><\/figure>\n\n\n\n<figure class=\"wp-block-image\"><img decoding=\"async\" width=\"1024\" height=\"768\" src=\"https:\/\/contextoanalisisperiodistico.com\/wp-content\/uploads\/2024\/09\/img-20240915-wa00106269842205915821598-1024x768.jpg\" alt=\"\" class=\"wp-image-31426\" srcset=\"https:\/\/contextoanalisisperiodistico.com\/wp-content\/uploads\/2024\/09\/img-20240915-wa00106269842205915821598-1024x768.jpg 1024w, https:\/\/contextoanalisisperiodistico.com\/wp-content\/uploads\/2024\/09\/img-20240915-wa00106269842205915821598-300x225.jpg 300w, https:\/\/contextoanalisisperiodistico.com\/wp-content\/uploads\/2024\/09\/img-20240915-wa00106269842205915821598-768x576.jpg 768w, https:\/\/contextoanalisisperiodistico.com\/wp-content\/uploads\/2024\/09\/img-20240915-wa00106269842205915821598.jpg 1280w\" sizes=\"(max-width: 1024px) 100vw, 1024px\" \/><\/figure>\n\n\n\n<figure class=\"wp-block-image\"><img decoding=\"async\" width=\"1024\" height=\"774\" src=\"https:\/\/contextoanalisisperiodistico.com\/wp-content\/uploads\/2024\/09\/img-20240915-wa00136333038974079264325-1024x774.jpg\" alt=\"\" class=\"wp-image-31425\" srcset=\"https:\/\/contextoanalisisperiodistico.com\/wp-content\/uploads\/2024\/09\/img-20240915-wa00136333038974079264325-1024x774.jpg 1024w, https:\/\/contextoanalisisperiodistico.com\/wp-content\/uploads\/2024\/09\/img-20240915-wa00136333038974079264325-300x227.jpg 300w, https:\/\/contextoanalisisperiodistico.com\/wp-content\/uploads\/2024\/09\/img-20240915-wa00136333038974079264325-768x581.jpg 768w, https:\/\/contextoanalisisperiodistico.com\/wp-content\/uploads\/2024\/09\/img-20240915-wa00136333038974079264325.jpg 1190w\" sizes=\"(max-width: 1024px) 100vw, 1024px\" \/><\/figure>\n\n\n\n<figure class=\"wp-block-image\"><img loading=\"lazy\" decoding=\"async\" width=\"1024\" height=\"768\" src=\"https:\/\/contextoanalisisperiodistico.com\/wp-content\/uploads\/2024\/09\/img-20240915-wa00127052406626440994231-1024x768.jpg\" alt=\"\" class=\"wp-image-31427\" srcset=\"https:\/\/contextoanalisisperiodistico.com\/wp-content\/uploads\/2024\/09\/img-20240915-wa00127052406626440994231-1024x768.jpg 1024w, https:\/\/contextoanalisisperiodistico.com\/wp-content\/uploads\/2024\/09\/img-20240915-wa00127052406626440994231-300x225.jpg 300w, https:\/\/contextoanalisisperiodistico.com\/wp-content\/uploads\/2024\/09\/img-20240915-wa00127052406626440994231-768x576.jpg 768w, https:\/\/contextoanalisisperiodistico.com\/wp-content\/uploads\/2024\/09\/img-20240915-wa00127052406626440994231-1536x1152.jpg 1536w, https:\/\/contextoanalisisperiodistico.com\/wp-content\/uploads\/2024\/09\/img-20240915-wa00127052406626440994231.jpg 1600w\" sizes=\"(max-width: 1024px) 100vw, 1024px\" \/><\/figure>\n\n\n\n<p>-0-<\/p>\n","protected":false},"excerpt":{"rendered":"<p>-0-<\/p>\n","protected":false},"author":4,"featured_media":31423,"comment_status":"","ping_status":"open","sticky":false,"template":"","format":"standard","meta":{"footnotes":""},"categories":[92],"tags":[],"jetpack_sharing_enabled":true,"featured_image_urls":{"full":["https:\/\/contextoanalisisperiodistico.com\/wp-content\/uploads\/2024\/09\/IMG-20240915-WA0014.jpg",1600,900,false],"thumbnail":["https:\/\/contextoanalisisperiodistico.com\/wp-content\/uploads\/2024\/09\/IMG-20240915-WA0014-150x150.jpg",150,150,true],"medium":["https:\/\/contextoanalisisperiodistico.com\/wp-content\/uploads\/2024\/09\/IMG-20240915-WA0014-300x169.jpg",300,169,true],"medium_large":["https:\/\/contextoanalisisperiodistico.com\/wp-content\/uploads\/2024\/09\/IMG-20240915-WA0014-768x432.jpg",640,360,true],"large":["https:\/\/contextoanalisisperiodistico.com\/wp-content\/uploads\/2024\/09\/IMG-20240915-WA0014-1024x576.jpg",640,360,true],"1536x1536":["https:\/\/contextoanalisisperiodistico.com\/wp-content\/uploads\/2024\/09\/IMG-20240915-WA0014-1536x864.jpg",1536,864,true],"2048x2048":["https:\/\/contextoanalisisperiodistico.com\/wp-content\/uploads\/2024\/09\/IMG-20240915-WA0014.jpg",1600,900,false],"covernews-slider-full":["https:\/\/contextoanalisisperiodistico.com\/wp-content\/uploads\/2024\/09\/IMG-20240915-WA0014-1115x715.jpg",1115,715,true],"covernews-slider-center":["https:\/\/contextoanalisisperiodistico.com\/wp-content\/uploads\/2024\/09\/IMG-20240915-WA0014-800x500.jpg",800,500,true],"covernews-featured":["https:\/\/contextoanalisisperiodistico.com\/wp-content\/uploads\/2024\/09\/IMG-20240915-WA0014-1024x576.jpg",1024,576,true],"covernews-medium":["https:\/\/contextoanalisisperiodistico.com\/wp-content\/uploads\/2024\/09\/IMG-20240915-WA0014-540x340.jpg",540,340,true],"covernews-medium-square":["https:\/\/contextoanalisisperiodistico.com\/wp-content\/uploads\/2024\/09\/IMG-20240915-WA0014-400x250.jpg",400,250,true]},"author_info":{"display_name":"Mario Gir\u00f3n","author_link":"https:\/\/contextoanalisisperiodistico.com\/index.php\/author\/director\/"},"category_info":"<a href=\"https:\/\/contextoanalisisperiodistico.com\/index.php\/category\/salud\/\" rel=\"category tag\">Salud<\/a>","tag_info":"Salud","comment_count":"0","jetpack_featured_media_url":"https:\/\/contextoanalisisperiodistico.com\/wp-content\/uploads\/2024\/09\/IMG-20240915-WA0014.jpg","_links":{"self":[{"href":"https:\/\/contextoanalisisperiodistico.com\/index.php\/wp-json\/wp\/v2\/posts\/31428"}],"collection":[{"href":"https:\/\/contextoanalisisperiodistico.com\/index.php\/wp-json\/wp\/v2\/posts"}],"about":[{"href":"https:\/\/contextoanalisisperiodistico.com\/index.php\/wp-json\/wp\/v2\/types\/post"}],"author":[{"embeddable":true,"href":"https:\/\/contextoanalisisperiodistico.com\/index.php\/wp-json\/wp\/v2\/users\/4"}],"replies":[{"embeddable":true,"href":"https:\/\/contextoanalisisperiodistico.com\/index.php\/wp-json\/wp\/v2\/comments?post=31428"}],"version-history":[{"count":0,"href":"https:\/\/contextoanalisisperiodistico.com\/index.php\/wp-json\/wp\/v2\/posts\/31428\/revisions"}],"wp:featuredmedia":[{"embeddable":true,"href":"https:\/\/contextoanalisisperiodistico.com\/index.php\/wp-json\/wp\/v2\/media\/31423"}],"wp:attachment":[{"href":"https:\/\/contextoanalisisperiodistico.com\/index.php\/wp-json\/wp\/v2\/media?parent=31428"}],"wp:term":[{"taxonomy":"category","embeddable":true,"href":"https:\/\/contextoanalisisperiodistico.com\/index.php\/wp-json\/wp\/v2\/categories?post=31428"},{"taxonomy":"post_tag","embeddable":true,"href":"https:\/\/contextoanalisisperiodistico.com\/index.php\/wp-json\/wp\/v2\/tags?post=31428"}],"curies":[{"name":"wp","href":"https:\/\/api.w.org\/{rel}","templated":true}]}}