{"id":31415,"date":"2024-09-14T21:02:55","date_gmt":"2024-09-15T03:02:55","guid":{"rendered":"https:\/\/contextoanalisisperiodistico.com\/index.php\/2024\/09\/14\/trabajar-honestamente-clave-para-consolidar-el-segundo-piso-de-la-cuarta-transformacion\/"},"modified":"2024-09-14T21:02:55","modified_gmt":"2024-09-15T03:02:55","slug":"trabajar-honestamente-clave-para-consolidar-el-segundo-piso-de-la-cuarta-transformacion","status":"publish","type":"post","link":"https:\/\/contextoanalisisperiodistico.com\/index.php\/2024\/09\/14\/trabajar-honestamente-clave-para-consolidar-el-segundo-piso-de-la-cuarta-transformacion\/","title":{"rendered":"Trabajar honestamente, clave para consolidar el segundo piso de la Cuarta Transformaci\u00f3n"},"content":{"rendered":"<div id=\"fb-root\"><\/div>\n\n<p>*La Coordinaci\u00f3n de Comunicaci\u00f3n Social del Gobierno del Estado en conjunto con la Procuradur\u00eda de la Defensa para las Personas con Discapacidad del Sistema DIF Oaxaca, rindieron honores a los S\u00edmbolos Patrios<\/p>\n\n\n\n<figure class=\"wp-block-image size-large\"><img fetchpriority=\"high\" decoding=\"async\" width=\"1024\" height=\"682\" src=\"https:\/\/contextoanalisisperiodistico.com\/wp-content\/uploads\/2024\/09\/img-20240914-wa01315466307151609848177-1024x682.jpg\" alt=\"\" class=\"wp-image-31413\" srcset=\"https:\/\/contextoanalisisperiodistico.com\/wp-content\/uploads\/2024\/09\/img-20240914-wa01315466307151609848177-1024x682.jpg 1024w, https:\/\/contextoanalisisperiodistico.com\/wp-content\/uploads\/2024\/09\/img-20240914-wa01315466307151609848177-300x200.jpg 300w, https:\/\/contextoanalisisperiodistico.com\/wp-content\/uploads\/2024\/09\/img-20240914-wa01315466307151609848177-768x511.jpg 768w, https:\/\/contextoanalisisperiodistico.com\/wp-content\/uploads\/2024\/09\/img-20240914-wa01315466307151609848177.jpg 1280w\" sizes=\"(max-width: 1024px) 100vw, 1024px\" \/><\/figure>\n\n\n\n<figure class=\"wp-block-image\"><img decoding=\"async\" width=\"1024\" height=\"682\" src=\"https:\/\/contextoanalisisperiodistico.com\/wp-content\/uploads\/2024\/09\/img-20240914-wa01307714931786469099232-1024x682.jpg\" alt=\"\" class=\"wp-image-31414\" srcset=\"https:\/\/contextoanalisisperiodistico.com\/wp-content\/uploads\/2024\/09\/img-20240914-wa01307714931786469099232-1024x682.jpg 1024w, https:\/\/contextoanalisisperiodistico.com\/wp-content\/uploads\/2024\/09\/img-20240914-wa01307714931786469099232-300x200.jpg 300w, https:\/\/contextoanalisisperiodistico.com\/wp-content\/uploads\/2024\/09\/img-20240914-wa01307714931786469099232-768x511.jpg 768w, https:\/\/contextoanalisisperiodistico.com\/wp-content\/uploads\/2024\/09\/img-20240914-wa01307714931786469099232.jpg 1280w\" sizes=\"(max-width: 1024px) 100vw, 1024px\" \/><\/figure>\n\n\n\n<figure class=\"wp-block-image\"><img decoding=\"async\" width=\"1024\" height=\"683\" src=\"https:\/\/contextoanalisisperiodistico.com\/wp-content\/uploads\/2024\/09\/img-20240914-wa01292788538788247694609-1024x683.jpg\" alt=\"\" class=\"wp-image-31412\" srcset=\"https:\/\/contextoanalisisperiodistico.com\/wp-content\/uploads\/2024\/09\/img-20240914-wa01292788538788247694609-1024x683.jpg 1024w, https:\/\/contextoanalisisperiodistico.com\/wp-content\/uploads\/2024\/09\/img-20240914-wa01292788538788247694609-300x200.jpg 300w, https:\/\/contextoanalisisperiodistico.com\/wp-content\/uploads\/2024\/09\/img-20240914-wa01292788538788247694609-768x512.jpg 768w, https:\/\/contextoanalisisperiodistico.com\/wp-content\/uploads\/2024\/09\/img-20240914-wa01292788538788247694609.jpg 1280w\" sizes=\"(max-width: 1024px) 100vw, 1024px\" \/><\/figure>\n\n\n\n<p>Oaxaca de Ju\u00e1rez, Oax. 14 de septiembre de 2024.- Trabajar de manera honesta y responsable son clave para lograr resultados, y mantener esta forma de actuar coadyuvar\u00e1 en la construcci\u00f3n del Segundo piso de la Cuarta Transformaci\u00f3n, afirm\u00f3 Elizabeth \u00c1lvarez Acosta coordinadora de Comunicaci\u00f3n Social del Gobierno del Estado.<\/p>\n\n\n\n<p>Expres\u00f3 que la Independencia fue el primer movimiento transformador del pa\u00eds y que este a\u00f1o coincide con el fin del mandato presidencial que di\u00f3 inicio a la Cuarta Transformaci\u00f3n.<\/p>\n\n\n\n<p>Agreg\u00f3 que, \u201cproyectos como la carreteras que comunican la ciudad de Oaxaca con la Costa y el Istmo, el Corredor Interoce\u00e1nico y los caminos artesanales, son ejemplo de que un trabajo honesto tiene mejores resultados\u201d.<\/p>\n\n\n\n<p>Asimismo, reconoci\u00f3 el trabajo realizado por el Presidente Andr\u00e9s Manuel L\u00f3pez Obrador y el Gobernador Salom\u00f3n Jara Cruz, el cual, debe preservarse para consolidar dicho legado.<\/p>\n\n\n\n<p>\u201cEstamos transitando hac\u00eda la construcci\u00f3n un mejor Oaxaca en donde existan m\u00e1s y mejores oportunidades para todas y todos adem\u00e1s de erradicar los privilegios que por a\u00f1os fueron para unos cuantos\u201d.<\/p>\n\n\n\n<p>Esto, durante el arriamiento del L\u00e1baro Patrio en la Alameda de Le\u00f3n de la capital oaxaque\u00f1a y frente a funcionariado p\u00fablico de la Coordinaci\u00f3n de Comunicaci\u00f3n Social del Gobierno del Estado de Oaxaca y la Procuradur\u00eda de la Defensa para las Personas con Discapacidad adscrita al Sistema Estatal para el Desarrollo Integral de la Familia (DIF) Oaxaca, as\u00ed como ciudadan\u00eda presente en este solemne acto.<\/p>\n\n\n\n<p>En esta actividad enmarcada en el 214 aniversario de la Independencia de M\u00e9xico, la Banda de Guerra y la Banda de M\u00fasica de la Secretar\u00eda de Seguridad y Protecci\u00f3n Ciudadana (SSPC) interpretaron el Himno Nacional acompa\u00f1ados por las voces de Luis Ricardo Ju\u00e1rez Ruiz y Yesenia Osorio Martinez ,la Marcha Cadetes de la Naval, as\u00ed como los Honores de retirada del L\u00e1baro Patrio.<\/p>\n\n\n\n<p>Con estas acciones, el Gobierno de la Primavera Oaxaque\u00f1a, promueve el respeto a los S\u00edmbolos Patrios y la conservaci\u00f3n de la memoria hist\u00f3rica, que permiten el desarrollo de un Nuevo Pacto Social conservando valores como la libertad y la honestidad.<\/p>\n\n\n\n<p>-0-<\/p>\n","protected":false},"excerpt":{"rendered":"<p>*La Coordinaci\u00f3n de Comunicaci\u00f3n Social del Gobierno del Estado en conjunto con la Procuradur\u00eda de&#8230;<\/p>\n","protected":false},"author":4,"featured_media":31411,"comment_status":"","ping_status":"open","sticky":false,"template":"","format":"standard","meta":{"footnotes":""},"categories":[9],"tags":[],"jetpack_sharing_enabled":true,"featured_image_urls":{"full":["https:\/\/contextoanalisisperiodistico.com\/wp-content\/uploads\/2024\/09\/IMG-20240914-WA0128.jpg",1280,852,false],"thumbnail":["https:\/\/contextoanalisisperiodistico.com\/wp-content\/uploads\/2024\/09\/IMG-20240914-WA0128-150x150.jpg",150,150,true],"medium":["https:\/\/contextoanalisisperiodistico.com\/wp-content\/uploads\/2024\/09\/IMG-20240914-WA0128-300x200.jpg",300,200,true],"medium_large":["https:\/\/contextoanalisisperiodistico.com\/wp-content\/uploads\/2024\/09\/IMG-20240914-WA0128-768x511.jpg",640,426,true],"large":["https:\/\/contextoanalisisperiodistico.com\/wp-content\/uploads\/2024\/09\/IMG-20240914-WA0128-1024x682.jpg",640,426,true],"1536x1536":["https:\/\/contextoanalisisperiodistico.com\/wp-content\/uploads\/2024\/09\/IMG-20240914-WA0128.jpg",1280,852,false],"2048x2048":["https:\/\/contextoanalisisperiodistico.com\/wp-content\/uploads\/2024\/09\/IMG-20240914-WA0128.jpg",1280,852,false],"covernews-slider-full":["https:\/\/contextoanalisisperiodistico.com\/wp-content\/uploads\/2024\/09\/IMG-20240914-WA0128-1115x715.jpg",1115,715,true],"covernews-slider-center":["https:\/\/contextoanalisisperiodistico.com\/wp-content\/uploads\/2024\/09\/IMG-20240914-WA0128-800x500.jpg",800,500,true],"covernews-featured":["https:\/\/contextoanalisisperiodistico.com\/wp-content\/uploads\/2024\/09\/IMG-20240914-WA0128-1024x682.jpg",1024,682,true],"covernews-medium":["https:\/\/contextoanalisisperiodistico.com\/wp-content\/uploads\/2024\/09\/IMG-20240914-WA0128-540x340.jpg",540,340,true],"covernews-medium-square":["https:\/\/contextoanalisisperiodistico.com\/wp-content\/uploads\/2024\/09\/IMG-20240914-WA0128-400x250.jpg",400,250,true]},"author_info":{"display_name":"Mario Gir\u00f3n","author_link":"https:\/\/contextoanalisisperiodistico.com\/index.php\/author\/director\/"},"category_info":"<a href=\"https:\/\/contextoanalisisperiodistico.com\/index.php\/category\/politica\/\" rel=\"category tag\">Pol\u00edtica<\/a>","tag_info":"Pol\u00edtica","comment_count":"0","jetpack_featured_media_url":"https:\/\/contextoanalisisperiodistico.com\/wp-content\/uploads\/2024\/09\/IMG-20240914-WA0128.jpg","_links":{"self":[{"href":"https:\/\/contextoanalisisperiodistico.com\/index.php\/wp-json\/wp\/v2\/posts\/31415"}],"collection":[{"href":"https:\/\/contextoanalisisperiodistico.com\/index.php\/wp-json\/wp\/v2\/posts"}],"about":[{"href":"https:\/\/contextoanalisisperiodistico.com\/index.php\/wp-json\/wp\/v2\/types\/post"}],"author":[{"embeddable":true,"href":"https:\/\/contextoanalisisperiodistico.com\/index.php\/wp-json\/wp\/v2\/users\/4"}],"replies":[{"embeddable":true,"href":"https:\/\/contextoanalisisperiodistico.com\/index.php\/wp-json\/wp\/v2\/comments?post=31415"}],"version-history":[{"count":0,"href":"https:\/\/contextoanalisisperiodistico.com\/index.php\/wp-json\/wp\/v2\/posts\/31415\/revisions"}],"wp:featuredmedia":[{"embeddable":true,"href":"https:\/\/contextoanalisisperiodistico.com\/index.php\/wp-json\/wp\/v2\/media\/31411"}],"wp:attachment":[{"href":"https:\/\/contextoanalisisperiodistico.com\/index.php\/wp-json\/wp\/v2\/media?parent=31415"}],"wp:term":[{"taxonomy":"category","embeddable":true,"href":"https:\/\/contextoanalisisperiodistico.com\/index.php\/wp-json\/wp\/v2\/categories?post=31415"},{"taxonomy":"post_tag","embeddable":true,"href":"https:\/\/contextoanalisisperiodistico.com\/index.php\/wp-json\/wp\/v2\/tags?post=31415"}],"curies":[{"name":"wp","href":"https:\/\/api.w.org\/{rel}","templated":true}]}}