{"id":31398,"date":"2024-09-14T14:39:57","date_gmt":"2024-09-14T20:39:57","guid":{"rendered":"https:\/\/contextoanalisisperiodistico.com\/?p=31398"},"modified":"2024-09-14T14:39:56","modified_gmt":"2024-09-14T20:39:56","slug":"presenta-sspc-despliegue-operativo-septiembre-mes-de-las-fiestas-patrias","status":"publish","type":"post","link":"https:\/\/contextoanalisisperiodistico.com\/index.php\/2024\/09\/14\/presenta-sspc-despliegue-operativo-septiembre-mes-de-las-fiestas-patrias\/","title":{"rendered":"Presenta SSPC despliegue operativo \u201cSeptiembre, Mes de las fiestas patrias\u201d"},"content":{"rendered":"<div id=\"fb-root\"><\/div>\n\n<p>\u2022 Ser\u00e1 integrado por al menos 85 veh\u00edculos entre patrullas y unidades de auxilio, as\u00ed como 504 integrantes de las fuerzas policiales coordinadas<\/p>\n\n\n\n<p>Oaxaca de Ju\u00e1rez, Oax.14 de septiembre de 2024.- La Secretar\u00eda de Seguridad y Protecci\u00f3n Ciudadana (SSPC) present\u00f3 el despliegue y la orden general de operaciones para dar cobertura con servicios de prevenci\u00f3n y vigilancia a las actividades programadas con motivo de la celebraci\u00f3n de las Fiestas Patrias 2024.<\/p>\n\n\n\n<p>El titular de la SSPC, Iv\u00e1n Garc\u00eda \u00c1lvarez detall\u00f3 en conferencia de prensa que, en coordinaci\u00f3n con autoridades corresponsables de gobernabilidad, protecci\u00f3n civil y salud, a trav\u00e9s de sus corporaciones, se reforzar\u00e1 la presencia institucional antes, durante y despu\u00e9s de la ceremonia del Grito de Independencia, as\u00ed como, en la verbena popular y el Desfile C\u00edvico-Militar.<\/p>\n\n\n\n<p>El despliegue ser\u00e1 integrado por al menos 85 veh\u00edculos entre patrullas y unidades de auxilio y 504 integrantes de la Polic\u00eda Estatal, Polic\u00eda Vial Estatal y la Polic\u00eda Auxiliar, Bancaria, Industrial y Comercial (PABIC), al igual que del Heroico Cuerpo de Bomberos de Oaxaca (HCBO) en colaboraci\u00f3n con la Fiscal\u00eda General del Estado de Oaxaca (FGEO) y la Polic\u00eda Municipal de Oaxaca de Ju\u00e1rez<\/p>\n\n\n\n<p>Cabe destacar que, con motivo de la verbena popular que tendr\u00e1 lugar el domingo 15 de septiembre, desde las 11:00 horas la zona destinada ser\u00e1 delimitada con vallas que se pondr\u00e1n en el primer cuadro de la ciudad capital; estableciendo entradas y salidas.<\/p>\n\n\n\n<p>El acceso ser\u00e1 por las calles de Bustamante, Flores Mag\u00f3n, Macedonio Alcal\u00e1 y Manuel Garc\u00eda Vigil; en tanto que las salidas estar\u00e1n ubicadas en las calles de Vicente Guerrero, Valerio Trujano, Hidalgo con Valdivieso e Hidalgo con Porfirio D\u00edaz.<\/p>\n\n\n\n<p>Asimismo, se inform\u00f3 que el recorrido del Desfile C\u00edvico-Militar programado para el lunes 16 de septiembre, iniciar\u00e1 en la calle Margarita Maza continuando por la avenida Ju\u00e1rez y posteriormente Independencia para finalizar en el Jard\u00edn Morelos.<\/p>\n\n\n\n<p>Para este efecto, se realizar\u00e1n cortes viales en el crucero de Fonapas, Margarita Maza, Jacobo Dalevuelta, contorno del Jard\u00edn Conzatti, avenida Ju\u00e1rez, Refoma, Independencia y J. P. Garc\u00eda.<\/p>\n\n\n\n<p>Las fuerzas policiales se mantendr\u00e1n atentas a cualquier eventualidad reportada durante los patrullajes y por medio de los Servicios de Emergencias (9-1-1) y Denuncia An\u00f3nima (089), por lo que la SSPC invita a la ciudadan\u00eda a atender las indicaciones del personal de seguridad, as\u00ed como evitar el ingreso de cualquier tipo de arma u objeto contundente para hacer posible la sana convivencia de todas y todos.<\/p>\n\n\n\n<p>-0-<\/p>\n","protected":false},"excerpt":{"rendered":"<p>\u2022 Ser\u00e1 integrado por al menos 85 veh\u00edculos entre patrullas y unidades de auxilio, as\u00ed&#8230;<\/p>\n","protected":false},"author":4,"featured_media":31397,"comment_status":"closed","ping_status":"open","sticky":false,"template":"","format":"standard","meta":{"footnotes":""},"categories":[9],"tags":[],"jetpack_sharing_enabled":true,"featured_image_urls":{"full":["https:\/\/contextoanalisisperiodistico.com\/wp-content\/uploads\/2024\/09\/IMG-20240914-WA0016.jpg",1200,1200,false],"thumbnail":["https:\/\/contextoanalisisperiodistico.com\/wp-content\/uploads\/2024\/09\/IMG-20240914-WA0016-150x150.jpg",150,150,true],"medium":["https:\/\/contextoanalisisperiodistico.com\/wp-content\/uploads\/2024\/09\/IMG-20240914-WA0016-300x300.jpg",300,300,true],"medium_large":["https:\/\/contextoanalisisperiodistico.com\/wp-content\/uploads\/2024\/09\/IMG-20240914-WA0016-768x768.jpg",640,640,true],"large":["https:\/\/contextoanalisisperiodistico.com\/wp-content\/uploads\/2024\/09\/IMG-20240914-WA0016-1024x1024.jpg",640,640,true],"1536x1536":["https:\/\/contextoanalisisperiodistico.com\/wp-content\/uploads\/2024\/09\/IMG-20240914-WA0016.jpg",1200,1200,false],"2048x2048":["https:\/\/contextoanalisisperiodistico.com\/wp-content\/uploads\/2024\/09\/IMG-20240914-WA0016.jpg",1200,1200,false],"covernews-slider-full":["https:\/\/contextoanalisisperiodistico.com\/wp-content\/uploads\/2024\/09\/IMG-20240914-WA0016-1115x715.jpg",1115,715,true],"covernews-slider-center":["https:\/\/contextoanalisisperiodistico.com\/wp-content\/uploads\/2024\/09\/IMG-20240914-WA0016-800x500.jpg",800,500,true],"covernews-featured":["https:\/\/contextoanalisisperiodistico.com\/wp-content\/uploads\/2024\/09\/IMG-20240914-WA0016-1024x1024.jpg",1024,1024,true],"covernews-medium":["https:\/\/contextoanalisisperiodistico.com\/wp-content\/uploads\/2024\/09\/IMG-20240914-WA0016-540x340.jpg",540,340,true],"covernews-medium-square":["https:\/\/contextoanalisisperiodistico.com\/wp-content\/uploads\/2024\/09\/IMG-20240914-WA0016-400x250.jpg",400,250,true]},"author_info":{"display_name":"Mario Gir\u00f3n","author_link":"https:\/\/contextoanalisisperiodistico.com\/index.php\/author\/director\/"},"category_info":"<a href=\"https:\/\/contextoanalisisperiodistico.com\/index.php\/category\/politica\/\" rel=\"category tag\">Pol\u00edtica<\/a>","tag_info":"Pol\u00edtica","comment_count":"0","jetpack_featured_media_url":"https:\/\/contextoanalisisperiodistico.com\/wp-content\/uploads\/2024\/09\/IMG-20240914-WA0016.jpg","_links":{"self":[{"href":"https:\/\/contextoanalisisperiodistico.com\/index.php\/wp-json\/wp\/v2\/posts\/31398"}],"collection":[{"href":"https:\/\/contextoanalisisperiodistico.com\/index.php\/wp-json\/wp\/v2\/posts"}],"about":[{"href":"https:\/\/contextoanalisisperiodistico.com\/index.php\/wp-json\/wp\/v2\/types\/post"}],"author":[{"embeddable":true,"href":"https:\/\/contextoanalisisperiodistico.com\/index.php\/wp-json\/wp\/v2\/users\/4"}],"replies":[{"embeddable":true,"href":"https:\/\/contextoanalisisperiodistico.com\/index.php\/wp-json\/wp\/v2\/comments?post=31398"}],"version-history":[{"count":1,"href":"https:\/\/contextoanalisisperiodistico.com\/index.php\/wp-json\/wp\/v2\/posts\/31398\/revisions"}],"predecessor-version":[{"id":31404,"href":"https:\/\/contextoanalisisperiodistico.com\/index.php\/wp-json\/wp\/v2\/posts\/31398\/revisions\/31404"}],"wp:featuredmedia":[{"embeddable":true,"href":"https:\/\/contextoanalisisperiodistico.com\/index.php\/wp-json\/wp\/v2\/media\/31397"}],"wp:attachment":[{"href":"https:\/\/contextoanalisisperiodistico.com\/index.php\/wp-json\/wp\/v2\/media?parent=31398"}],"wp:term":[{"taxonomy":"category","embeddable":true,"href":"https:\/\/contextoanalisisperiodistico.com\/index.php\/wp-json\/wp\/v2\/categories?post=31398"},{"taxonomy":"post_tag","embeddable":true,"href":"https:\/\/contextoanalisisperiodistico.com\/index.php\/wp-json\/wp\/v2\/tags?post=31398"}],"curies":[{"name":"wp","href":"https:\/\/api.w.org\/{rel}","templated":true}]}}