{"id":31130,"date":"2024-09-06T20:01:12","date_gmt":"2024-09-07T02:01:12","guid":{"rendered":"https:\/\/contextoanalisisperiodistico.com\/index.php\/2024\/09\/06\/realizaran-traslado-del-oaxaqueno-fallecido-en-carolina-del-sur\/"},"modified":"2024-09-06T20:01:12","modified_gmt":"2024-09-07T02:01:12","slug":"realizaran-traslado-del-oaxaqueno-fallecido-en-carolina-del-sur","status":"publish","type":"post","link":"https:\/\/contextoanalisisperiodistico.com\/index.php\/2024\/09\/06\/realizaran-traslado-del-oaxaqueno-fallecido-en-carolina-del-sur\/","title":{"rendered":"Realizar\u00e1n traslado del oaxaque\u00f1o fallecido en Carolina del Sur"},"content":{"rendered":"<div id=\"fb-root\"><\/div>\n\n<p>La Secretar\u00eda de Gobierno (Sego) a trav\u00e9s de la Direcci\u00f3n de Migraci\u00f3n Oaxaque\u00f1a informa que realizar\u00e1 el traslado de los restos del oaxaque\u00f1o L\u00e1zaro \u00c1ngel Castillo de 29 a\u00f1os, originario de la comunidad de La Rinconada, del municipio de San Juan Bautista Valle Nacional.<\/p>\n\n\n\n<p>El traslado se realizar\u00e1 luego de la gesti\u00f3n de la Coordinaci\u00f3n de Delegados de Paz (Cdpaz) para entablar comunicaci\u00f3n con la familia y la Instancia Municipal de la Mujer de Valle Nacional.<\/p>\n\n\n\n<p>El migrante oaxaque\u00f1o fue reportado como desaparecido el 31 de agosto, y ese mismo d\u00eda su cuerpo se encontr\u00f3 incinerado a las afueras del Condado de Greenville, en Carolina del Sur, Estados Unidos, donde resid\u00eda.<\/p>\n\n\n\n<p>De esta manera, el Gobierno de Oaxaca refrenda su compromiso para brindar acompa\u00f1amiento y asesor\u00eda legal a la familia, en la b\u00fasqueda de esclarecer el asunto.<br \/>-0-<\/p>\n","protected":false},"excerpt":{"rendered":"<p>La Secretar\u00eda de Gobierno (Sego) a trav\u00e9s de la Direcci\u00f3n de Migraci\u00f3n Oaxaque\u00f1a informa que&#8230;<\/p>\n","protected":false},"author":4,"featured_media":31129,"comment_status":"","ping_status":"open","sticky":false,"template":"","format":"standard","meta":{"footnotes":""},"categories":[9],"tags":[],"jetpack_sharing_enabled":true,"featured_image_urls":{"full":["https:\/\/contextoanalisisperiodistico.com\/wp-content\/uploads\/2024\/09\/IMG-20240906-WA0099.jpg",960,960,false],"thumbnail":["https:\/\/contextoanalisisperiodistico.com\/wp-content\/uploads\/2024\/09\/IMG-20240906-WA0099-150x150.jpg",150,150,true],"medium":["https:\/\/contextoanalisisperiodistico.com\/wp-content\/uploads\/2024\/09\/IMG-20240906-WA0099-300x300.jpg",300,300,true],"medium_large":["https:\/\/contextoanalisisperiodistico.com\/wp-content\/uploads\/2024\/09\/IMG-20240906-WA0099-768x768.jpg",640,640,true],"large":["https:\/\/contextoanalisisperiodistico.com\/wp-content\/uploads\/2024\/09\/IMG-20240906-WA0099.jpg",640,640,false],"1536x1536":["https:\/\/contextoanalisisperiodistico.com\/wp-content\/uploads\/2024\/09\/IMG-20240906-WA0099.jpg",960,960,false],"2048x2048":["https:\/\/contextoanalisisperiodistico.com\/wp-content\/uploads\/2024\/09\/IMG-20240906-WA0099.jpg",960,960,false],"covernews-slider-full":["https:\/\/contextoanalisisperiodistico.com\/wp-content\/uploads\/2024\/09\/IMG-20240906-WA0099-960x715.jpg",960,715,true],"covernews-slider-center":["https:\/\/contextoanalisisperiodistico.com\/wp-content\/uploads\/2024\/09\/IMG-20240906-WA0099-800x500.jpg",800,500,true],"covernews-featured":["https:\/\/contextoanalisisperiodistico.com\/wp-content\/uploads\/2024\/09\/IMG-20240906-WA0099.jpg",960,960,false],"covernews-medium":["https:\/\/contextoanalisisperiodistico.com\/wp-content\/uploads\/2024\/09\/IMG-20240906-WA0099-540x340.jpg",540,340,true],"covernews-medium-square":["https:\/\/contextoanalisisperiodistico.com\/wp-content\/uploads\/2024\/09\/IMG-20240906-WA0099-400x250.jpg",400,250,true]},"author_info":{"display_name":"Mario Gir\u00f3n","author_link":"https:\/\/contextoanalisisperiodistico.com\/index.php\/author\/director\/"},"category_info":"<a href=\"https:\/\/contextoanalisisperiodistico.com\/index.php\/category\/politica\/\" rel=\"category tag\">Pol\u00edtica<\/a>","tag_info":"Pol\u00edtica","comment_count":"0","jetpack_featured_media_url":"https:\/\/contextoanalisisperiodistico.com\/wp-content\/uploads\/2024\/09\/IMG-20240906-WA0099.jpg","_links":{"self":[{"href":"https:\/\/contextoanalisisperiodistico.com\/index.php\/wp-json\/wp\/v2\/posts\/31130"}],"collection":[{"href":"https:\/\/contextoanalisisperiodistico.com\/index.php\/wp-json\/wp\/v2\/posts"}],"about":[{"href":"https:\/\/contextoanalisisperiodistico.com\/index.php\/wp-json\/wp\/v2\/types\/post"}],"author":[{"embeddable":true,"href":"https:\/\/contextoanalisisperiodistico.com\/index.php\/wp-json\/wp\/v2\/users\/4"}],"replies":[{"embeddable":true,"href":"https:\/\/contextoanalisisperiodistico.com\/index.php\/wp-json\/wp\/v2\/comments?post=31130"}],"version-history":[{"count":0,"href":"https:\/\/contextoanalisisperiodistico.com\/index.php\/wp-json\/wp\/v2\/posts\/31130\/revisions"}],"wp:featuredmedia":[{"embeddable":true,"href":"https:\/\/contextoanalisisperiodistico.com\/index.php\/wp-json\/wp\/v2\/media\/31129"}],"wp:attachment":[{"href":"https:\/\/contextoanalisisperiodistico.com\/index.php\/wp-json\/wp\/v2\/media?parent=31130"}],"wp:term":[{"taxonomy":"category","embeddable":true,"href":"https:\/\/contextoanalisisperiodistico.com\/index.php\/wp-json\/wp\/v2\/categories?post=31130"},{"taxonomy":"post_tag","embeddable":true,"href":"https:\/\/contextoanalisisperiodistico.com\/index.php\/wp-json\/wp\/v2\/tags?post=31130"}],"curies":[{"name":"wp","href":"https:\/\/api.w.org\/{rel}","templated":true}]}}