{"id":31081,"date":"2024-09-04T22:32:29","date_gmt":"2024-09-05T04:32:29","guid":{"rendered":"https:\/\/contextoanalisisperiodistico.com\/index.php\/2024\/09\/04\/dotara-municipio-de-abono-y-arboles-para-mitigar-cambio-climatico\/"},"modified":"2024-09-04T22:32:29","modified_gmt":"2024-09-05T04:32:29","slug":"dotara-municipio-de-abono-y-arboles-para-mitigar-cambio-climatico","status":"publish","type":"post","link":"https:\/\/contextoanalisisperiodistico.com\/index.php\/2024\/09\/04\/dotara-municipio-de-abono-y-arboles-para-mitigar-cambio-climatico\/","title":{"rendered":"Dotar\u00e1 Municipio de abono y \u00e1rboles para mitigar cambio clim\u00e1tico"},"content":{"rendered":"<div id=\"fb-root\"><\/div>\n\n<ul class=\"wp-block-list\">\n<li>Se entregar\u00e1 a quien lo solicite abono org\u00e1nico y \u00e1rboles end\u00e9micos de manera gratuita.<\/li>\n<\/ul>\n\n\n\n<figure class=\"wp-block-image size-large\"><img fetchpriority=\"high\" decoding=\"async\" width=\"1024\" height=\"838\" src=\"https:\/\/contextoanalisisperiodistico.com\/wp-content\/uploads\/2024\/09\/fotoblt04-09-244945673891170844239-1024x838.jpeg\" alt=\"\" class=\"wp-image-31079\" srcset=\"https:\/\/contextoanalisisperiodistico.com\/wp-content\/uploads\/2024\/09\/fotoblt04-09-244945673891170844239-1024x838.jpeg 1024w, https:\/\/contextoanalisisperiodistico.com\/wp-content\/uploads\/2024\/09\/fotoblt04-09-244945673891170844239-300x246.jpeg 300w, https:\/\/contextoanalisisperiodistico.com\/wp-content\/uploads\/2024\/09\/fotoblt04-09-244945673891170844239-768x629.jpeg 768w, https:\/\/contextoanalisisperiodistico.com\/wp-content\/uploads\/2024\/09\/fotoblt04-09-244945673891170844239.jpeg 1280w\" sizes=\"(max-width: 1024px) 100vw, 1024px\" \/><\/figure>\n\n\n\n<figure class=\"wp-block-image size-large\"><img decoding=\"async\" width=\"1024\" height=\"775\" src=\"https:\/\/contextoanalisisperiodistico.com\/wp-content\/uploads\/2024\/09\/fotoblt04-09-24283293824294157537684949-1024x775.jpg\" alt=\"\" class=\"wp-image-31080\" srcset=\"https:\/\/contextoanalisisperiodistico.com\/wp-content\/uploads\/2024\/09\/fotoblt04-09-24283293824294157537684949-1024x775.jpg 1024w, https:\/\/contextoanalisisperiodistico.com\/wp-content\/uploads\/2024\/09\/fotoblt04-09-24283293824294157537684949-300x227.jpg 300w, https:\/\/contextoanalisisperiodistico.com\/wp-content\/uploads\/2024\/09\/fotoblt04-09-24283293824294157537684949-768x581.jpg 768w, https:\/\/contextoanalisisperiodistico.com\/wp-content\/uploads\/2024\/09\/fotoblt04-09-24283293824294157537684949.jpg 1268w\" sizes=\"(max-width: 1024px) 100vw, 1024px\" \/><\/figure>\n\n\n\n<p>Oaxaca de Ju\u00e1rez, Oax.,04 de septiembre de 2024.- El Ayuntamiento de Oaxaca de Ju\u00e1rez, a trav\u00e9s de la Secretar\u00eda de Medio Ambiente y Cambio Clim\u00e1tico, llevar\u00e1 a cabo la entrega de abono org\u00e1nico y mil ejemplares arb\u00f3reos de diversas especies end\u00e9micas con el objetivo de promover la reforestaci\u00f3n urbana y sensibilizar a la ciudadan\u00eda en materia de cuidado ambiental.<\/p>\n\n\n\n<p>Por instrucci\u00f3n del Presidente Municipal, Francisco Mart\u00ednez Neri, el evento contar\u00e1 con la colaboraci\u00f3n intersecretarial de diferentes \u00e1reas municipales, incluyendo la Secretar\u00eda de Seguridad Ciudadana, Movilidad y Protecci\u00f3n Civil, para asegurar una log\u00edstica eficiente y una \u00f3ptima atenci\u00f3n a la ciudadan\u00eda.<\/p>\n\n\n\n<p>La distribuci\u00f3n de los \u00e1rboles y el abono se realizar\u00e1 en un ambiente de colaboraci\u00f3n entre las dependencias involucradas, demostrando as\u00ed el compromiso del gobierno municipal con la preservaci\u00f3n del medio ambiente.<\/p>\n\n\n\n<p>Durante la jornada, se entregar\u00e1n un total de mil ejemplares de \u00e1rboles urbanos de especies como tronadora, mezquite, macuil, flor de mayo, guaje, guayaba, higo, pochote, jacaranda, y flamboy\u00e1n, as\u00ed como 600 bultos de abono org\u00e1nico.<\/p>\n\n\n\n<p>Dichas especies son apropiadas para sembrar en casas, banquetas o terrenos urbanos, ayudar\u00e1n a mejorar la calidad del aire, regular las temperaturas, y contribuir a la est\u00e9tica urbana.<\/p>\n\n\n\n<p>Elsa Ort\u00edz Rodr\u00edguez, titular de la Secretar\u00eda de Medio Ambiente y Cambio Clim\u00e1tico, enfatiz\u00f3 que el prop\u00f3sito principal de esta iniciativa es concienciar a la poblaci\u00f3n sobre la importancia de plantar, cuidar y nutrir los \u00e1rboles, especialmente aprovechando la temporada de lluvias.<\/p>\n\n\n\n<p>\u201cUn \u00e1rbol es oro puro\u201d, destac\u00f3 Ort\u00edz, refiri\u00e9ndose al papel vital que juegan los \u00e1rboles en la absorci\u00f3n de agua, la generaci\u00f3n de ox\u00edgeno y la regulaci\u00f3n de las temperaturas.<\/p>\n\n\n\n<p>La secretaria tambi\u00e9n subray\u00f3 la importancia de estas acciones para fomentar una cultura de sostenibilidad en Oaxaca de Ju\u00e1rez: \u201cQueremos sensibilizar a la ciudadan\u00eda y generar un cambio ambiental a trav\u00e9s de estos esfuerzos\u201d.<\/p>\n\n\n\n<p>Este evento forma parte de una de las directrices primordiales de la administraci\u00f3n del presidente municipal, Mart\u00ednez Neri, que busca convertir a Oaxaca de Ju\u00e1rez en una ciudad sustentable y amigable con la naturaleza, dejando un legado ambiental transformador para las generaciones futuras.<\/p>\n\n\n\n<p>El evento ser\u00e1 encabezado por el presidente municipal, este s\u00e1bado 7 de septiembre a las 07:00 de la ma\u00f1ana junto con la secretaria de Medio Ambiente, otros secretarios y secretarias, as\u00ed como regidores y regidoras.<br \/>Adem\u00e1s, Ort\u00edz Rodr\u00edguez mencion\u00f3 que se continuar\u00e1 con las acciones de reforestaci\u00f3n en puntos clave de la ciudad, como los r\u00edos, las banquetas y las entradas y salidas de la capital.<\/p>\n\n\n\n<p>El Ayuntamiento de Oaxaca de Ju\u00e1rez reafirma su compromiso con el medio ambiente y su liderazgo en la mejora de la calidad de vida a trav\u00e9s de estas iniciativas. Se convoca a la ciudadan\u00eda en general a acudir a la calle Jorge L. Tamayo #104 Agencia de Candiani, a un costado de la estaci\u00f3n de bomberos para recibir abono org\u00e1nico o un \u00e1rbol end\u00e9mico. Cabe destacar que los ciudadanos que no logren obtener alguno de estos beneficios el d\u00eda de la entrega, recibir\u00e1n un vale para canjearlo posteriormente en el vivero municipal.<\/p>\n","protected":false},"excerpt":{"rendered":"<p>Oaxaca de Ju\u00e1rez, Oax.,04 de septiembre de 2024.- El Ayuntamiento de Oaxaca de Ju\u00e1rez, a&#8230;<\/p>\n","protected":false},"author":4,"featured_media":31078,"comment_status":"","ping_status":"open","sticky":false,"template":"","format":"standard","meta":{"footnotes":""},"categories":[9],"tags":[],"jetpack_sharing_enabled":true,"featured_image_urls":{"full":["https:\/\/contextoanalisisperiodistico.com\/wp-content\/uploads\/2024\/09\/FOTOBLT04-09-2428229.jpeg",960,1121,false],"thumbnail":["https:\/\/contextoanalisisperiodistico.com\/wp-content\/uploads\/2024\/09\/FOTOBLT04-09-2428229-150x150.jpeg",150,150,true],"medium":["https:\/\/contextoanalisisperiodistico.com\/wp-content\/uploads\/2024\/09\/FOTOBLT04-09-2428229-257x300.jpeg",257,300,true],"medium_large":["https:\/\/contextoanalisisperiodistico.com\/wp-content\/uploads\/2024\/09\/FOTOBLT04-09-2428229-768x897.jpeg",640,748,true],"large":["https:\/\/contextoanalisisperiodistico.com\/wp-content\/uploads\/2024\/09\/FOTOBLT04-09-2428229-877x1024.jpeg",640,747,true],"1536x1536":["https:\/\/contextoanalisisperiodistico.com\/wp-content\/uploads\/2024\/09\/FOTOBLT04-09-2428229.jpeg",960,1121,false],"2048x2048":["https:\/\/contextoanalisisperiodistico.com\/wp-content\/uploads\/2024\/09\/FOTOBLT04-09-2428229.jpeg",960,1121,false],"covernews-slider-full":["https:\/\/contextoanalisisperiodistico.com\/wp-content\/uploads\/2024\/09\/FOTOBLT04-09-2428229-960x715.jpeg",960,715,true],"covernews-slider-center":["https:\/\/contextoanalisisperiodistico.com\/wp-content\/uploads\/2024\/09\/FOTOBLT04-09-2428229-800x500.jpeg",800,500,true],"covernews-featured":["https:\/\/contextoanalisisperiodistico.com\/wp-content\/uploads\/2024\/09\/FOTOBLT04-09-2428229.jpeg",960,1121,false],"covernews-medium":["https:\/\/contextoanalisisperiodistico.com\/wp-content\/uploads\/2024\/09\/FOTOBLT04-09-2428229-540x340.jpeg",540,340,true],"covernews-medium-square":["https:\/\/contextoanalisisperiodistico.com\/wp-content\/uploads\/2024\/09\/FOTOBLT04-09-2428229-400x250.jpeg",400,250,true]},"author_info":{"display_name":"Mario Gir\u00f3n","author_link":"https:\/\/contextoanalisisperiodistico.com\/index.php\/author\/director\/"},"category_info":"<a href=\"https:\/\/contextoanalisisperiodistico.com\/index.php\/category\/politica\/\" rel=\"category tag\">Pol\u00edtica<\/a>","tag_info":"Pol\u00edtica","comment_count":"0","jetpack_featured_media_url":"https:\/\/contextoanalisisperiodistico.com\/wp-content\/uploads\/2024\/09\/FOTOBLT04-09-2428229.jpeg","_links":{"self":[{"href":"https:\/\/contextoanalisisperiodistico.com\/index.php\/wp-json\/wp\/v2\/posts\/31081"}],"collection":[{"href":"https:\/\/contextoanalisisperiodistico.com\/index.php\/wp-json\/wp\/v2\/posts"}],"about":[{"href":"https:\/\/contextoanalisisperiodistico.com\/index.php\/wp-json\/wp\/v2\/types\/post"}],"author":[{"embeddable":true,"href":"https:\/\/contextoanalisisperiodistico.com\/index.php\/wp-json\/wp\/v2\/users\/4"}],"replies":[{"embeddable":true,"href":"https:\/\/contextoanalisisperiodistico.com\/index.php\/wp-json\/wp\/v2\/comments?post=31081"}],"version-history":[{"count":0,"href":"https:\/\/contextoanalisisperiodistico.com\/index.php\/wp-json\/wp\/v2\/posts\/31081\/revisions"}],"wp:featuredmedia":[{"embeddable":true,"href":"https:\/\/contextoanalisisperiodistico.com\/index.php\/wp-json\/wp\/v2\/media\/31078"}],"wp:attachment":[{"href":"https:\/\/contextoanalisisperiodistico.com\/index.php\/wp-json\/wp\/v2\/media?parent=31081"}],"wp:term":[{"taxonomy":"category","embeddable":true,"href":"https:\/\/contextoanalisisperiodistico.com\/index.php\/wp-json\/wp\/v2\/categories?post=31081"},{"taxonomy":"post_tag","embeddable":true,"href":"https:\/\/contextoanalisisperiodistico.com\/index.php\/wp-json\/wp\/v2\/tags?post=31081"}],"curies":[{"name":"wp","href":"https:\/\/api.w.org\/{rel}","templated":true}]}}