{"id":31077,"date":"2024-09-04T19:31:04","date_gmt":"2024-09-05T01:31:04","guid":{"rendered":"https:\/\/contextoanalisisperiodistico.com\/index.php\/2024\/09\/04\/accederan-a-mejores-oportunidades-habitantes-de-santa-maria-alotepec-con-mas-de-26-mdp\/"},"modified":"2024-09-04T19:31:04","modified_gmt":"2024-09-05T01:31:04","slug":"accederan-a-mejores-oportunidades-habitantes-de-santa-maria-alotepec-con-mas-de-26-mdp","status":"publish","type":"post","link":"https:\/\/contextoanalisisperiodistico.com\/index.php\/2024\/09\/04\/accederan-a-mejores-oportunidades-habitantes-de-santa-maria-alotepec-con-mas-de-26-mdp\/","title":{"rendered":"Acceder\u00e1n a mejores oportunidades habitantes de Santa Mar\u00eda Alotepec con m\u00e1s de 26 mdp"},"content":{"rendered":"<div id=\"fb-root\"><\/div>\n\n<p>\u2022 Con Trabajo que Transforma tu Municipio esta comunidad obtiene recursos para obras y programas sociales<\/p>\n\n\n\n<figure class=\"wp-block-image size-large\"><img fetchpriority=\"high\" decoding=\"async\" width=\"900\" height=\"600\" src=\"https:\/\/contextoanalisisperiodistico.com\/wp-content\/uploads\/2024\/09\/img-20240904-wa01305764936640502028790.jpg\" alt=\"\" class=\"wp-image-31074\" srcset=\"https:\/\/contextoanalisisperiodistico.com\/wp-content\/uploads\/2024\/09\/img-20240904-wa01305764936640502028790.jpg 900w, https:\/\/contextoanalisisperiodistico.com\/wp-content\/uploads\/2024\/09\/img-20240904-wa01305764936640502028790-300x200.jpg 300w, https:\/\/contextoanalisisperiodistico.com\/wp-content\/uploads\/2024\/09\/img-20240904-wa01305764936640502028790-768x512.jpg 768w\" sizes=\"(max-width: 900px) 100vw, 900px\" \/><\/figure>\n\n\n\n<figure class=\"wp-block-image\"><img decoding=\"async\" width=\"300\" height=\"200\" src=\"https:\/\/contextoanalisisperiodistico.com\/wp-content\/uploads\/2024\/09\/img-20240904-wa01264868002632860965007-300x200.jpg\" alt=\"\" class=\"wp-image-31076\" srcset=\"https:\/\/contextoanalisisperiodistico.com\/wp-content\/uploads\/2024\/09\/img-20240904-wa01264868002632860965007-300x200.jpg 300w, https:\/\/contextoanalisisperiodistico.com\/wp-content\/uploads\/2024\/09\/img-20240904-wa01264868002632860965007-768x512.jpg 768w, https:\/\/contextoanalisisperiodistico.com\/wp-content\/uploads\/2024\/09\/img-20240904-wa01264868002632860965007.jpg 900w\" sizes=\"(max-width: 300px) 100vw, 300px\" \/><\/figure>\n\n\n\n<figure class=\"wp-block-image\"><img decoding=\"async\" width=\"300\" height=\"200\" src=\"https:\/\/contextoanalisisperiodistico.com\/wp-content\/uploads\/2024\/09\/img-20240904-wa01278720079130333498506-300x200.jpg\" alt=\"\" class=\"wp-image-31075\" srcset=\"https:\/\/contextoanalisisperiodistico.com\/wp-content\/uploads\/2024\/09\/img-20240904-wa01278720079130333498506-300x200.jpg 300w, https:\/\/contextoanalisisperiodistico.com\/wp-content\/uploads\/2024\/09\/img-20240904-wa01278720079130333498506-768x512.jpg 768w, https:\/\/contextoanalisisperiodistico.com\/wp-content\/uploads\/2024\/09\/img-20240904-wa01278720079130333498506.jpg 900w\" sizes=\"(max-width: 300px) 100vw, 300px\" \/><\/figure>\n\n\n\n<p>Santa Mar\u00eda Alotepec, Oax. 4 de septiembre de 2024.- A trav\u00e9s de la estrategia Trabajo que Transforma tu Municipio, el Gobernador Salom\u00f3n Jara Cruz arrib\u00f3 a esta localidad de su natal Sierra de Ju\u00e1rez para informar sobre importantes inversiones en programas sociales y obras que tendr\u00e1n un monto total de m\u00e1s de 26 millones de pesos.<\/p>\n\n\n\n<p>En su oportunidad, el Mandatario estatal reafirm\u00f3 su compromiso de visitar cada ayuntamiento de Oaxaca, pues es de suma importancia atender las necesidades m\u00e1s apremiantes de la ciudadan\u00eda en este municipio de alto rezago social. \u201cSomos hermanas y hermanos todos, y nos tenemos que apoyar\u201d.<\/p>\n\n\n\n<p>Por su parte el Sistema Estatal para el Desarrollo Integral de la Familia (DIF) Oaxaca a trav\u00e9s del programa Guisos de mi Pueblo beneficia a 140 familias con una inversi\u00f3n de 363 mil 649 pesos.<\/p>\n\n\n\n<p>La Secretar\u00eda de Bienestar, Tequio e Inclusi\u00f3n (Sebienti) apoyar\u00e1 a 15 jefas de familia con la Tarjeta Margarita Maza que cuenta con un monto total de 180 mil pesos.<\/p>\n\n\n\n<p>Servicios de Salud de Oaxaca (SSO), inform\u00f3 que la municipalidad recibe 3 millones 150 mil pesos para sus tres centros de salud: en las dos Unidades M\u00e9dicas Rurales (UMR) cuentan con la Tarjeta la Cl\u00ednica es Nuestra, con un monto de 1 mill\u00f3n de pesos cada una, que han permitido a la poblaci\u00f3n realizar rehabilitaciones en la infraestructura de dichas UMR.<\/p>\n\n\n\n<p>Adem\u00e1s, el Centro de Salud de la agencia San Pedro Ayacaxtepec \u2013que se transfiri\u00f3 al IMSS-Bienestar- cuenta con 400 mil pesos en la Tarjeta la Cl\u00ednica es Nuestra y se les otorgar\u00e1 750 mil pesos en medicamentos.<\/p>\n\n\n\n<p>El Instituto Estatal de Educaci\u00f3n P\u00fablica (IEEPO) atender\u00e1 a 11 escuelas con 549 estudiantes en total que podr\u00e1n acceder a materiales, insumos, mobiliario y equipos tecnol\u00f3gicos que beneficiar\u00e1n a su proceso de ense\u00f1anza y aprendizaje.<\/p>\n\n\n\n<p>Aunado a estas importantes acciones, el Instituto Oaxaque\u00f1o Constructor de Infraestructura Educativa (Iocied) invertir\u00e1 1 mill\u00f3n 950 mil 376 pesos para apoyar a tres instituciones con rehabilitaciones generales a la infraestructura y computadoras.<\/p>\n\n\n\n<p>Por \u00faltimo, Caminos Bienestar (Cabien) apoyar\u00e1 la solicitud de la reparaci\u00f3n del tramo carretero que conecta a San Pedro y San Pablo Ayutla con este municipio, con un monto de 20 millones de pesos, del cual ya se cubrieron 17 kil\u00f3metros de un total de 58.<br \/>-0-<\/p>\n","protected":false},"excerpt":{"rendered":"<p>\u2022 Con Trabajo que Transforma tu Municipio esta comunidad obtiene recursos para obras y programas&#8230;<\/p>\n","protected":false},"author":4,"featured_media":31073,"comment_status":"","ping_status":"open","sticky":false,"template":"","format":"standard","meta":{"footnotes":""},"categories":[9],"tags":[],"jetpack_sharing_enabled":true,"featured_image_urls":{"full":["https:\/\/contextoanalisisperiodistico.com\/wp-content\/uploads\/2024\/09\/IMG-20240904-WA0128.jpg",900,600,false],"thumbnail":["https:\/\/contextoanalisisperiodistico.com\/wp-content\/uploads\/2024\/09\/IMG-20240904-WA0128-150x150.jpg",150,150,true],"medium":["https:\/\/contextoanalisisperiodistico.com\/wp-content\/uploads\/2024\/09\/IMG-20240904-WA0128-300x200.jpg",300,200,true],"medium_large":["https:\/\/contextoanalisisperiodistico.com\/wp-content\/uploads\/2024\/09\/IMG-20240904-WA0128-768x512.jpg",640,427,true],"large":["https:\/\/contextoanalisisperiodistico.com\/wp-content\/uploads\/2024\/09\/IMG-20240904-WA0128.jpg",640,427,false],"1536x1536":["https:\/\/contextoanalisisperiodistico.com\/wp-content\/uploads\/2024\/09\/IMG-20240904-WA0128.jpg",900,600,false],"2048x2048":["https:\/\/contextoanalisisperiodistico.com\/wp-content\/uploads\/2024\/09\/IMG-20240904-WA0128.jpg",900,600,false],"covernews-slider-full":["https:\/\/contextoanalisisperiodistico.com\/wp-content\/uploads\/2024\/09\/IMG-20240904-WA0128.jpg",900,600,false],"covernews-slider-center":["https:\/\/contextoanalisisperiodistico.com\/wp-content\/uploads\/2024\/09\/IMG-20240904-WA0128-800x500.jpg",800,500,true],"covernews-featured":["https:\/\/contextoanalisisperiodistico.com\/wp-content\/uploads\/2024\/09\/IMG-20240904-WA0128.jpg",900,600,false],"covernews-medium":["https:\/\/contextoanalisisperiodistico.com\/wp-content\/uploads\/2024\/09\/IMG-20240904-WA0128-540x340.jpg",540,340,true],"covernews-medium-square":["https:\/\/contextoanalisisperiodistico.com\/wp-content\/uploads\/2024\/09\/IMG-20240904-WA0128-400x250.jpg",400,250,true]},"author_info":{"display_name":"Mario Gir\u00f3n","author_link":"https:\/\/contextoanalisisperiodistico.com\/index.php\/author\/director\/"},"category_info":"<a href=\"https:\/\/contextoanalisisperiodistico.com\/index.php\/category\/politica\/\" rel=\"category tag\">Pol\u00edtica<\/a>","tag_info":"Pol\u00edtica","comment_count":"0","jetpack_featured_media_url":"https:\/\/contextoanalisisperiodistico.com\/wp-content\/uploads\/2024\/09\/IMG-20240904-WA0128.jpg","_links":{"self":[{"href":"https:\/\/contextoanalisisperiodistico.com\/index.php\/wp-json\/wp\/v2\/posts\/31077"}],"collection":[{"href":"https:\/\/contextoanalisisperiodistico.com\/index.php\/wp-json\/wp\/v2\/posts"}],"about":[{"href":"https:\/\/contextoanalisisperiodistico.com\/index.php\/wp-json\/wp\/v2\/types\/post"}],"author":[{"embeddable":true,"href":"https:\/\/contextoanalisisperiodistico.com\/index.php\/wp-json\/wp\/v2\/users\/4"}],"replies":[{"embeddable":true,"href":"https:\/\/contextoanalisisperiodistico.com\/index.php\/wp-json\/wp\/v2\/comments?post=31077"}],"version-history":[{"count":0,"href":"https:\/\/contextoanalisisperiodistico.com\/index.php\/wp-json\/wp\/v2\/posts\/31077\/revisions"}],"wp:featuredmedia":[{"embeddable":true,"href":"https:\/\/contextoanalisisperiodistico.com\/index.php\/wp-json\/wp\/v2\/media\/31073"}],"wp:attachment":[{"href":"https:\/\/contextoanalisisperiodistico.com\/index.php\/wp-json\/wp\/v2\/media?parent=31077"}],"wp:term":[{"taxonomy":"category","embeddable":true,"href":"https:\/\/contextoanalisisperiodistico.com\/index.php\/wp-json\/wp\/v2\/categories?post=31077"},{"taxonomy":"post_tag","embeddable":true,"href":"https:\/\/contextoanalisisperiodistico.com\/index.php\/wp-json\/wp\/v2\/tags?post=31077"}],"curies":[{"name":"wp","href":"https:\/\/api.w.org\/{rel}","templated":true}]}}