{"id":31051,"date":"2024-09-04T07:05:43","date_gmt":"2024-09-04T13:05:43","guid":{"rendered":"https:\/\/contextoanalisisperiodistico.com\/index.php\/2024\/09\/04\/apuesta-municipio-por-dignificar-espacios-deportivos-en-colonias\/"},"modified":"2024-09-04T07:05:43","modified_gmt":"2024-09-04T13:05:43","slug":"apuesta-municipio-por-dignificar-espacios-deportivos-en-colonias","status":"publish","type":"post","link":"https:\/\/contextoanalisisperiodistico.com\/index.php\/2024\/09\/04\/apuesta-municipio-por-dignificar-espacios-deportivos-en-colonias\/","title":{"rendered":"Apuesta Municipio por dignificar espacios deportivos en colonias"},"content":{"rendered":"<div id=\"fb-root\"><\/div>\n\n<ul class=\"wp-block-list\">\n<li>Se realizaron trabajos de mantenimiento en canchas de las colonias Morelos, Pintores, Azucenas, Infonavit Primero de Mayo, entre otros.<\/li>\n<\/ul>\n\n\n\n<p>Oaxaca de Ju\u00e1rez, Oaxaca, 3 de septiembre de 2024.- Trabajando en el rescate de espacios p\u00fablicos al aire libre en la capital, el Ayuntamiento de Oaxaca de Ju\u00e1rez a trav\u00e9s del Instituto Municipal del Deporte y con el apoyo de la ciudadan\u00eda, ha llevado a cabo intervenciones para el mantenimiento de espacios deportivos que se encuentran en las agencias municipales de la capital.<\/p>\n\n\n\n<p>Los trabajos consisten en realizar la limpieza general del lugar, retiro de desechos, as\u00ed como el trazado y pintado de l\u00edneas en las canchas.<\/p>\n\n\n\n<p>El titular de la Direcci\u00f3n del Instituto Municipal del Deporte, Porfirio Santill\u00e1n Miguel, destac\u00f3 que durante la presente administraci\u00f3n que encabeza el edil, Francisco Mart\u00ednez Neri, se cement\u00f3 y se agregaron luminarias a la cancha multifuncional de f\u00fatbol y voleibol p\u00fablica perteneciente a la colonia La Joya.<\/p>\n\n\n\n<p>\u201cDentro de las atribuciones que tiene el instituto y dentro del reglamento, est\u00e1 la creaci\u00f3n y rehabilitaci\u00f3n de espacios p\u00fablicos\u201d, declar\u00f3 Porfirio Santill\u00e1n.<\/p>\n\n\n\n<p>En ese sentido, especific\u00f3 que se realizaron trabajos de mantenimiento en canchas de la colonias Morelos, Pintores, Azucenas, adem\u00e1s del Infonavit Primero de Mayo, entre otros.<\/p>\n\n\n\n<p>Los trabajos incluyen una buena dosis de participaci\u00f3n ciudadana, ya que en acuerdo con los Comit\u00e9s de Vida Vecinal, el Instituto Municipal del Deporte coordina esfuerzos con la ciudadan\u00eda, a fin de aprovechar al m\u00e1ximo los insumos y lograr beneficiar a la mayor cantidad de poblaci\u00f3n.<\/p>\n\n\n\n<p>Esta apuesta por dignificar los espacios deportivos tiene el fin de propiciar la recomposici\u00f3n del tejido social, particularmente canalizar la energ\u00eda de las juventudes en actividades recreativas y deportivas que promuevan su esp\u00edritu de equipo y la superaci\u00f3n personal.<\/p>\n\n\n\n<p>Con estas acciones, el Gobierno Municipal de Oaxaca de Ju\u00e1rez que encabeza el edil, Francisco Mart\u00ednez Neri, confirma el compromiso de fomentar la actividad f\u00edsica entre las y los capitalinos, mediante acciones que procuren el rescate y cuidado de espacios p\u00fablicos en la ciudad.<\/p>\n\n\n\n<figure class=\"wp-block-image size-large\"><img fetchpriority=\"high\" decoding=\"async\" width=\"1024\" height=\"708\" src=\"https:\/\/contextoanalisisperiodistico.com\/wp-content\/uploads\/2024\/09\/fotobl28329591096967367998-1024x708.jpg\" alt=\"\" class=\"wp-image-31048\" srcset=\"https:\/\/contextoanalisisperiodistico.com\/wp-content\/uploads\/2024\/09\/fotobl28329591096967367998-1024x708.jpg 1024w, https:\/\/contextoanalisisperiodistico.com\/wp-content\/uploads\/2024\/09\/fotobl28329591096967367998-300x207.jpg 300w, https:\/\/contextoanalisisperiodistico.com\/wp-content\/uploads\/2024\/09\/fotobl28329591096967367998-768x531.jpg 768w, https:\/\/contextoanalisisperiodistico.com\/wp-content\/uploads\/2024\/09\/fotobl28329591096967367998.jpg 1280w\" sizes=\"(max-width: 1024px) 100vw, 1024px\" \/><\/figure>\n\n\n\n<figure class=\"wp-block-image\"><img decoding=\"async\" width=\"981\" height=\"1024\" src=\"https:\/\/contextoanalisisperiodistico.com\/wp-content\/uploads\/2024\/09\/fotobl7732250133330177180-981x1024.jpeg\" alt=\"\" class=\"wp-image-31050\" srcset=\"https:\/\/contextoanalisisperiodistico.com\/wp-content\/uploads\/2024\/09\/fotobl7732250133330177180-981x1024.jpeg 981w, https:\/\/contextoanalisisperiodistico.com\/wp-content\/uploads\/2024\/09\/fotobl7732250133330177180-287x300.jpeg 287w, https:\/\/contextoanalisisperiodistico.com\/wp-content\/uploads\/2024\/09\/fotobl7732250133330177180-768x802.jpeg 768w, https:\/\/contextoanalisisperiodistico.com\/wp-content\/uploads\/2024\/09\/fotobl7732250133330177180-1024x1069.jpeg 1024w, https:\/\/contextoanalisisperiodistico.com\/wp-content\/uploads\/2024\/09\/fotobl7732250133330177180.jpeg 1226w\" sizes=\"(max-width: 981px) 100vw, 981px\" \/><\/figure>\n\n\n\n<figure class=\"wp-block-image\"><img decoding=\"async\" width=\"957\" height=\"1024\" src=\"https:\/\/contextoanalisisperiodistico.com\/wp-content\/uploads\/2024\/09\/fotobl284291477900492035095253-957x1024.jpg\" alt=\"\" class=\"wp-image-31049\" srcset=\"https:\/\/contextoanalisisperiodistico.com\/wp-content\/uploads\/2024\/09\/fotobl284291477900492035095253-957x1024.jpg 957w, https:\/\/contextoanalisisperiodistico.com\/wp-content\/uploads\/2024\/09\/fotobl284291477900492035095253-280x300.jpg 280w, https:\/\/contextoanalisisperiodistico.com\/wp-content\/uploads\/2024\/09\/fotobl284291477900492035095253-768x822.jpg 768w, https:\/\/contextoanalisisperiodistico.com\/wp-content\/uploads\/2024\/09\/fotobl284291477900492035095253-1024x1096.jpg 1024w, https:\/\/contextoanalisisperiodistico.com\/wp-content\/uploads\/2024\/09\/fotobl284291477900492035095253.jpg 1196w\" sizes=\"(max-width: 957px) 100vw, 957px\" \/><\/figure>\n","protected":false},"excerpt":{"rendered":"<p>Oaxaca de Ju\u00e1rez, Oaxaca, 3 de septiembre de 2024.- Trabajando en el rescate de espacios&#8230;<\/p>\n","protected":false},"author":4,"featured_media":31047,"comment_status":"","ping_status":"open","sticky":false,"template":"","format":"standard","meta":{"footnotes":""},"categories":[9],"tags":[],"jetpack_sharing_enabled":true,"featured_image_urls":{"full":["https:\/\/contextoanalisisperiodistico.com\/wp-content\/uploads\/2024\/09\/FOTOBL28529.jpeg",960,891,false],"thumbnail":["https:\/\/contextoanalisisperiodistico.com\/wp-content\/uploads\/2024\/09\/FOTOBL28529-150x150.jpeg",150,150,true],"medium":["https:\/\/contextoanalisisperiodistico.com\/wp-content\/uploads\/2024\/09\/FOTOBL28529-300x278.jpeg",300,278,true],"medium_large":["https:\/\/contextoanalisisperiodistico.com\/wp-content\/uploads\/2024\/09\/FOTOBL28529-768x713.jpeg",640,594,true],"large":["https:\/\/contextoanalisisperiodistico.com\/wp-content\/uploads\/2024\/09\/FOTOBL28529.jpeg",640,594,false],"1536x1536":["https:\/\/contextoanalisisperiodistico.com\/wp-content\/uploads\/2024\/09\/FOTOBL28529.jpeg",960,891,false],"2048x2048":["https:\/\/contextoanalisisperiodistico.com\/wp-content\/uploads\/2024\/09\/FOTOBL28529.jpeg",960,891,false],"covernews-slider-full":["https:\/\/contextoanalisisperiodistico.com\/wp-content\/uploads\/2024\/09\/FOTOBL28529-960x715.jpeg",960,715,true],"covernews-slider-center":["https:\/\/contextoanalisisperiodistico.com\/wp-content\/uploads\/2024\/09\/FOTOBL28529-800x500.jpeg",800,500,true],"covernews-featured":["https:\/\/contextoanalisisperiodistico.com\/wp-content\/uploads\/2024\/09\/FOTOBL28529.jpeg",960,891,false],"covernews-medium":["https:\/\/contextoanalisisperiodistico.com\/wp-content\/uploads\/2024\/09\/FOTOBL28529-540x340.jpeg",540,340,true],"covernews-medium-square":["https:\/\/contextoanalisisperiodistico.com\/wp-content\/uploads\/2024\/09\/FOTOBL28529-400x250.jpeg",400,250,true]},"author_info":{"display_name":"Mario Gir\u00f3n","author_link":"https:\/\/contextoanalisisperiodistico.com\/index.php\/author\/director\/"},"category_info":"<a href=\"https:\/\/contextoanalisisperiodistico.com\/index.php\/category\/politica\/\" rel=\"category tag\">Pol\u00edtica<\/a>","tag_info":"Pol\u00edtica","comment_count":"0","jetpack_featured_media_url":"https:\/\/contextoanalisisperiodistico.com\/wp-content\/uploads\/2024\/09\/FOTOBL28529.jpeg","_links":{"self":[{"href":"https:\/\/contextoanalisisperiodistico.com\/index.php\/wp-json\/wp\/v2\/posts\/31051"}],"collection":[{"href":"https:\/\/contextoanalisisperiodistico.com\/index.php\/wp-json\/wp\/v2\/posts"}],"about":[{"href":"https:\/\/contextoanalisisperiodistico.com\/index.php\/wp-json\/wp\/v2\/types\/post"}],"author":[{"embeddable":true,"href":"https:\/\/contextoanalisisperiodistico.com\/index.php\/wp-json\/wp\/v2\/users\/4"}],"replies":[{"embeddable":true,"href":"https:\/\/contextoanalisisperiodistico.com\/index.php\/wp-json\/wp\/v2\/comments?post=31051"}],"version-history":[{"count":0,"href":"https:\/\/contextoanalisisperiodistico.com\/index.php\/wp-json\/wp\/v2\/posts\/31051\/revisions"}],"wp:featuredmedia":[{"embeddable":true,"href":"https:\/\/contextoanalisisperiodistico.com\/index.php\/wp-json\/wp\/v2\/media\/31047"}],"wp:attachment":[{"href":"https:\/\/contextoanalisisperiodistico.com\/index.php\/wp-json\/wp\/v2\/media?parent=31051"}],"wp:term":[{"taxonomy":"category","embeddable":true,"href":"https:\/\/contextoanalisisperiodistico.com\/index.php\/wp-json\/wp\/v2\/categories?post=31051"},{"taxonomy":"post_tag","embeddable":true,"href":"https:\/\/contextoanalisisperiodistico.com\/index.php\/wp-json\/wp\/v2\/tags?post=31051"}],"curies":[{"name":"wp","href":"https:\/\/api.w.org\/{rel}","templated":true}]}}