{"id":31038,"date":"2024-09-03T21:44:39","date_gmt":"2024-09-04T03:44:39","guid":{"rendered":"https:\/\/contextoanalisisperiodistico.com\/index.php\/2024\/09\/03\/oficializan-en-oaxaca-creacion-de-la-universidad-de-la-seguridad-publica-y-paz-social\/"},"modified":"2024-09-03T21:44:39","modified_gmt":"2024-09-04T03:44:39","slug":"oficializan-en-oaxaca-creacion-de-la-universidad-de-la-seguridad-publica-y-paz-social","status":"publish","type":"post","link":"https:\/\/contextoanalisisperiodistico.com\/index.php\/2024\/09\/03\/oficializan-en-oaxaca-creacion-de-la-universidad-de-la-seguridad-publica-y-paz-social\/","title":{"rendered":"Oficializan en Oaxaca creaci\u00f3n de la Universidad de la Seguridad P\u00fablica y Paz Social"},"content":{"rendered":"<div id=\"fb-root\"><\/div>\n\n<p>\u2022 La entidad mantiene su tr\u00e1nsito hacia un modelo policial que promueve la cultura de paz y justicia social como uno de los ejes para garantizar la gobernabilidad y la convivencia pac\u00edfica<\/p>\n\n\n\n<p>Oaxaca de Ju\u00e1rez, Oax. 03 de septiembre de 2024. Producto de la conjugaci\u00f3n de esfuerzos entre los Poderes Ejecutivo y Legislativo del Estado de Oaxaca, este martes, con la firma del Gobernador Salom\u00f3n Jara Cruz, fue oficializada la creaci\u00f3n de la Universidad de la Seguridad P\u00fablica y Paz Social en la entidad.<\/p>\n\n\n\n<p>La iniciativa presentada en el Congreso del Estado fue aprobada el pasado 28 de agosto, con 26 votos a favor; acto que representa un paso de suma importancia para afianzar la profesionalizaci\u00f3n de los cuerpos policiales.<\/p>\n\n\n\n<p>Luego del arduo trabajo del Secretariado Ejecutivo del Sistema Estatal de Seguridad P\u00fablica (SESESP), la Secretar\u00eda de Seguridad y Protecci\u00f3n Ciudadana (SSPC) y la Secretar\u00eda de Gobierno (Sego); los esfuerzos rindieron fruto y se iniciar\u00e1 la reingenier\u00eda en el Instituto de Profesionalizaci\u00f3n Policial de la SSPC, sede que ocupar\u00e1 el campus.<\/p>\n\n\n\n<p>Esta Universidad ser\u00e1 la responsable del proceso de ense\u00f1anza te\u00f3rico-pr\u00e1ctico, basado en conocimientos t\u00e9cnicos, jur\u00eddicos y sociales para capacitar a las y los aspirantes a ingresar a las instituciones policiales.<\/p>\n\n\n\n<p>Con ello, Oaxaca mantiene su tr\u00e1nsito hacia un modelo policial que promueve la cultura de paz y justicia social como uno de los ejes para garantizar la gobernabilidad y la convivencia pac\u00edfica en la entidad.<\/p>\n\n\n\n<p>-0-<\/p>\n","protected":false},"excerpt":{"rendered":"<p>\u2022 La entidad mantiene su tr\u00e1nsito hacia un modelo policial que promueve la cultura de&#8230;<\/p>\n","protected":false},"author":4,"featured_media":31037,"comment_status":"","ping_status":"open","sticky":false,"template":"","format":"standard","meta":{"footnotes":""},"categories":[9],"tags":[],"jetpack_sharing_enabled":true,"featured_image_urls":{"full":["https:\/\/contextoanalisisperiodistico.com\/wp-content\/uploads\/2024\/09\/IMG-20240903-WA0113.jpg",1600,1066,false],"thumbnail":["https:\/\/contextoanalisisperiodistico.com\/wp-content\/uploads\/2024\/09\/IMG-20240903-WA0113-150x150.jpg",150,150,true],"medium":["https:\/\/contextoanalisisperiodistico.com\/wp-content\/uploads\/2024\/09\/IMG-20240903-WA0113-300x200.jpg",300,200,true],"medium_large":["https:\/\/contextoanalisisperiodistico.com\/wp-content\/uploads\/2024\/09\/IMG-20240903-WA0113-768x512.jpg",640,427,true],"large":["https:\/\/contextoanalisisperiodistico.com\/wp-content\/uploads\/2024\/09\/IMG-20240903-WA0113-1024x682.jpg",640,426,true],"1536x1536":["https:\/\/contextoanalisisperiodistico.com\/wp-content\/uploads\/2024\/09\/IMG-20240903-WA0113-1536x1023.jpg",1536,1023,true],"2048x2048":["https:\/\/contextoanalisisperiodistico.com\/wp-content\/uploads\/2024\/09\/IMG-20240903-WA0113.jpg",1600,1066,false],"covernews-slider-full":["https:\/\/contextoanalisisperiodistico.com\/wp-content\/uploads\/2024\/09\/IMG-20240903-WA0113-1115x715.jpg",1115,715,true],"covernews-slider-center":["https:\/\/contextoanalisisperiodistico.com\/wp-content\/uploads\/2024\/09\/IMG-20240903-WA0113-800x500.jpg",800,500,true],"covernews-featured":["https:\/\/contextoanalisisperiodistico.com\/wp-content\/uploads\/2024\/09\/IMG-20240903-WA0113-1024x682.jpg",1024,682,true],"covernews-medium":["https:\/\/contextoanalisisperiodistico.com\/wp-content\/uploads\/2024\/09\/IMG-20240903-WA0113-540x340.jpg",540,340,true],"covernews-medium-square":["https:\/\/contextoanalisisperiodistico.com\/wp-content\/uploads\/2024\/09\/IMG-20240903-WA0113-400x250.jpg",400,250,true]},"author_info":{"display_name":"Mario Gir\u00f3n","author_link":"https:\/\/contextoanalisisperiodistico.com\/index.php\/author\/director\/"},"category_info":"<a href=\"https:\/\/contextoanalisisperiodistico.com\/index.php\/category\/politica\/\" rel=\"category tag\">Pol\u00edtica<\/a>","tag_info":"Pol\u00edtica","comment_count":"0","jetpack_featured_media_url":"https:\/\/contextoanalisisperiodistico.com\/wp-content\/uploads\/2024\/09\/IMG-20240903-WA0113.jpg","_links":{"self":[{"href":"https:\/\/contextoanalisisperiodistico.com\/index.php\/wp-json\/wp\/v2\/posts\/31038"}],"collection":[{"href":"https:\/\/contextoanalisisperiodistico.com\/index.php\/wp-json\/wp\/v2\/posts"}],"about":[{"href":"https:\/\/contextoanalisisperiodistico.com\/index.php\/wp-json\/wp\/v2\/types\/post"}],"author":[{"embeddable":true,"href":"https:\/\/contextoanalisisperiodistico.com\/index.php\/wp-json\/wp\/v2\/users\/4"}],"replies":[{"embeddable":true,"href":"https:\/\/contextoanalisisperiodistico.com\/index.php\/wp-json\/wp\/v2\/comments?post=31038"}],"version-history":[{"count":0,"href":"https:\/\/contextoanalisisperiodistico.com\/index.php\/wp-json\/wp\/v2\/posts\/31038\/revisions"}],"wp:featuredmedia":[{"embeddable":true,"href":"https:\/\/contextoanalisisperiodistico.com\/index.php\/wp-json\/wp\/v2\/media\/31037"}],"wp:attachment":[{"href":"https:\/\/contextoanalisisperiodistico.com\/index.php\/wp-json\/wp\/v2\/media?parent=31038"}],"wp:term":[{"taxonomy":"category","embeddable":true,"href":"https:\/\/contextoanalisisperiodistico.com\/index.php\/wp-json\/wp\/v2\/categories?post=31038"},{"taxonomy":"post_tag","embeddable":true,"href":"https:\/\/contextoanalisisperiodistico.com\/index.php\/wp-json\/wp\/v2\/tags?post=31038"}],"curies":[{"name":"wp","href":"https:\/\/api.w.org\/{rel}","templated":true}]}}