{"id":31026,"date":"2024-09-03T12:40:44","date_gmt":"2024-09-03T18:40:44","guid":{"rendered":"https:\/\/contextoanalisisperiodistico.com\/index.php\/2024\/09\/03\/logra-sego-liberacion-del-palacio-municipal-de-santa-gertrudis-en-zimatlan\/"},"modified":"2024-09-03T12:40:44","modified_gmt":"2024-09-03T18:40:44","slug":"logra-sego-liberacion-del-palacio-municipal-de-santa-gertrudis-en-zimatlan","status":"publish","type":"post","link":"https:\/\/contextoanalisisperiodistico.com\/index.php\/2024\/09\/03\/logra-sego-liberacion-del-palacio-municipal-de-santa-gertrudis-en-zimatlan\/","title":{"rendered":"Logra Sego liberaci\u00f3n del Palacio Municipal de Santa Gertrudis, en Zimatl\u00e1n"},"content":{"rendered":"<div id=\"fb-root\"><\/div>\n\n<p>Oaxaca de Ju\u00e1rez, Oax. 3 de septiembre de 2024.-Despu\u00e9s de 15 mesas de trabajo, la Secretar\u00eda de Gobierno (Sego) con el acompa\u00f1amiento de la Coordinaci\u00f3n de Delegados de Paz (CDPAZ) logr\u00f3 la liberaci\u00f3n del palacio municipal de Santa Gertrudis, perteneciente al distrito de Zimatl\u00e1n, el cual permaneci\u00f3 cerrado por diversos conflictos internos en la administraci\u00f3n de la localidad.<\/p>\n\n\n\n<figure class=\"wp-block-image size-large\"><img fetchpriority=\"high\" decoding=\"async\" width=\"1024\" height=\"576\" src=\"https:\/\/contextoanalisisperiodistico.com\/wp-content\/uploads\/2024\/09\/img-20240903-wa00186374074132036292332-1024x576.jpg\" alt=\"\" class=\"wp-image-31025\" srcset=\"https:\/\/contextoanalisisperiodistico.com\/wp-content\/uploads\/2024\/09\/img-20240903-wa00186374074132036292332-1024x576.jpg 1024w, https:\/\/contextoanalisisperiodistico.com\/wp-content\/uploads\/2024\/09\/img-20240903-wa00186374074132036292332-300x169.jpg 300w, https:\/\/contextoanalisisperiodistico.com\/wp-content\/uploads\/2024\/09\/img-20240903-wa00186374074132036292332-768x432.jpg 768w, https:\/\/contextoanalisisperiodistico.com\/wp-content\/uploads\/2024\/09\/img-20240903-wa00186374074132036292332-1536x864.jpg 1536w, https:\/\/contextoanalisisperiodistico.com\/wp-content\/uploads\/2024\/09\/img-20240903-wa00186374074132036292332.jpg 1600w\" sizes=\"(max-width: 1024px) 100vw, 1024px\" \/><\/figure>\n\n\n\n<p>La Secretar\u00eda de Gobierno, a cargo de Jes\u00fas Romero L\u00f3pez, reconoci\u00f3 la voluntad de todas las personas involucradas para conciliar sus diferencias a trav\u00e9s del di\u00e1logo y los acuerdos.<\/p>\n\n\n\n<p>Cabe recordar que desde el a\u00f1o 2022 exist\u00eda un conflicto interno de cabildo y falta de rendici\u00f3n de cuentas; adem\u00e1s del pago de dietas del a\u00f1o 2023 a las personas trabajadoras.<\/p>\n\n\n\n<p>El 20 de junio de este a\u00f1o tambi\u00e9n se present\u00f3 una manifestaci\u00f3n y paro de labores por parte de las y los polic\u00edas municipales, quienes bloquearon el palacio municipal, el cual fue atendido por personal de la CDPAZ.<\/p>\n\n\n\n<p>Posteriormente, el 30 de agosto los concejales, bajo el compromiso de velar por el bienestar y gobernabilidad de Santa Gertrudis, lograron alcanzar diversos acuerdos, por lo que la autoridad local pag\u00f3 este 2 de septiembre las dietas y aguinaldos de los concejales y trabajadores, lo que finalmente permiti\u00f3 la apertura y entrega del palacio municipal.<\/p>\n\n\n\n<p>-0-<\/p>\n","protected":false},"excerpt":{"rendered":"<p>Oaxaca de Ju\u00e1rez, Oax. 3 de septiembre de 2024.-Despu\u00e9s de 15 mesas de trabajo, la&#8230;<\/p>\n","protected":false},"author":4,"featured_media":31024,"comment_status":"","ping_status":"open","sticky":false,"template":"","format":"standard","meta":{"footnotes":""},"categories":[9],"tags":[],"jetpack_sharing_enabled":true,"featured_image_urls":{"full":["https:\/\/contextoanalisisperiodistico.com\/wp-content\/uploads\/2024\/09\/IMG-20240903-WA0020.jpg",1600,900,false],"thumbnail":["https:\/\/contextoanalisisperiodistico.com\/wp-content\/uploads\/2024\/09\/IMG-20240903-WA0020-150x150.jpg",150,150,true],"medium":["https:\/\/contextoanalisisperiodistico.com\/wp-content\/uploads\/2024\/09\/IMG-20240903-WA0020-300x169.jpg",300,169,true],"medium_large":["https:\/\/contextoanalisisperiodistico.com\/wp-content\/uploads\/2024\/09\/IMG-20240903-WA0020-768x432.jpg",640,360,true],"large":["https:\/\/contextoanalisisperiodistico.com\/wp-content\/uploads\/2024\/09\/IMG-20240903-WA0020-1024x576.jpg",640,360,true],"1536x1536":["https:\/\/contextoanalisisperiodistico.com\/wp-content\/uploads\/2024\/09\/IMG-20240903-WA0020-1536x864.jpg",1536,864,true],"2048x2048":["https:\/\/contextoanalisisperiodistico.com\/wp-content\/uploads\/2024\/09\/IMG-20240903-WA0020.jpg",1600,900,false],"covernews-slider-full":["https:\/\/contextoanalisisperiodistico.com\/wp-content\/uploads\/2024\/09\/IMG-20240903-WA0020-1115x715.jpg",1115,715,true],"covernews-slider-center":["https:\/\/contextoanalisisperiodistico.com\/wp-content\/uploads\/2024\/09\/IMG-20240903-WA0020-800x500.jpg",800,500,true],"covernews-featured":["https:\/\/contextoanalisisperiodistico.com\/wp-content\/uploads\/2024\/09\/IMG-20240903-WA0020-1024x576.jpg",1024,576,true],"covernews-medium":["https:\/\/contextoanalisisperiodistico.com\/wp-content\/uploads\/2024\/09\/IMG-20240903-WA0020-540x340.jpg",540,340,true],"covernews-medium-square":["https:\/\/contextoanalisisperiodistico.com\/wp-content\/uploads\/2024\/09\/IMG-20240903-WA0020-400x250.jpg",400,250,true]},"author_info":{"display_name":"Mario Gir\u00f3n","author_link":"https:\/\/contextoanalisisperiodistico.com\/index.php\/author\/director\/"},"category_info":"<a href=\"https:\/\/contextoanalisisperiodistico.com\/index.php\/category\/politica\/\" rel=\"category tag\">Pol\u00edtica<\/a>","tag_info":"Pol\u00edtica","comment_count":"0","jetpack_featured_media_url":"https:\/\/contextoanalisisperiodistico.com\/wp-content\/uploads\/2024\/09\/IMG-20240903-WA0020.jpg","_links":{"self":[{"href":"https:\/\/contextoanalisisperiodistico.com\/index.php\/wp-json\/wp\/v2\/posts\/31026"}],"collection":[{"href":"https:\/\/contextoanalisisperiodistico.com\/index.php\/wp-json\/wp\/v2\/posts"}],"about":[{"href":"https:\/\/contextoanalisisperiodistico.com\/index.php\/wp-json\/wp\/v2\/types\/post"}],"author":[{"embeddable":true,"href":"https:\/\/contextoanalisisperiodistico.com\/index.php\/wp-json\/wp\/v2\/users\/4"}],"replies":[{"embeddable":true,"href":"https:\/\/contextoanalisisperiodistico.com\/index.php\/wp-json\/wp\/v2\/comments?post=31026"}],"version-history":[{"count":0,"href":"https:\/\/contextoanalisisperiodistico.com\/index.php\/wp-json\/wp\/v2\/posts\/31026\/revisions"}],"wp:featuredmedia":[{"embeddable":true,"href":"https:\/\/contextoanalisisperiodistico.com\/index.php\/wp-json\/wp\/v2\/media\/31024"}],"wp:attachment":[{"href":"https:\/\/contextoanalisisperiodistico.com\/index.php\/wp-json\/wp\/v2\/media?parent=31026"}],"wp:term":[{"taxonomy":"category","embeddable":true,"href":"https:\/\/contextoanalisisperiodistico.com\/index.php\/wp-json\/wp\/v2\/categories?post=31026"},{"taxonomy":"post_tag","embeddable":true,"href":"https:\/\/contextoanalisisperiodistico.com\/index.php\/wp-json\/wp\/v2\/tags?post=31026"}],"curies":[{"name":"wp","href":"https:\/\/api.w.org\/{rel}","templated":true}]}}