{"id":31016,"date":"2024-09-02T18:54:53","date_gmt":"2024-09-03T00:54:53","guid":{"rendered":"https:\/\/contextoanalisisperiodistico.com\/index.php\/2024\/09\/02\/se-va-el-mejor-presidente-de-la-era-moderna-salomon-jara\/"},"modified":"2024-09-02T18:54:53","modified_gmt":"2024-09-03T00:54:53","slug":"se-va-el-mejor-presidente-de-la-era-moderna-salomon-jara","status":"publish","type":"post","link":"https:\/\/contextoanalisisperiodistico.com\/index.php\/2024\/09\/02\/se-va-el-mejor-presidente-de-la-era-moderna-salomon-jara\/","title":{"rendered":"Se va el mejor presidente de la era moderna: Salom\u00f3n Jara"},"content":{"rendered":"<div id=\"fb-root\"><\/div>\n\n<p>\u2022 El Mandatario Oaxaque\u00f1o destac\u00f3 los compromisos cumplidos del Presidente Andr\u00e9s Manuel L\u00f3pez Obrador con Oaxaca y el impulso de importantes proyectos para saldar la deuda hist\u00f3rica con el sureste del pa\u00eds<\/p>\n\n\n\n<figure class=\"wp-block-image size-large\"><img fetchpriority=\"high\" decoding=\"async\" width=\"900\" height=\"600\" src=\"https:\/\/contextoanalisisperiodistico.com\/wp-content\/uploads\/2024\/09\/img-20240902-wa00424086523662479920548.jpg\" alt=\"\" class=\"wp-image-31015\" srcset=\"https:\/\/contextoanalisisperiodistico.com\/wp-content\/uploads\/2024\/09\/img-20240902-wa00424086523662479920548.jpg 900w, https:\/\/contextoanalisisperiodistico.com\/wp-content\/uploads\/2024\/09\/img-20240902-wa00424086523662479920548-300x200.jpg 300w, https:\/\/contextoanalisisperiodistico.com\/wp-content\/uploads\/2024\/09\/img-20240902-wa00424086523662479920548-768x512.jpg 768w\" sizes=\"(max-width: 900px) 100vw, 900px\" \/><\/figure>\n\n\n\n<p>Oaxaca de Ju\u00e1rez, Oax. 2 de septiembre de 2024. El Gobernador Salom\u00f3n Jara Cruz expres\u00f3 que a 6 a\u00f1os de la victoria del pueblo, el gran legado del Presidente Andr\u00e9s Manuel L\u00f3pez Obrador, solo encuentra referente frente a la obra de hombres de la talla hist\u00f3rica como Francisco I. Madero, L\u00e1zaro C\u00e1rdenas y Benito Ju\u00e1rez.<\/p>\n\n\n\n<p>Al encabezar la conferencia de prensa desde Palacio de Gobierno, el Mandatario Estatal destac\u00f3 los grandes logros del Presidente de M\u00e9xico en su sexto y \u00faltimo Informe de Gobierno, especialmente los compromisos cumplidos con Oaxaca y el impulso de importantes proyectos para saldar la deuda hist\u00f3rica con el sureste del pa\u00eds.<\/p>\n\n\n\n<p>\u201cSe va el mejor presidente de la era moderna, el hombre que le devolvi\u00f3 la dignidad y la esperanza a M\u00e9xico\u201d, afirm\u00f3 al se\u00f1alar que en este primer gobierno de la Cuarta Transformaci\u00f3n el sur sureste se convirti\u00f3 en la regi\u00f3n m\u00e1s din\u00e1mica del pa\u00eds y Oaxaca fue el estado con mayor tasa de crecimiento anual con 13.1 por ciento del Producto Interno Bruto en 2023.<\/p>\n\n\n\n<p>Expres\u00f3 que al tener al pueblo como principal protagonista de la transformaci\u00f3n se consolidaron los proyectos de infraestructura como el Tren Maya, el ferrocarril del Corredor Interoce\u00e1nico y los Polos de Desarrollo Bienestar, la Refiner\u00eda de Dos Bocas, las autopistas a la Costa y al Istmo, los caminos artesanales y los apoyos bienestar que permitieron que 9.5 millones de mexicanos salieran de la pobreza.<\/p>\n\n\n\n<p>Jara Cruz expres\u00f3 que no existe otro gobernante que en tan poco tiempo, haya logrado tanto, conduciendo su gobierno bajo el principio humanista: Por el bien de todos, primero los pobres.<\/p>\n\n\n\n<p>De esta manera, el Mandatario Estatal expres\u00f3 su agradecimiento por el apoyo en beneficio de las y los oaxaque\u00f1os.<\/p>\n\n\n\n<p>Avanza el modelo IMSS-Bienestar en Oaxaca<\/p>\n\n\n\n<p>En este encuentro con las y los representantes de los medios de comunicaci\u00f3n, el Gobernador Salom\u00f3n Jara Cruz dio a conocer el encuentro que tuvo con el Presidente L\u00f3pez Obrador y con la Presidenta electa Claudia Sheinbaum, para dar seguimiento al modelo IMSS-Bienestar.<\/p>\n\n\n\n<p>Expres\u00f3 que se revis\u00f3 el estatus de los inmuebles, hospitales y centros de salud transferidos, y se report\u00f3 un avance del 73 por ciento en Oaxaca del programa La Cl\u00ednica es Nuestra.<\/p>\n\n\n\n<p>\u201cEstamos transformando el sistema de salud para que todas y todos los mexicanos tengan acceso a este derecho\u201d, dijo.<\/p>\n\n\n\n<p>Tambi\u00e9n comparti\u00f3 el encuentro que sostuvo con la subsecretaria de Ordenamiento Territorial y Agrario de la Sedatu, y quien ser\u00e1 la pr\u00f3xima titular de esta dependencia del Gobierno de M\u00e9xico, Edna Vega Rangel, para revisar los avances en el ordenamiento territorial en Oaxaca y los proyectos que pr\u00f3ximamente se implementar\u00e1n.<\/p>\n\n\n\n<p>As\u00ed como el encuentro que sostuvo con el pr\u00f3ximo secretario de Seguridad, Omar Garc\u00eda Harfuch, con quien dijo, se trabajar\u00e1 de la mano en la construcci\u00f3n de la paz y seguridad.<\/p>\n\n\n\n<p>Jueces, magistrados y ministros ser\u00e1n electos por el pueblo<\/p>\n\n\n\n<p>Referente al amparo contra la Reforma al Poder Judicial que promovi\u00f3 un grupo de jueces, Jara Cruz expres\u00f3 que las y los legisladores del movimiento del que emana su gobierno, continuar\u00e1n el proceso legislativo hasta lograr la aprobaci\u00f3n y entrada en vigor de la reforma presentada por el Presidente L\u00f3pez Obrador para transformar este \u00f3rgano desde sus cimientos.<\/p>\n\n\n\n<p>\u201cNo tengo duda de que la Reforma Judicial ser\u00e1 aprobada en la primera semana de septiembre, y jueces, magistrados y ministros ser\u00e1n electos de manera directa por el pueblo\u201d, dijo.<\/p>\n\n\n\n<p>-0-<\/p>\n","protected":false},"excerpt":{"rendered":"<p>\u2022 El Mandatario Oaxaque\u00f1o destac\u00f3 los compromisos cumplidos del Presidente Andr\u00e9s Manuel L\u00f3pez Obrador con&#8230;<\/p>\n","protected":false},"author":4,"featured_media":31014,"comment_status":"","ping_status":"open","sticky":false,"template":"","format":"standard","meta":{"footnotes":""},"categories":[9],"tags":[],"jetpack_sharing_enabled":true,"featured_image_urls":{"full":["https:\/\/contextoanalisisperiodistico.com\/wp-content\/uploads\/2024\/09\/IMG-20240902-WA0041-1.jpg",900,600,false],"thumbnail":["https:\/\/contextoanalisisperiodistico.com\/wp-content\/uploads\/2024\/09\/IMG-20240902-WA0041-1-150x150.jpg",150,150,true],"medium":["https:\/\/contextoanalisisperiodistico.com\/wp-content\/uploads\/2024\/09\/IMG-20240902-WA0041-1-300x200.jpg",300,200,true],"medium_large":["https:\/\/contextoanalisisperiodistico.com\/wp-content\/uploads\/2024\/09\/IMG-20240902-WA0041-1-768x512.jpg",640,427,true],"large":["https:\/\/contextoanalisisperiodistico.com\/wp-content\/uploads\/2024\/09\/IMG-20240902-WA0041-1.jpg",640,427,false],"1536x1536":["https:\/\/contextoanalisisperiodistico.com\/wp-content\/uploads\/2024\/09\/IMG-20240902-WA0041-1.jpg",900,600,false],"2048x2048":["https:\/\/contextoanalisisperiodistico.com\/wp-content\/uploads\/2024\/09\/IMG-20240902-WA0041-1.jpg",900,600,false],"covernews-slider-full":["https:\/\/contextoanalisisperiodistico.com\/wp-content\/uploads\/2024\/09\/IMG-20240902-WA0041-1.jpg",900,600,false],"covernews-slider-center":["https:\/\/contextoanalisisperiodistico.com\/wp-content\/uploads\/2024\/09\/IMG-20240902-WA0041-1-800x500.jpg",800,500,true],"covernews-featured":["https:\/\/contextoanalisisperiodistico.com\/wp-content\/uploads\/2024\/09\/IMG-20240902-WA0041-1.jpg",900,600,false],"covernews-medium":["https:\/\/contextoanalisisperiodistico.com\/wp-content\/uploads\/2024\/09\/IMG-20240902-WA0041-1-540x340.jpg",540,340,true],"covernews-medium-square":["https:\/\/contextoanalisisperiodistico.com\/wp-content\/uploads\/2024\/09\/IMG-20240902-WA0041-1-400x250.jpg",400,250,true]},"author_info":{"display_name":"Mario Gir\u00f3n","author_link":"https:\/\/contextoanalisisperiodistico.com\/index.php\/author\/director\/"},"category_info":"<a href=\"https:\/\/contextoanalisisperiodistico.com\/index.php\/category\/politica\/\" rel=\"category tag\">Pol\u00edtica<\/a>","tag_info":"Pol\u00edtica","comment_count":"0","jetpack_featured_media_url":"https:\/\/contextoanalisisperiodistico.com\/wp-content\/uploads\/2024\/09\/IMG-20240902-WA0041-1.jpg","_links":{"self":[{"href":"https:\/\/contextoanalisisperiodistico.com\/index.php\/wp-json\/wp\/v2\/posts\/31016"}],"collection":[{"href":"https:\/\/contextoanalisisperiodistico.com\/index.php\/wp-json\/wp\/v2\/posts"}],"about":[{"href":"https:\/\/contextoanalisisperiodistico.com\/index.php\/wp-json\/wp\/v2\/types\/post"}],"author":[{"embeddable":true,"href":"https:\/\/contextoanalisisperiodistico.com\/index.php\/wp-json\/wp\/v2\/users\/4"}],"replies":[{"embeddable":true,"href":"https:\/\/contextoanalisisperiodistico.com\/index.php\/wp-json\/wp\/v2\/comments?post=31016"}],"version-history":[{"count":0,"href":"https:\/\/contextoanalisisperiodistico.com\/index.php\/wp-json\/wp\/v2\/posts\/31016\/revisions"}],"wp:featuredmedia":[{"embeddable":true,"href":"https:\/\/contextoanalisisperiodistico.com\/index.php\/wp-json\/wp\/v2\/media\/31014"}],"wp:attachment":[{"href":"https:\/\/contextoanalisisperiodistico.com\/index.php\/wp-json\/wp\/v2\/media?parent=31016"}],"wp:term":[{"taxonomy":"category","embeddable":true,"href":"https:\/\/contextoanalisisperiodistico.com\/index.php\/wp-json\/wp\/v2\/categories?post=31016"},{"taxonomy":"post_tag","embeddable":true,"href":"https:\/\/contextoanalisisperiodistico.com\/index.php\/wp-json\/wp\/v2\/tags?post=31016"}],"curies":[{"name":"wp","href":"https:\/\/api.w.org\/{rel}","templated":true}]}}