{"id":31013,"date":"2024-09-02T18:46:47","date_gmt":"2024-09-03T00:46:47","guid":{"rendered":"https:\/\/contextoanalisisperiodistico.com\/index.php\/2024\/09\/02\/podria-policia-vial-estatal-asumir-operativo-alcoholimetro-en-valles-centrales-sego\/"},"modified":"2024-09-02T18:46:47","modified_gmt":"2024-09-03T00:46:47","slug":"podria-policia-vial-estatal-asumir-operativo-alcoholimetro-en-valles-centrales-sego","status":"publish","type":"post","link":"https:\/\/contextoanalisisperiodistico.com\/index.php\/2024\/09\/02\/podria-policia-vial-estatal-asumir-operativo-alcoholimetro-en-valles-centrales-sego\/","title":{"rendered":"Podr\u00eda Polic\u00eda Vial Estatal asumir Operativo Alcohol\u00edmetro en Valles Centrales: Sego"},"content":{"rendered":"<div id=\"fb-root\"><\/div>\n\n<p>\u2022 El titular de la Secretar\u00eda de Gobierno lament\u00f3 que esta estrategia de prevenci\u00f3n de accidentes se haya convertido en un medio de recaudaci\u00f3n y extorsi\u00f3n en los municipios<\/p>\n\n\n\n<p>Oaxaca de Ju\u00e1rez, Oax. 2 de septiembre de 2024.- El titular de la Secretar\u00eda de Gobierno (Sego), Jes\u00fas Romero L\u00f3pez adelant\u00f3 que se analiza la posibilidad de que sea la Polic\u00eda Vial Estatal la responsable de aplicar el operativo Alcohol\u00edmetro en los municipios del estado.<\/p>\n\n\n\n<p>Explic\u00f3 que esta estrategia de prevenci\u00f3n de accidentes se debe realizar de manera conjunta con los Servicios de Salud de Oaxaca (SSO), por lo que solicitar\u00e1 que la dependencia convoque a una reuni\u00f3n urgente del Consejo Estatal para la Prevenci\u00f3n de Accidentes (Coepra) y as\u00ed solicitar el retiro inmediato de los equipos de alcoholimetr\u00eda en municipios que realizan el operativo.<\/p>\n\n\n\n<p>Expuso que quienes aplican este instrumento para determinar el nivel de alcohol, carecen de capacitaci\u00f3n, infraestructura necesaria e incumplen con un protocolo establecido.<\/p>\n\n\n\n<p>Romero L\u00f3pez lament\u00f3 que esta iniciativa, que en su origen buscaba evitar accidentes y p\u00e9rdidas de vidas humanas, se convirti\u00f3 en un medio de recaudaci\u00f3n y extorsi\u00f3n en los municipios.<\/p>\n\n\n\n<p>\u201cNo es posible que se extorsione a la ciudadan\u00eda con los alcohol\u00edmetros, una buena medida la pervirtieron. Vamos a promover que sea solo la Polic\u00eda Vial Estatal la que determine estas acciones\u201d, manifest\u00f3.<\/p>\n\n\n\n<p>Reiter\u00f3 que a nivel nacional existe un Consejo del Secretariado T\u00e9cnico para la prevenci\u00f3n de accidentes, y en la entidad, SSO constituye la Coepra, a partir de la cual se desarrollan los alcohol\u00edmetros independientemente de otras que ejerce la Polic\u00eda Vial.<\/p>\n\n\n\n<p>Inform\u00f3 que, la Defensor\u00eda de los Derechos Humanos del Pueblo de Oaxaca (DDHPO) ha emitido diversas recomendaciones a varias autoridades municipales a partir de quejas interpuestas por la ciudadan\u00eda derivado de los abusos cometidos por elementos de las Polic\u00edas Municipales y el abuso de autoridad en diversos operativos de alcohol\u00edmetro.<\/p>\n\n\n\n<p>Dio a conocer que entre estos municipios se encuentra Santa Luc\u00eda del Camino, con 25 expedientes vigentes hasta finales de junio, en donde se reclaman diversos actos parecidos.<\/p>\n\n\n\n<p>Asimismo, debido a las constantes denuncias por abuso de autoridad, cobros excesivos y trato inhumano por parte de la Polic\u00eda Municipal de San Jacinto Amilpas, en mayo, la DDHPO hizo una supervisi\u00f3n a los puntos de alcohol\u00edmetro de esta demarcaci\u00f3n.<br \/>-0-<\/p>\n","protected":false},"excerpt":{"rendered":"<p>\u2022 El titular de la Secretar\u00eda de Gobierno lament\u00f3 que esta estrategia de prevenci\u00f3n de&#8230;<\/p>\n","protected":false},"author":4,"featured_media":31012,"comment_status":"","ping_status":"open","sticky":false,"template":"","format":"standard","meta":{"footnotes":""},"categories":[9],"tags":[],"jetpack_sharing_enabled":true,"featured_image_urls":{"full":["https:\/\/contextoanalisisperiodistico.com\/wp-content\/uploads\/2024\/09\/IMG-20240902-WA0088.jpg",1600,1066,false],"thumbnail":["https:\/\/contextoanalisisperiodistico.com\/wp-content\/uploads\/2024\/09\/IMG-20240902-WA0088-150x150.jpg",150,150,true],"medium":["https:\/\/contextoanalisisperiodistico.com\/wp-content\/uploads\/2024\/09\/IMG-20240902-WA0088-300x200.jpg",300,200,true],"medium_large":["https:\/\/contextoanalisisperiodistico.com\/wp-content\/uploads\/2024\/09\/IMG-20240902-WA0088-768x512.jpg",640,427,true],"large":["https:\/\/contextoanalisisperiodistico.com\/wp-content\/uploads\/2024\/09\/IMG-20240902-WA0088-1024x682.jpg",640,426,true],"1536x1536":["https:\/\/contextoanalisisperiodistico.com\/wp-content\/uploads\/2024\/09\/IMG-20240902-WA0088-1536x1023.jpg",1536,1023,true],"2048x2048":["https:\/\/contextoanalisisperiodistico.com\/wp-content\/uploads\/2024\/09\/IMG-20240902-WA0088.jpg",1600,1066,false],"covernews-slider-full":["https:\/\/contextoanalisisperiodistico.com\/wp-content\/uploads\/2024\/09\/IMG-20240902-WA0088-1115x715.jpg",1115,715,true],"covernews-slider-center":["https:\/\/contextoanalisisperiodistico.com\/wp-content\/uploads\/2024\/09\/IMG-20240902-WA0088-800x500.jpg",800,500,true],"covernews-featured":["https:\/\/contextoanalisisperiodistico.com\/wp-content\/uploads\/2024\/09\/IMG-20240902-WA0088-1024x682.jpg",1024,682,true],"covernews-medium":["https:\/\/contextoanalisisperiodistico.com\/wp-content\/uploads\/2024\/09\/IMG-20240902-WA0088-540x340.jpg",540,340,true],"covernews-medium-square":["https:\/\/contextoanalisisperiodistico.com\/wp-content\/uploads\/2024\/09\/IMG-20240902-WA0088-400x250.jpg",400,250,true]},"author_info":{"display_name":"Mario Gir\u00f3n","author_link":"https:\/\/contextoanalisisperiodistico.com\/index.php\/author\/director\/"},"category_info":"<a href=\"https:\/\/contextoanalisisperiodistico.com\/index.php\/category\/politica\/\" rel=\"category tag\">Pol\u00edtica<\/a>","tag_info":"Pol\u00edtica","comment_count":"0","jetpack_featured_media_url":"https:\/\/contextoanalisisperiodistico.com\/wp-content\/uploads\/2024\/09\/IMG-20240902-WA0088.jpg","_links":{"self":[{"href":"https:\/\/contextoanalisisperiodistico.com\/index.php\/wp-json\/wp\/v2\/posts\/31013"}],"collection":[{"href":"https:\/\/contextoanalisisperiodistico.com\/index.php\/wp-json\/wp\/v2\/posts"}],"about":[{"href":"https:\/\/contextoanalisisperiodistico.com\/index.php\/wp-json\/wp\/v2\/types\/post"}],"author":[{"embeddable":true,"href":"https:\/\/contextoanalisisperiodistico.com\/index.php\/wp-json\/wp\/v2\/users\/4"}],"replies":[{"embeddable":true,"href":"https:\/\/contextoanalisisperiodistico.com\/index.php\/wp-json\/wp\/v2\/comments?post=31013"}],"version-history":[{"count":0,"href":"https:\/\/contextoanalisisperiodistico.com\/index.php\/wp-json\/wp\/v2\/posts\/31013\/revisions"}],"wp:featuredmedia":[{"embeddable":true,"href":"https:\/\/contextoanalisisperiodistico.com\/index.php\/wp-json\/wp\/v2\/media\/31012"}],"wp:attachment":[{"href":"https:\/\/contextoanalisisperiodistico.com\/index.php\/wp-json\/wp\/v2\/media?parent=31013"}],"wp:term":[{"taxonomy":"category","embeddable":true,"href":"https:\/\/contextoanalisisperiodistico.com\/index.php\/wp-json\/wp\/v2\/categories?post=31013"},{"taxonomy":"post_tag","embeddable":true,"href":"https:\/\/contextoanalisisperiodistico.com\/index.php\/wp-json\/wp\/v2\/tags?post=31013"}],"curies":[{"name":"wp","href":"https:\/\/api.w.org\/{rel}","templated":true}]}}