{"id":30999,"date":"2024-09-02T14:59:26","date_gmt":"2024-09-02T20:59:26","guid":{"rendered":"https:\/\/contextoanalisisperiodistico.com\/?p=30999"},"modified":"2024-09-02T14:59:34","modified_gmt":"2024-09-02T20:59:34","slug":"arranca-la-jornada-medica-quijotes-2024-en-oaxaca-de-juarez","status":"publish","type":"post","link":"https:\/\/contextoanalisisperiodistico.com\/index.php\/2024\/09\/02\/arranca-la-jornada-medica-quijotes-2024-en-oaxaca-de-juarez\/","title":{"rendered":"Arranca la Jornada M\u00e9dica Quijotes 2024 en Oaxaca de Ju\u00e1rez"},"content":{"rendered":"<div id=\"fb-root\"><\/div>\n\n<ul class=\"wp-block-list\">\n<li>Ofrecen gratuitamente 17 especialidades m\u00e9dicas <\/li>\n\n\n\n<li>Se realiza por tercer a\u00f1o consecutivo<\/li>\n<\/ul>\n\n\n\n<p><em>Oaxaca de Ju\u00e1rez, Oaxaca, a 2 de septiembre de 2024<\/em>.- El Presidente Municipal, Francisco Mart\u00ednez Neri, encabez\u00f3 el arranque de las Jornadas M\u00e9dicas Quijotes 2024, a realizarse hasta el seis de septiembre en las instalaciones del CADI \u2013 CDC, que se ubica en Prolongaci\u00f3n de Nu\u00f1o del Mercado #601, en la colonia Cosijoeza.<\/p>\n\n\n\n<p>En el marco del tercer a\u00f1o consecutivo que se realizan estas jornadas en Oaxaca de Ju\u00e1rez, el edil capitalino resalt\u00f3 la labor del personal m\u00e9dico e instancias p\u00fablicas y privadas, aliadas y aliados dijo, que se sumaron al compromiso de brindar atenci\u00f3n m\u00e9dica gratuita a la poblaci\u00f3n a trav\u00e9s de 17 especialidades.<\/p>\n\n\n\n<p>\u201cEstamos muy contentos porque podamos estar el d\u00eda de hoy viviendo un momento fundamental en la vida de la salud de las personas, porque el centro, la parte fundamental de la atenci\u00f3n de todo gobierno municipal, estatal o federal tiene que ser necesariamente la persona\u201d, resalt\u00f3 el Primer Concejal junto a la Presidenta del Sistema DIF Municipal de Oaxaca de Ju\u00e1rez, Bernarda Gonz\u00e1lez Rivas.<\/p>\n\n\n\n<p>Por lo anterior, se estima que, en un horario de 08:00 a 17:00 horas, se atender\u00e1n a m\u00e1s de 4 mil personas, quienes, a trav\u00e9s de una solicitud previa, tendr\u00e1n la oportunidad de acceder a los servicios, entre los que se destacan la entrega gratuita de medicamentos, lentes, dentaduras y en los casos necesarios, la canalizaci\u00f3n de pacientes a cirug\u00edas.<\/p>\n\n\n\n<p>En tanto, la Presidenta Honoraria del Sistema DIF Municipal, Bernarda Gonz\u00e1lez Rivas invit\u00f3 a la ciudadan\u00eda a aprovechar los servicios que se ofrecen en las Jornadas M\u00e9dicas Quijotes 2024, as\u00ed como la atenci\u00f3n del personal m\u00e9dico certificado, grupos filiales de Quijotes en San Antonio Texas, quienes son auspiciados por el Hospital Chistus Sta. Rosa.<\/p>\n\n\n\n<p>\u201cEstamos en la jornada n\u00famero 25 y en el municipio de Oaxaca de Ju\u00e1rez cumplimos con esta administraci\u00f3n recibiendo a los Quijotes durante los tres a\u00f1os, brindando el servicio que se merecen las oaxaque\u00f1as y los oaxaque\u00f1os\u201d, subray\u00f3 Bernarda Gonz\u00e1lez junto a la directora del Comit\u00e9 Municipal del Sistema DIF del Municipio de Oaxaca de Ju\u00e1rez, Yisvi Belem Nolasco Legaspi.<\/p>\n\n\n\n<p>En el evento de arranque de las jornadas m\u00e9dicas estuvieron presentes integrantes del Cabildo, funcionariado municipal, Liliam Irasema Garc\u00eda P\u00e9rez, Coordinadora General de Quijotes Oaxaca y, Rafael Medina Ba\u00f1os, Director de Quijotes Oaxaca y Presidente de la Fundaci\u00f3n Sonrisas, as\u00ed como Leticia Vargas, Presidenta de Quijotes en San Antonio, Texas, personal y directivos de instituciones educativas que se sumaron a las Jornadas M\u00e9dicas Quijotes 2024.<\/p>\n\n\n\n<p>Se ofrecen las especialidades de medicina general, medicina familiar, oftalmolog\u00eda, pediatr\u00eda, medicina interna, odontolog\u00eda, optometr\u00eda, medicina f\u00edsica y rehabilitaci\u00f3n, as\u00ed como consultas de nutrici\u00f3n, entre otras, a lo anterior se suma la entrega de apoyos adicionales como lo son: artefactos auxiliares para deambular.<\/p>\n\n\n\n<p><\/p>\n\n\n\n<p><\/p>\n\n\n\n<figure class=\"wp-block-image size-large\"><img fetchpriority=\"high\" decoding=\"async\" width=\"1024\" height=\"683\" src=\"https:\/\/contextoanalisisperiodistico.com\/wp-content\/uploads\/2024\/09\/img-20240902-wa0070633759436766393466-1024x683.jpg\" alt=\"\" class=\"wp-image-31000\" srcset=\"https:\/\/contextoanalisisperiodistico.com\/wp-content\/uploads\/2024\/09\/img-20240902-wa0070633759436766393466-1024x683.jpg 1024w, https:\/\/contextoanalisisperiodistico.com\/wp-content\/uploads\/2024\/09\/img-20240902-wa0070633759436766393466-300x200.jpg 300w, https:\/\/contextoanalisisperiodistico.com\/wp-content\/uploads\/2024\/09\/img-20240902-wa0070633759436766393466-768x512.jpg 768w, https:\/\/contextoanalisisperiodistico.com\/wp-content\/uploads\/2024\/09\/img-20240902-wa0070633759436766393466.jpg 1280w\" sizes=\"(max-width: 1024px) 100vw, 1024px\" \/><\/figure>\n\n\n\n<figure class=\"wp-block-image\"><img decoding=\"async\" width=\"1024\" height=\"666\" src=\"https:\/\/contextoanalisisperiodistico.com\/wp-content\/uploads\/2024\/09\/img-20240902-wa00726342059686939612117-1024x666.jpg\" alt=\"\" class=\"wp-image-31001\" srcset=\"https:\/\/contextoanalisisperiodistico.com\/wp-content\/uploads\/2024\/09\/img-20240902-wa00726342059686939612117-1024x666.jpg 1024w, https:\/\/contextoanalisisperiodistico.com\/wp-content\/uploads\/2024\/09\/img-20240902-wa00726342059686939612117-300x195.jpg 300w, https:\/\/contextoanalisisperiodistico.com\/wp-content\/uploads\/2024\/09\/img-20240902-wa00726342059686939612117-768x499.jpg 768w, https:\/\/contextoanalisisperiodistico.com\/wp-content\/uploads\/2024\/09\/img-20240902-wa00726342059686939612117.jpg 1280w\" sizes=\"(max-width: 1024px) 100vw, 1024px\" \/><\/figure>\n\n\n\n<figure class=\"wp-block-image\"><img decoding=\"async\" width=\"1024\" height=\"683\" src=\"https:\/\/contextoanalisisperiodistico.com\/wp-content\/uploads\/2024\/09\/img-20240902-wa00715692398711073339265-1024x683.jpg\" alt=\"\" class=\"wp-image-31002\" srcset=\"https:\/\/contextoanalisisperiodistico.com\/wp-content\/uploads\/2024\/09\/img-20240902-wa00715692398711073339265-1024x683.jpg 1024w, https:\/\/contextoanalisisperiodistico.com\/wp-content\/uploads\/2024\/09\/img-20240902-wa00715692398711073339265-300x200.jpg 300w, https:\/\/contextoanalisisperiodistico.com\/wp-content\/uploads\/2024\/09\/img-20240902-wa00715692398711073339265-768x512.jpg 768w, https:\/\/contextoanalisisperiodistico.com\/wp-content\/uploads\/2024\/09\/img-20240902-wa00715692398711073339265.jpg 1280w\" sizes=\"(max-width: 1024px) 100vw, 1024px\" \/><\/figure>\n\n\n\n<figure class=\"wp-block-image\"><img loading=\"lazy\" decoding=\"async\" width=\"1024\" height=\"771\" src=\"https:\/\/contextoanalisisperiodistico.com\/wp-content\/uploads\/2024\/09\/img20240902085421653071875930731267-1024x771.jpg\" alt=\"\" class=\"wp-image-31004\" srcset=\"https:\/\/contextoanalisisperiodistico.com\/wp-content\/uploads\/2024\/09\/img20240902085421653071875930731267-1024x771.jpg 1024w, https:\/\/contextoanalisisperiodistico.com\/wp-content\/uploads\/2024\/09\/img20240902085421653071875930731267-300x226.jpg 300w, https:\/\/contextoanalisisperiodistico.com\/wp-content\/uploads\/2024\/09\/img20240902085421653071875930731267-768x578.jpg 768w, https:\/\/contextoanalisisperiodistico.com\/wp-content\/uploads\/2024\/09\/img20240902085421653071875930731267-1536x1157.jpg 1536w, https:\/\/contextoanalisisperiodistico.com\/wp-content\/uploads\/2024\/09\/img20240902085421653071875930731267.jpg 2000w\" sizes=\"(max-width: 1024px) 100vw, 1024px\" \/><\/figure>\n\n\n\n<figure class=\"wp-block-image\"><img loading=\"lazy\" decoding=\"async\" width=\"1024\" height=\"771\" src=\"https:\/\/contextoanalisisperiodistico.com\/wp-content\/uploads\/2024\/09\/img202409020853571613070538393101154-1024x771.jpg\" alt=\"\" class=\"wp-image-31003\" srcset=\"https:\/\/contextoanalisisperiodistico.com\/wp-content\/uploads\/2024\/09\/img202409020853571613070538393101154-1024x771.jpg 1024w, https:\/\/contextoanalisisperiodistico.com\/wp-content\/uploads\/2024\/09\/img202409020853571613070538393101154-300x226.jpg 300w, https:\/\/contextoanalisisperiodistico.com\/wp-content\/uploads\/2024\/09\/img202409020853571613070538393101154-768x578.jpg 768w, https:\/\/contextoanalisisperiodistico.com\/wp-content\/uploads\/2024\/09\/img202409020853571613070538393101154-1536x1157.jpg 1536w, https:\/\/contextoanalisisperiodistico.com\/wp-content\/uploads\/2024\/09\/img202409020853571613070538393101154.jpg 2000w\" sizes=\"(max-width: 1024px) 100vw, 1024px\" \/><\/figure>\n\n\n\n<figure class=\"wp-block-image\"><img loading=\"lazy\" decoding=\"async\" width=\"1024\" height=\"771\" src=\"https:\/\/contextoanalisisperiodistico.com\/wp-content\/uploads\/2024\/09\/img202409020853514501905076284045072-1024x771.jpg\" alt=\"\" class=\"wp-image-31005\" srcset=\"https:\/\/contextoanalisisperiodistico.com\/wp-content\/uploads\/2024\/09\/img202409020853514501905076284045072-1024x771.jpg 1024w, https:\/\/contextoanalisisperiodistico.com\/wp-content\/uploads\/2024\/09\/img202409020853514501905076284045072-300x226.jpg 300w, https:\/\/contextoanalisisperiodistico.com\/wp-content\/uploads\/2024\/09\/img202409020853514501905076284045072-768x578.jpg 768w, https:\/\/contextoanalisisperiodistico.com\/wp-content\/uploads\/2024\/09\/img202409020853514501905076284045072-1536x1157.jpg 1536w, https:\/\/contextoanalisisperiodistico.com\/wp-content\/uploads\/2024\/09\/img202409020853514501905076284045072.jpg 2000w\" sizes=\"(max-width: 1024px) 100vw, 1024px\" \/><\/figure>\n","protected":false},"excerpt":{"rendered":"<p>Oaxaca de Ju\u00e1rez, Oaxaca, a 2 de septiembre de 2024.- El Presidente Municipal, Francisco Mart\u00ednez&#8230;<\/p>\n","protected":false},"author":4,"featured_media":30998,"comment_status":"closed","ping_status":"open","sticky":false,"template":"","format":"standard","meta":{"footnotes":""},"categories":[9],"tags":[],"jetpack_sharing_enabled":true,"featured_image_urls":{"full":["https:\/\/contextoanalisisperiodistico.com\/wp-content\/uploads\/2024\/09\/IMG-20240902-WA0073.jpg",1280,854,false],"thumbnail":["https:\/\/contextoanalisisperiodistico.com\/wp-content\/uploads\/2024\/09\/IMG-20240902-WA0073-150x150.jpg",150,150,true],"medium":["https:\/\/contextoanalisisperiodistico.com\/wp-content\/uploads\/2024\/09\/IMG-20240902-WA0073-300x200.jpg",300,200,true],"medium_large":["https:\/\/contextoanalisisperiodistico.com\/wp-content\/uploads\/2024\/09\/IMG-20240902-WA0073-768x512.jpg",640,427,true],"large":["https:\/\/contextoanalisisperiodistico.com\/wp-content\/uploads\/2024\/09\/IMG-20240902-WA0073-1024x683.jpg",640,427,true],"1536x1536":["https:\/\/contextoanalisisperiodistico.com\/wp-content\/uploads\/2024\/09\/IMG-20240902-WA0073.jpg",1280,854,false],"2048x2048":["https:\/\/contextoanalisisperiodistico.com\/wp-content\/uploads\/2024\/09\/IMG-20240902-WA0073.jpg",1280,854,false],"covernews-slider-full":["https:\/\/contextoanalisisperiodistico.com\/wp-content\/uploads\/2024\/09\/IMG-20240902-WA0073-1115x715.jpg",1115,715,true],"covernews-slider-center":["https:\/\/contextoanalisisperiodistico.com\/wp-content\/uploads\/2024\/09\/IMG-20240902-WA0073-800x500.jpg",800,500,true],"covernews-featured":["https:\/\/contextoanalisisperiodistico.com\/wp-content\/uploads\/2024\/09\/IMG-20240902-WA0073-1024x683.jpg",1024,683,true],"covernews-medium":["https:\/\/contextoanalisisperiodistico.com\/wp-content\/uploads\/2024\/09\/IMG-20240902-WA0073-540x340.jpg",540,340,true],"covernews-medium-square":["https:\/\/contextoanalisisperiodistico.com\/wp-content\/uploads\/2024\/09\/IMG-20240902-WA0073-400x250.jpg",400,250,true]},"author_info":{"display_name":"Mario Gir\u00f3n","author_link":"https:\/\/contextoanalisisperiodistico.com\/index.php\/author\/director\/"},"category_info":"<a href=\"https:\/\/contextoanalisisperiodistico.com\/index.php\/category\/politica\/\" rel=\"category tag\">Pol\u00edtica<\/a>","tag_info":"Pol\u00edtica","comment_count":"0","jetpack_featured_media_url":"https:\/\/contextoanalisisperiodistico.com\/wp-content\/uploads\/2024\/09\/IMG-20240902-WA0073.jpg","_links":{"self":[{"href":"https:\/\/contextoanalisisperiodistico.com\/index.php\/wp-json\/wp\/v2\/posts\/30999"}],"collection":[{"href":"https:\/\/contextoanalisisperiodistico.com\/index.php\/wp-json\/wp\/v2\/posts"}],"about":[{"href":"https:\/\/contextoanalisisperiodistico.com\/index.php\/wp-json\/wp\/v2\/types\/post"}],"author":[{"embeddable":true,"href":"https:\/\/contextoanalisisperiodistico.com\/index.php\/wp-json\/wp\/v2\/users\/4"}],"replies":[{"embeddable":true,"href":"https:\/\/contextoanalisisperiodistico.com\/index.php\/wp-json\/wp\/v2\/comments?post=30999"}],"version-history":[{"count":1,"href":"https:\/\/contextoanalisisperiodistico.com\/index.php\/wp-json\/wp\/v2\/posts\/30999\/revisions"}],"predecessor-version":[{"id":31006,"href":"https:\/\/contextoanalisisperiodistico.com\/index.php\/wp-json\/wp\/v2\/posts\/30999\/revisions\/31006"}],"wp:featuredmedia":[{"embeddable":true,"href":"https:\/\/contextoanalisisperiodistico.com\/index.php\/wp-json\/wp\/v2\/media\/30998"}],"wp:attachment":[{"href":"https:\/\/contextoanalisisperiodistico.com\/index.php\/wp-json\/wp\/v2\/media?parent=30999"}],"wp:term":[{"taxonomy":"category","embeddable":true,"href":"https:\/\/contextoanalisisperiodistico.com\/index.php\/wp-json\/wp\/v2\/categories?post=30999"},{"taxonomy":"post_tag","embeddable":true,"href":"https:\/\/contextoanalisisperiodistico.com\/index.php\/wp-json\/wp\/v2\/tags?post=30999"}],"curies":[{"name":"wp","href":"https:\/\/api.w.org\/{rel}","templated":true}]}}