{"id":30995,"date":"2024-09-02T13:35:39","date_gmt":"2024-09-02T19:35:39","guid":{"rendered":"https:\/\/contextoanalisisperiodistico.com\/index.php\/2024\/09\/02\/trabajadores-del-estado-de-oaxaca-rinden-honores-al-labaro-patrio\/"},"modified":"2024-09-02T13:35:39","modified_gmt":"2024-09-02T19:35:39","slug":"trabajadores-del-estado-de-oaxaca-rinden-honores-al-labaro-patrio","status":"publish","type":"post","link":"https:\/\/contextoanalisisperiodistico.com\/index.php\/2024\/09\/02\/trabajadores-del-estado-de-oaxaca-rinden-honores-al-labaro-patrio\/","title":{"rendered":"Trabajadores del estado de Oaxaca rinden honores al l\u00e1baro patrio"},"content":{"rendered":"<div id=\"fb-root\"><\/div>\n\n<p>\u25cf El titular de la Secretar\u00eda de Administraci\u00f3n, Noel Hern\u00e1ndez Rito, destac\u00f3 la relevancia de los valores de libertad, justicia y unidad que han forjado a la naci\u00f3n<\/p>\n\n\n\n<figure class=\"wp-block-image size-large\"><img fetchpriority=\"high\" decoding=\"async\" width=\"1024\" height=\"637\" src=\"https:\/\/contextoanalisisperiodistico.com\/wp-content\/uploads\/2024\/09\/img-20240902-wa00457536597571401540184-1024x637.jpg\" alt=\"\" class=\"wp-image-30992\" srcset=\"https:\/\/contextoanalisisperiodistico.com\/wp-content\/uploads\/2024\/09\/img-20240902-wa00457536597571401540184-1024x637.jpg 1024w, https:\/\/contextoanalisisperiodistico.com\/wp-content\/uploads\/2024\/09\/img-20240902-wa00457536597571401540184-300x187.jpg 300w, https:\/\/contextoanalisisperiodistico.com\/wp-content\/uploads\/2024\/09\/img-20240902-wa00457536597571401540184-768x478.jpg 768w, https:\/\/contextoanalisisperiodistico.com\/wp-content\/uploads\/2024\/09\/img-20240902-wa00457536597571401540184-1536x956.jpg 1536w, https:\/\/contextoanalisisperiodistico.com\/wp-content\/uploads\/2024\/09\/img-20240902-wa00457536597571401540184-400x250.jpg 400w, https:\/\/contextoanalisisperiodistico.com\/wp-content\/uploads\/2024\/09\/img-20240902-wa00457536597571401540184.jpg 1600w\" sizes=\"(max-width: 1024px) 100vw, 1024px\" \/><\/figure>\n\n\n\n<figure class=\"wp-block-image\"><img decoding=\"async\" width=\"1024\" height=\"682\" src=\"https:\/\/contextoanalisisperiodistico.com\/wp-content\/uploads\/2024\/09\/img-20240902-wa00461950112597950577253-1024x682.jpg\" alt=\"\" class=\"wp-image-30991\" srcset=\"https:\/\/contextoanalisisperiodistico.com\/wp-content\/uploads\/2024\/09\/img-20240902-wa00461950112597950577253-1024x682.jpg 1024w, https:\/\/contextoanalisisperiodistico.com\/wp-content\/uploads\/2024\/09\/img-20240902-wa00461950112597950577253-300x200.jpg 300w, https:\/\/contextoanalisisperiodistico.com\/wp-content\/uploads\/2024\/09\/img-20240902-wa00461950112597950577253-768x512.jpg 768w, https:\/\/contextoanalisisperiodistico.com\/wp-content\/uploads\/2024\/09\/img-20240902-wa00461950112597950577253-1536x1023.jpg 1536w, https:\/\/contextoanalisisperiodistico.com\/wp-content\/uploads\/2024\/09\/img-20240902-wa00461950112597950577253.jpg 1600w\" sizes=\"(max-width: 1024px) 100vw, 1024px\" \/><\/figure>\n\n\n\n<figure class=\"wp-block-image\"><img decoding=\"async\" width=\"1024\" height=\"682\" src=\"https:\/\/contextoanalisisperiodistico.com\/wp-content\/uploads\/2024\/09\/img-20240902-wa00495929426894204033974-1024x682.jpg\" alt=\"\" class=\"wp-image-30993\" srcset=\"https:\/\/contextoanalisisperiodistico.com\/wp-content\/uploads\/2024\/09\/img-20240902-wa00495929426894204033974-1024x682.jpg 1024w, https:\/\/contextoanalisisperiodistico.com\/wp-content\/uploads\/2024\/09\/img-20240902-wa00495929426894204033974-300x200.jpg 300w, https:\/\/contextoanalisisperiodistico.com\/wp-content\/uploads\/2024\/09\/img-20240902-wa00495929426894204033974-768x512.jpg 768w, https:\/\/contextoanalisisperiodistico.com\/wp-content\/uploads\/2024\/09\/img-20240902-wa00495929426894204033974-1536x1023.jpg 1536w, https:\/\/contextoanalisisperiodistico.com\/wp-content\/uploads\/2024\/09\/img-20240902-wa00495929426894204033974.jpg 1600w\" sizes=\"(max-width: 1024px) 100vw, 1024px\" \/><\/figure>\n\n\n\n<figure class=\"wp-block-image\"><img loading=\"lazy\" decoding=\"async\" width=\"1024\" height=\"575\" src=\"https:\/\/contextoanalisisperiodistico.com\/wp-content\/uploads\/2024\/09\/img-20240902-wa00483443284447920801760-1024x575.jpg\" alt=\"\" class=\"wp-image-30994\" srcset=\"https:\/\/contextoanalisisperiodistico.com\/wp-content\/uploads\/2024\/09\/img-20240902-wa00483443284447920801760-1024x575.jpg 1024w, https:\/\/contextoanalisisperiodistico.com\/wp-content\/uploads\/2024\/09\/img-20240902-wa00483443284447920801760-300x169.jpg 300w, https:\/\/contextoanalisisperiodistico.com\/wp-content\/uploads\/2024\/09\/img-20240902-wa00483443284447920801760-768x432.jpg 768w, https:\/\/contextoanalisisperiodistico.com\/wp-content\/uploads\/2024\/09\/img-20240902-wa00483443284447920801760-1536x863.jpg 1536w, https:\/\/contextoanalisisperiodistico.com\/wp-content\/uploads\/2024\/09\/img-20240902-wa00483443284447920801760.jpg 1600w\" sizes=\"(max-width: 1024px) 100vw, 1024px\" \/><\/figure>\n\n\n\n<p>Tlalixtac de Cabrera, Oax., 2 de septiembre de 2024.- En el marco del CCXIV aniversario de la Independencia, el personal de la Secretar\u00eda de Administraci\u00f3n (SA) del Gobierno del Estado, llev\u00f3 a cabo la ceremonia de izamiento de Bandera Nacional en la explanada del complejo de Ciudad Administrativa, \u201cBenem\u00e9rito de las Am\u00e9ricas\u201d.<\/p>\n\n\n\n<p>En este acto c\u00edvico, el titular de la dependencia, Noel Hern\u00e1ndez Rito, destac\u00f3 la relevancia de los valores de libertad, justicia y unidad que han forjado a la naci\u00f3n, subrayando el orgullo de ver ondear el estandarte mexicano como s\u00edmbolo de la soberan\u00eda nacional.<\/p>\n\n\n\n<p>\u201cEs una ocasi\u00f3n para renovar nuestro compromiso con un futuro m\u00e1s justo y equitativo para todas y todos los oaxaque\u00f1os\u201d, asegur\u00f3.<\/p>\n\n\n\n<p>Agreg\u00f3 que en el Gobierno de la Primavera Oaxaque\u00f1a, en la entidad se vive un momento de renovaci\u00f3n y esperanza, asegurando que septiembre es el mes de la Cuarta Transformaci\u00f3n, per\u00edodo que marca un nuevo cap\u00edtulo en la historia.<\/p>\n\n\n\n<p>Se\u00f1al\u00f3 que las y los trabajadores del estado continuar\u00e1n laborando incansablemente para construir un desarrollo inclusivo, con oportunidades para cada persona, donde nadie se quede atr\u00e1s y nadie se quede fuera.<\/p>\n\n\n\n<p>La ceremonia c\u00edvica concluy\u00f3 con un vibrante \u00ab\u00a1Viva M\u00e9xico! \u00a1Viva Oaxaca!\u00bb, para enaltacer el respeto por los s\u00edmbolos patrios.<\/p>\n\n\n\n<p>-0-<\/p>\n","protected":false},"excerpt":{"rendered":"<p>\u25cf El titular de la Secretar\u00eda de Administraci\u00f3n, Noel Hern\u00e1ndez Rito, destac\u00f3 la relevancia de&#8230;<\/p>\n","protected":false},"author":4,"featured_media":30990,"comment_status":"","ping_status":"open","sticky":false,"template":"","format":"standard","meta":{"footnotes":""},"categories":[9],"tags":[],"jetpack_sharing_enabled":true,"featured_image_urls":{"full":["https:\/\/contextoanalisisperiodistico.com\/wp-content\/uploads\/2024\/09\/IMG-20240902-WA0047.jpg",1600,900,false],"thumbnail":["https:\/\/contextoanalisisperiodistico.com\/wp-content\/uploads\/2024\/09\/IMG-20240902-WA0047-150x150.jpg",150,150,true],"medium":["https:\/\/contextoanalisisperiodistico.com\/wp-content\/uploads\/2024\/09\/IMG-20240902-WA0047-300x169.jpg",300,169,true],"medium_large":["https:\/\/contextoanalisisperiodistico.com\/wp-content\/uploads\/2024\/09\/IMG-20240902-WA0047-768x432.jpg",640,360,true],"large":["https:\/\/contextoanalisisperiodistico.com\/wp-content\/uploads\/2024\/09\/IMG-20240902-WA0047-1024x576.jpg",640,360,true],"1536x1536":["https:\/\/contextoanalisisperiodistico.com\/wp-content\/uploads\/2024\/09\/IMG-20240902-WA0047-1536x864.jpg",1536,864,true],"2048x2048":["https:\/\/contextoanalisisperiodistico.com\/wp-content\/uploads\/2024\/09\/IMG-20240902-WA0047.jpg",1600,900,false],"covernews-slider-full":["https:\/\/contextoanalisisperiodistico.com\/wp-content\/uploads\/2024\/09\/IMG-20240902-WA0047-1115x715.jpg",1115,715,true],"covernews-slider-center":["https:\/\/contextoanalisisperiodistico.com\/wp-content\/uploads\/2024\/09\/IMG-20240902-WA0047-800x500.jpg",800,500,true],"covernews-featured":["https:\/\/contextoanalisisperiodistico.com\/wp-content\/uploads\/2024\/09\/IMG-20240902-WA0047-1024x576.jpg",1024,576,true],"covernews-medium":["https:\/\/contextoanalisisperiodistico.com\/wp-content\/uploads\/2024\/09\/IMG-20240902-WA0047-540x340.jpg",540,340,true],"covernews-medium-square":["https:\/\/contextoanalisisperiodistico.com\/wp-content\/uploads\/2024\/09\/IMG-20240902-WA0047-400x250.jpg",400,250,true]},"author_info":{"display_name":"Mario Gir\u00f3n","author_link":"https:\/\/contextoanalisisperiodistico.com\/index.php\/author\/director\/"},"category_info":"<a href=\"https:\/\/contextoanalisisperiodistico.com\/index.php\/category\/politica\/\" rel=\"category tag\">Pol\u00edtica<\/a>","tag_info":"Pol\u00edtica","comment_count":"0","jetpack_featured_media_url":"https:\/\/contextoanalisisperiodistico.com\/wp-content\/uploads\/2024\/09\/IMG-20240902-WA0047.jpg","_links":{"self":[{"href":"https:\/\/contextoanalisisperiodistico.com\/index.php\/wp-json\/wp\/v2\/posts\/30995"}],"collection":[{"href":"https:\/\/contextoanalisisperiodistico.com\/index.php\/wp-json\/wp\/v2\/posts"}],"about":[{"href":"https:\/\/contextoanalisisperiodistico.com\/index.php\/wp-json\/wp\/v2\/types\/post"}],"author":[{"embeddable":true,"href":"https:\/\/contextoanalisisperiodistico.com\/index.php\/wp-json\/wp\/v2\/users\/4"}],"replies":[{"embeddable":true,"href":"https:\/\/contextoanalisisperiodistico.com\/index.php\/wp-json\/wp\/v2\/comments?post=30995"}],"version-history":[{"count":0,"href":"https:\/\/contextoanalisisperiodistico.com\/index.php\/wp-json\/wp\/v2\/posts\/30995\/revisions"}],"wp:featuredmedia":[{"embeddable":true,"href":"https:\/\/contextoanalisisperiodistico.com\/index.php\/wp-json\/wp\/v2\/media\/30990"}],"wp:attachment":[{"href":"https:\/\/contextoanalisisperiodistico.com\/index.php\/wp-json\/wp\/v2\/media?parent=30995"}],"wp:term":[{"taxonomy":"category","embeddable":true,"href":"https:\/\/contextoanalisisperiodistico.com\/index.php\/wp-json\/wp\/v2\/categories?post=30995"},{"taxonomy":"post_tag","embeddable":true,"href":"https:\/\/contextoanalisisperiodistico.com\/index.php\/wp-json\/wp\/v2\/tags?post=30995"}],"curies":[{"name":"wp","href":"https:\/\/api.w.org\/{rel}","templated":true}]}}