{"id":30986,"date":"2024-09-02T10:06:43","date_gmt":"2024-09-02T16:06:43","guid":{"rendered":"https:\/\/contextoanalisisperiodistico.com\/index.php\/2024\/09\/02\/septiembre-rememora-la-libertad-de-las-y-los-mexicanos\/"},"modified":"2024-09-02T10:06:43","modified_gmt":"2024-09-02T16:06:43","slug":"septiembre-rememora-la-libertad-de-las-y-los-mexicanos","status":"publish","type":"post","link":"https:\/\/contextoanalisisperiodistico.com\/index.php\/2024\/09\/02\/septiembre-rememora-la-libertad-de-las-y-los-mexicanos\/","title":{"rendered":"Septiembre rememora la libertad de las y los mexicanos"},"content":{"rendered":"<div id=\"fb-root\"><\/div>\n\n<p>\u2022 La Presidenta Honoraria del Sistema DIF Oaxaca encabez\u00f3 el programa que conmemora el CCXIV Aniversario de la Independencia de M\u00e9xico<\/p>\n\n\n\n<figure class=\"wp-block-image size-large\"><img fetchpriority=\"high\" decoding=\"async\" width=\"900\" height=\"600\" src=\"https:\/\/contextoanalisisperiodistico.com\/wp-content\/uploads\/2024\/09\/img-20240902-wa00263502749389211697979.jpg\" alt=\"\" class=\"wp-image-30983\" srcset=\"https:\/\/contextoanalisisperiodistico.com\/wp-content\/uploads\/2024\/09\/img-20240902-wa00263502749389211697979.jpg 900w, https:\/\/contextoanalisisperiodistico.com\/wp-content\/uploads\/2024\/09\/img-20240902-wa00263502749389211697979-300x200.jpg 300w, https:\/\/contextoanalisisperiodistico.com\/wp-content\/uploads\/2024\/09\/img-20240902-wa00263502749389211697979-768x512.jpg 768w\" sizes=\"(max-width: 900px) 100vw, 900px\" \/><\/figure>\n\n\n\n<figure class=\"wp-block-image\"><img decoding=\"async\" width=\"300\" height=\"200\" src=\"https:\/\/contextoanalisisperiodistico.com\/wp-content\/uploads\/2024\/09\/img-20240902-wa0023933971943913622670-300x200.jpg\" alt=\"\" class=\"wp-image-30982\" srcset=\"https:\/\/contextoanalisisperiodistico.com\/wp-content\/uploads\/2024\/09\/img-20240902-wa0023933971943913622670-300x200.jpg 300w, https:\/\/contextoanalisisperiodistico.com\/wp-content\/uploads\/2024\/09\/img-20240902-wa0023933971943913622670-768x512.jpg 768w, https:\/\/contextoanalisisperiodistico.com\/wp-content\/uploads\/2024\/09\/img-20240902-wa0023933971943913622670.jpg 900w\" sizes=\"(max-width: 300px) 100vw, 300px\" \/><\/figure>\n\n\n\n<figure class=\"wp-block-image\"><img decoding=\"async\" width=\"300\" height=\"200\" src=\"https:\/\/contextoanalisisperiodistico.com\/wp-content\/uploads\/2024\/09\/img-20240902-wa00271241936029818495744-300x200.jpg\" alt=\"\" class=\"wp-image-30984\" srcset=\"https:\/\/contextoanalisisperiodistico.com\/wp-content\/uploads\/2024\/09\/img-20240902-wa00271241936029818495744-300x200.jpg 300w, https:\/\/contextoanalisisperiodistico.com\/wp-content\/uploads\/2024\/09\/img-20240902-wa00271241936029818495744-768x512.jpg 768w, https:\/\/contextoanalisisperiodistico.com\/wp-content\/uploads\/2024\/09\/img-20240902-wa00271241936029818495744.jpg 900w\" sizes=\"(max-width: 300px) 100vw, 300px\" \/><\/figure>\n\n\n\n<figure class=\"wp-block-image\"><img loading=\"lazy\" decoding=\"async\" width=\"300\" height=\"200\" src=\"https:\/\/contextoanalisisperiodistico.com\/wp-content\/uploads\/2024\/09\/img-20240902-wa00247729663764221187133-300x200.jpg\" alt=\"\" class=\"wp-image-30985\" srcset=\"https:\/\/contextoanalisisperiodistico.com\/wp-content\/uploads\/2024\/09\/img-20240902-wa00247729663764221187133-300x200.jpg 300w, https:\/\/contextoanalisisperiodistico.com\/wp-content\/uploads\/2024\/09\/img-20240902-wa00247729663764221187133-768x512.jpg 768w, https:\/\/contextoanalisisperiodistico.com\/wp-content\/uploads\/2024\/09\/img-20240902-wa00247729663764221187133.jpg 900w\" sizes=\"(max-width: 300px) 100vw, 300px\" \/><\/figure>\n\n\n\n<p>Oaxaca de Ju\u00e1rez, Oax. 2 de septiembre de 2024.- Al encabezar el izamiento de la Bandera Nacional que conmemora el CCXIV Aniversario de la Independencia de M\u00e9xico, la Presidenta Honoraria del Sistema Estatal para el Desarrollo Integral de la Familia (DIF) Oaxaca Irma Bola\u00f1os Quijano junto al Gobernador Salom\u00f3n Jara Cruz, expres\u00f3 que en septiembre se rememora la lucha por la libertad del pueblo mexicano.<\/p>\n\n\n\n<p>Durante su mensaje, la titular del organismo estatal se\u00f1al\u00f3 que el levantamiento de 1810 fue el despertar de un pueblo que por mucho tiempo estuvo oprimido y sembr\u00f3 la semilla y el faro para la segunda transformaci\u00f3n emprendida por Benito Ju\u00e1rez, y la tercera por Francisco I Madero con la Revoluci\u00f3n Mexicana de 1910.<\/p>\n\n\n\n<p>En este sentido, exalt\u00f3 el legado del Presidente de la Rep\u00fablica Andr\u00e9s Manuel L\u00f3pez Obrador para que el pa\u00eds tuviera mejores condiciones de desarrollo en esta Cuarta Transformaci\u00f3n que ha vivido M\u00e9xico en su historia y con el arribo triunfal de la Presidenta electa Claudia Sheinbaum, se consolidar\u00e1 el bienestar, la dignidad y soberan\u00eda del pueblo.<\/p>\n\n\n\n<p>\u201cOaxaca ha formado y formar\u00e1 parte de ese gran movimiento hist\u00f3rico por la grandeza, el desarrollo y bienestar de la naci\u00f3n, donde nadie se queda atr\u00e1s y nadie se queda afuera\u201d, asever\u00f3.<\/p>\n\n\n\n<p>Durante este acto realizado como parte del programa Septiembre Mes de la Patria, Mes de la Cuarta Transformaci\u00f3n, Bola\u00f1os Quijano record\u00f3 a los pr\u00f3ceres de la Independencia de M\u00e9xico como Miguel Hidalgo y Costilla, Jos\u00e9 Mar\u00eda Morelos y Pav\u00f3n el Siervo de la Naci\u00f3n y Vicente Guerrero, quien logr\u00f3 la culminaci\u00f3n de la Independencia de M\u00e9xico en 1821.<\/p>\n\n\n\n<p>Ante representantes del gabinete legal y ampliado, la directora del Sistema DIF Oaxaca, Maribel Salinas ley\u00f3 la proclama de la Independencia de M\u00e9xico.<\/p>\n\n\n\n<p>-0-<\/p>\n","protected":false},"excerpt":{"rendered":"<p>\u2022 La Presidenta Honoraria del Sistema DIF Oaxaca encabez\u00f3 el programa que conmemora el CCXIV&#8230;<\/p>\n","protected":false},"author":4,"featured_media":30981,"comment_status":"","ping_status":"open","sticky":false,"template":"","format":"standard","meta":{"footnotes":""},"categories":[9],"tags":[],"jetpack_sharing_enabled":true,"featured_image_urls":{"full":["https:\/\/contextoanalisisperiodistico.com\/wp-content\/uploads\/2024\/09\/IMG-20240902-WA0025.jpg",900,600,false],"thumbnail":["https:\/\/contextoanalisisperiodistico.com\/wp-content\/uploads\/2024\/09\/IMG-20240902-WA0025-150x150.jpg",150,150,true],"medium":["https:\/\/contextoanalisisperiodistico.com\/wp-content\/uploads\/2024\/09\/IMG-20240902-WA0025-300x200.jpg",300,200,true],"medium_large":["https:\/\/contextoanalisisperiodistico.com\/wp-content\/uploads\/2024\/09\/IMG-20240902-WA0025-768x512.jpg",640,427,true],"large":["https:\/\/contextoanalisisperiodistico.com\/wp-content\/uploads\/2024\/09\/IMG-20240902-WA0025.jpg",640,427,false],"1536x1536":["https:\/\/contextoanalisisperiodistico.com\/wp-content\/uploads\/2024\/09\/IMG-20240902-WA0025.jpg",900,600,false],"2048x2048":["https:\/\/contextoanalisisperiodistico.com\/wp-content\/uploads\/2024\/09\/IMG-20240902-WA0025.jpg",900,600,false],"covernews-slider-full":["https:\/\/contextoanalisisperiodistico.com\/wp-content\/uploads\/2024\/09\/IMG-20240902-WA0025.jpg",900,600,false],"covernews-slider-center":["https:\/\/contextoanalisisperiodistico.com\/wp-content\/uploads\/2024\/09\/IMG-20240902-WA0025-800x500.jpg",800,500,true],"covernews-featured":["https:\/\/contextoanalisisperiodistico.com\/wp-content\/uploads\/2024\/09\/IMG-20240902-WA0025.jpg",900,600,false],"covernews-medium":["https:\/\/contextoanalisisperiodistico.com\/wp-content\/uploads\/2024\/09\/IMG-20240902-WA0025-540x340.jpg",540,340,true],"covernews-medium-square":["https:\/\/contextoanalisisperiodistico.com\/wp-content\/uploads\/2024\/09\/IMG-20240902-WA0025-400x250.jpg",400,250,true]},"author_info":{"display_name":"Mario Gir\u00f3n","author_link":"https:\/\/contextoanalisisperiodistico.com\/index.php\/author\/director\/"},"category_info":"<a href=\"https:\/\/contextoanalisisperiodistico.com\/index.php\/category\/politica\/\" rel=\"category tag\">Pol\u00edtica<\/a>","tag_info":"Pol\u00edtica","comment_count":"0","jetpack_featured_media_url":"https:\/\/contextoanalisisperiodistico.com\/wp-content\/uploads\/2024\/09\/IMG-20240902-WA0025.jpg","_links":{"self":[{"href":"https:\/\/contextoanalisisperiodistico.com\/index.php\/wp-json\/wp\/v2\/posts\/30986"}],"collection":[{"href":"https:\/\/contextoanalisisperiodistico.com\/index.php\/wp-json\/wp\/v2\/posts"}],"about":[{"href":"https:\/\/contextoanalisisperiodistico.com\/index.php\/wp-json\/wp\/v2\/types\/post"}],"author":[{"embeddable":true,"href":"https:\/\/contextoanalisisperiodistico.com\/index.php\/wp-json\/wp\/v2\/users\/4"}],"replies":[{"embeddable":true,"href":"https:\/\/contextoanalisisperiodistico.com\/index.php\/wp-json\/wp\/v2\/comments?post=30986"}],"version-history":[{"count":0,"href":"https:\/\/contextoanalisisperiodistico.com\/index.php\/wp-json\/wp\/v2\/posts\/30986\/revisions"}],"wp:featuredmedia":[{"embeddable":true,"href":"https:\/\/contextoanalisisperiodistico.com\/index.php\/wp-json\/wp\/v2\/media\/30981"}],"wp:attachment":[{"href":"https:\/\/contextoanalisisperiodistico.com\/index.php\/wp-json\/wp\/v2\/media?parent=30986"}],"wp:term":[{"taxonomy":"category","embeddable":true,"href":"https:\/\/contextoanalisisperiodistico.com\/index.php\/wp-json\/wp\/v2\/categories?post=30986"},{"taxonomy":"post_tag","embeddable":true,"href":"https:\/\/contextoanalisisperiodistico.com\/index.php\/wp-json\/wp\/v2\/tags?post=30986"}],"curies":[{"name":"wp","href":"https:\/\/api.w.org\/{rel}","templated":true}]}}