{"id":30980,"date":"2024-09-01T16:08:43","date_gmt":"2024-09-01T22:08:43","guid":{"rendered":"https:\/\/contextoanalisisperiodistico.com\/index.php\/2024\/09\/01\/estamos-del-lado-correcto-de-la-historia-salomon-jara\/"},"modified":"2024-09-01T16:08:43","modified_gmt":"2024-09-01T22:08:43","slug":"estamos-del-lado-correcto-de-la-historia-salomon-jara","status":"publish","type":"post","link":"https:\/\/contextoanalisisperiodistico.com\/index.php\/2024\/09\/01\/estamos-del-lado-correcto-de-la-historia-salomon-jara\/","title":{"rendered":"Estamos del lado correcto de la historia: Salom\u00f3n Jara"},"content":{"rendered":"<div id=\"fb-root\"><\/div>\n\n<p>\u2022 El Gobernador Salom\u00f3n Jara asisti\u00f3 al Sexto Informe del Presidente Andr\u00e9s Manuel L\u00f3pez Obrador<\/p>\n\n\n\n<figure class=\"wp-block-image size-large\"><img fetchpriority=\"high\" decoding=\"async\" width=\"1024\" height=\"928\" src=\"https:\/\/contextoanalisisperiodistico.com\/wp-content\/uploads\/2024\/09\/img-20240901-wa00558854781566930650313-1024x928.jpg\" alt=\"\" class=\"wp-image-30974\" srcset=\"https:\/\/contextoanalisisperiodistico.com\/wp-content\/uploads\/2024\/09\/img-20240901-wa00558854781566930650313-1024x928.jpg 1024w, https:\/\/contextoanalisisperiodistico.com\/wp-content\/uploads\/2024\/09\/img-20240901-wa00558854781566930650313-300x272.jpg 300w, https:\/\/contextoanalisisperiodistico.com\/wp-content\/uploads\/2024\/09\/img-20240901-wa00558854781566930650313-768x696.jpg 768w, https:\/\/contextoanalisisperiodistico.com\/wp-content\/uploads\/2024\/09\/img-20240901-wa00558854781566930650313.jpg 1280w\" sizes=\"(max-width: 1024px) 100vw, 1024px\" \/><\/figure>\n\n\n\n<figure class=\"wp-block-image\"><img decoding=\"async\" width=\"300\" height=\"200\" src=\"https:\/\/contextoanalisisperiodistico.com\/wp-content\/uploads\/2024\/09\/img-20240901-wa00516048434871638955814-300x200.jpg\" alt=\"\" class=\"wp-image-30972\" srcset=\"https:\/\/contextoanalisisperiodistico.com\/wp-content\/uploads\/2024\/09\/img-20240901-wa00516048434871638955814-300x200.jpg 300w, https:\/\/contextoanalisisperiodistico.com\/wp-content\/uploads\/2024\/09\/img-20240901-wa00516048434871638955814.jpg 720w\" sizes=\"(max-width: 300px) 100vw, 300px\" \/><\/figure>\n\n\n\n<figure class=\"wp-block-image\"><img decoding=\"async\" width=\"1024\" height=\"683\" src=\"https:\/\/contextoanalisisperiodistico.com\/wp-content\/uploads\/2024\/09\/img-20240901-wa00525008435892914371653-1024x683.jpg\" alt=\"\" class=\"wp-image-30975\" srcset=\"https:\/\/contextoanalisisperiodistico.com\/wp-content\/uploads\/2024\/09\/img-20240901-wa00525008435892914371653-1024x683.jpg 1024w, https:\/\/contextoanalisisperiodistico.com\/wp-content\/uploads\/2024\/09\/img-20240901-wa00525008435892914371653-300x200.jpg 300w, https:\/\/contextoanalisisperiodistico.com\/wp-content\/uploads\/2024\/09\/img-20240901-wa00525008435892914371653-768x512.jpg 768w, https:\/\/contextoanalisisperiodistico.com\/wp-content\/uploads\/2024\/09\/img-20240901-wa00525008435892914371653.jpg 1280w\" sizes=\"(max-width: 1024px) 100vw, 1024px\" \/><\/figure>\n\n\n\n<figure class=\"wp-block-image\"><img loading=\"lazy\" decoding=\"async\" width=\"1024\" height=\"683\" src=\"https:\/\/contextoanalisisperiodistico.com\/wp-content\/uploads\/2024\/09\/img-20240901-wa00548037388357168511137-1024x683.jpg\" alt=\"\" class=\"wp-image-30973\" srcset=\"https:\/\/contextoanalisisperiodistico.com\/wp-content\/uploads\/2024\/09\/img-20240901-wa00548037388357168511137-1024x683.jpg 1024w, https:\/\/contextoanalisisperiodistico.com\/wp-content\/uploads\/2024\/09\/img-20240901-wa00548037388357168511137-300x200.jpg 300w, https:\/\/contextoanalisisperiodistico.com\/wp-content\/uploads\/2024\/09\/img-20240901-wa00548037388357168511137-768x512.jpg 768w, https:\/\/contextoanalisisperiodistico.com\/wp-content\/uploads\/2024\/09\/img-20240901-wa00548037388357168511137.jpg 1040w\" sizes=\"(max-width: 1024px) 100vw, 1024px\" \/><\/figure>\n\n\n\n<figure class=\"wp-block-image\"><img loading=\"lazy\" decoding=\"async\" width=\"1024\" height=\"768\" src=\"https:\/\/contextoanalisisperiodistico.com\/wp-content\/uploads\/2024\/09\/img-20240901-wa00537404849382058380811-1024x768.jpg\" alt=\"\" class=\"wp-image-30976\" srcset=\"https:\/\/contextoanalisisperiodistico.com\/wp-content\/uploads\/2024\/09\/img-20240901-wa00537404849382058380811-1024x768.jpg 1024w, https:\/\/contextoanalisisperiodistico.com\/wp-content\/uploads\/2024\/09\/img-20240901-wa00537404849382058380811-300x225.jpg 300w, https:\/\/contextoanalisisperiodistico.com\/wp-content\/uploads\/2024\/09\/img-20240901-wa00537404849382058380811-768x576.jpg 768w, https:\/\/contextoanalisisperiodistico.com\/wp-content\/uploads\/2024\/09\/img-20240901-wa00537404849382058380811.jpg 1280w\" sizes=\"(max-width: 1024px) 100vw, 1024px\" \/><\/figure>\n\n\n\n<figure class=\"wp-block-image\"><img loading=\"lazy\" decoding=\"async\" width=\"1024\" height=\"683\" src=\"https:\/\/contextoanalisisperiodistico.com\/wp-content\/uploads\/2024\/09\/img-20240901-wa00564077395306141712302-1024x683.jpg\" alt=\"\" class=\"wp-image-30977\" srcset=\"https:\/\/contextoanalisisperiodistico.com\/wp-content\/uploads\/2024\/09\/img-20240901-wa00564077395306141712302-1024x683.jpg 1024w, https:\/\/contextoanalisisperiodistico.com\/wp-content\/uploads\/2024\/09\/img-20240901-wa00564077395306141712302-300x200.jpg 300w, https:\/\/contextoanalisisperiodistico.com\/wp-content\/uploads\/2024\/09\/img-20240901-wa00564077395306141712302-768x512.jpg 768w, https:\/\/contextoanalisisperiodistico.com\/wp-content\/uploads\/2024\/09\/img-20240901-wa00564077395306141712302.jpg 1280w\" sizes=\"(max-width: 1024px) 100vw, 1024px\" \/><\/figure>\n\n\n\n<figure class=\"wp-block-image\"><img loading=\"lazy\" decoding=\"async\" width=\"1024\" height=\"682\" src=\"https:\/\/contextoanalisisperiodistico.com\/wp-content\/uploads\/2024\/09\/img-20240901-wa00577792976692089717676-1024x682.jpg\" alt=\"\" class=\"wp-image-30978\" srcset=\"https:\/\/contextoanalisisperiodistico.com\/wp-content\/uploads\/2024\/09\/img-20240901-wa00577792976692089717676-1024x682.jpg 1024w, https:\/\/contextoanalisisperiodistico.com\/wp-content\/uploads\/2024\/09\/img-20240901-wa00577792976692089717676-300x200.jpg 300w, https:\/\/contextoanalisisperiodistico.com\/wp-content\/uploads\/2024\/09\/img-20240901-wa00577792976692089717676-768x511.jpg 768w, https:\/\/contextoanalisisperiodistico.com\/wp-content\/uploads\/2024\/09\/img-20240901-wa00577792976692089717676.jpg 1280w\" sizes=\"(max-width: 1024px) 100vw, 1024px\" \/><\/figure>\n\n\n\n<figure class=\"wp-block-image\"><img loading=\"lazy\" decoding=\"async\" width=\"300\" height=\"197\" src=\"https:\/\/contextoanalisisperiodistico.com\/wp-content\/uploads\/2024\/09\/fb_img_17252237030368370850809389415845-300x197.jpg\" alt=\"\" class=\"wp-image-30979\" srcset=\"https:\/\/contextoanalisisperiodistico.com\/wp-content\/uploads\/2024\/09\/fb_img_17252237030368370850809389415845-300x197.jpg 300w, https:\/\/contextoanalisisperiodistico.com\/wp-content\/uploads\/2024\/09\/fb_img_17252237030368370850809389415845.jpg 720w\" sizes=\"(max-width: 300px) 100vw, 300px\" \/><\/figure>\n\n\n\n<p>\u2022 Reconoci\u00f3 el apoyo invaluable al pueblo de Oaxaca durante estos seis a\u00f1os de gesti\u00f3n<\/p>\n\n\n\n<p>Ciudad de M\u00e9xico. 1 de septiembre de 2024. Al asistir al sexto y \u00faltimo Informe del Presidente Andr\u00e9s Manuel L\u00f3pez Obrador desde el z\u00f3calo de la Ciudad de M\u00e9xico, el Gobernador Salom\u00f3n Jara Cruz asever\u00f3 que el pueblo mexicano se encuentra del lado correcto de la historia, toda vez que en este sexenio se sentaron las bases de la transformaci\u00f3n que han demostrado que el poder se convierte en virtud cuando se pone al servicio de los dem\u00e1s.<\/p>\n\n\n\n<p>En este marco, el Mandatario Estatal reconoci\u00f3 la visi\u00f3n y decidida convicci\u00f3n del Presidente de M\u00e9xico para saldar la deuda hist\u00f3rica con el sureste de M\u00e9xico y poner en marcha importantes proyectos encaminados a detonar el desarrollo y bienestar del pueblo.<\/p>\n\n\n\n<p>Destac\u00f3 el impulso al proyecto del Corredor Interoce\u00e1nico del Istmo de Tehuantepec (CIIT) que, al integrar los servicios portuarios, interconectados por el Tren Interoce\u00e1nico y los Polos de Desarrollo para el Bienestar (Podebis), fungir\u00e1 como una plataforma log\u00edstica que fortalecer\u00e1n la actividad industrial y ofrecer\u00e1 una alternativa moderna y eficiente para el comercio regional y mundial.<\/p>\n\n\n\n<p>Asimismo, destac\u00f3 el respaldo para cristalizar la carretera Oaxaca- Puerto Escondido, una obra que estuvo varada por m\u00e1s de 15 a\u00f1os y que hoy es una realidad, permitiendo acortar los tiempos y distancia para mayores y mejores servicios y el traslado de personas.<\/p>\n\n\n\n<p>As\u00ed como el apoyo para concluir la carretera Oaxaca- Istmo, que ya cuenta con un importante avance y que se sumar\u00e1 a las acciones de desarrollo de esta zona del pa\u00eds.<\/p>\n\n\n\n<p>Jara Cruz tambi\u00e9n reconoci\u00f3 el apoyo del Presidente de M\u00e9xico con las y los oaxaque\u00f1os que permiti\u00f3 desde el primer a\u00f1o de su sexenio poner en marcha el programa de Pavimentaci\u00f3n de Caminos a Cabeceras Municipales que permiti\u00f3 unir y mejorar los accesos de m\u00e1s de 100 comunidades beneficiadas.<\/p>\n\n\n\n<p>Lo anterior se suma a los diversos programas Bienestar que han beneficiado a ni\u00f1as, ni\u00f1os, j\u00f3venes, mujeres y personas mayores, restituyendo sus derechos a una vida plena.<\/p>\n\n\n\n<p>De esta manera, Jara Cruz reiter\u00f3 su compromiso y disposici\u00f3n para seguir trabajando y sumando esfuerzo con la Presidenta electa Claudia Sheinbaum, en la construcci\u00f3n del segundo piso de la transformaci\u00f3n de M\u00e9xico.<\/p>\n\n\n\n<p>-0-<\/p>\n","protected":false},"excerpt":{"rendered":"<p>\u2022 El Gobernador Salom\u00f3n Jara asisti\u00f3 al Sexto Informe del Presidente Andr\u00e9s Manuel L\u00f3pez Obrador&#8230;<\/p>\n","protected":false},"author":4,"featured_media":30971,"comment_status":"","ping_status":"open","sticky":false,"template":"","format":"standard","meta":{"footnotes":""},"categories":[9],"tags":[],"jetpack_sharing_enabled":true,"featured_image_urls":{"full":["https:\/\/contextoanalisisperiodistico.com\/wp-content\/uploads\/2024\/09\/FB_IMG_1725223696339.jpg",720,480,false],"thumbnail":["https:\/\/contextoanalisisperiodistico.com\/wp-content\/uploads\/2024\/09\/FB_IMG_1725223696339-150x150.jpg",150,150,true],"medium":["https:\/\/contextoanalisisperiodistico.com\/wp-content\/uploads\/2024\/09\/FB_IMG_1725223696339-300x200.jpg",300,200,true],"medium_large":["https:\/\/contextoanalisisperiodistico.com\/wp-content\/uploads\/2024\/09\/FB_IMG_1725223696339.jpg",640,427,false],"large":["https:\/\/contextoanalisisperiodistico.com\/wp-content\/uploads\/2024\/09\/FB_IMG_1725223696339.jpg",640,427,false],"1536x1536":["https:\/\/contextoanalisisperiodistico.com\/wp-content\/uploads\/2024\/09\/FB_IMG_1725223696339.jpg",720,480,false],"2048x2048":["https:\/\/contextoanalisisperiodistico.com\/wp-content\/uploads\/2024\/09\/FB_IMG_1725223696339.jpg",720,480,false],"covernews-slider-full":["https:\/\/contextoanalisisperiodistico.com\/wp-content\/uploads\/2024\/09\/FB_IMG_1725223696339.jpg",720,480,false],"covernews-slider-center":["https:\/\/contextoanalisisperiodistico.com\/wp-content\/uploads\/2024\/09\/FB_IMG_1725223696339.jpg",720,480,false],"covernews-featured":["https:\/\/contextoanalisisperiodistico.com\/wp-content\/uploads\/2024\/09\/FB_IMG_1725223696339.jpg",720,480,false],"covernews-medium":["https:\/\/contextoanalisisperiodistico.com\/wp-content\/uploads\/2024\/09\/FB_IMG_1725223696339-540x340.jpg",540,340,true],"covernews-medium-square":["https:\/\/contextoanalisisperiodistico.com\/wp-content\/uploads\/2024\/09\/FB_IMG_1725223696339-400x250.jpg",400,250,true]},"author_info":{"display_name":"Mario Gir\u00f3n","author_link":"https:\/\/contextoanalisisperiodistico.com\/index.php\/author\/director\/"},"category_info":"<a href=\"https:\/\/contextoanalisisperiodistico.com\/index.php\/category\/politica\/\" rel=\"category tag\">Pol\u00edtica<\/a>","tag_info":"Pol\u00edtica","comment_count":"0","jetpack_featured_media_url":"https:\/\/contextoanalisisperiodistico.com\/wp-content\/uploads\/2024\/09\/FB_IMG_1725223696339.jpg","_links":{"self":[{"href":"https:\/\/contextoanalisisperiodistico.com\/index.php\/wp-json\/wp\/v2\/posts\/30980"}],"collection":[{"href":"https:\/\/contextoanalisisperiodistico.com\/index.php\/wp-json\/wp\/v2\/posts"}],"about":[{"href":"https:\/\/contextoanalisisperiodistico.com\/index.php\/wp-json\/wp\/v2\/types\/post"}],"author":[{"embeddable":true,"href":"https:\/\/contextoanalisisperiodistico.com\/index.php\/wp-json\/wp\/v2\/users\/4"}],"replies":[{"embeddable":true,"href":"https:\/\/contextoanalisisperiodistico.com\/index.php\/wp-json\/wp\/v2\/comments?post=30980"}],"version-history":[{"count":0,"href":"https:\/\/contextoanalisisperiodistico.com\/index.php\/wp-json\/wp\/v2\/posts\/30980\/revisions"}],"wp:featuredmedia":[{"embeddable":true,"href":"https:\/\/contextoanalisisperiodistico.com\/index.php\/wp-json\/wp\/v2\/media\/30971"}],"wp:attachment":[{"href":"https:\/\/contextoanalisisperiodistico.com\/index.php\/wp-json\/wp\/v2\/media?parent=30980"}],"wp:term":[{"taxonomy":"category","embeddable":true,"href":"https:\/\/contextoanalisisperiodistico.com\/index.php\/wp-json\/wp\/v2\/categories?post=30980"},{"taxonomy":"post_tag","embeddable":true,"href":"https:\/\/contextoanalisisperiodistico.com\/index.php\/wp-json\/wp\/v2\/tags?post=30980"}],"curies":[{"name":"wp","href":"https:\/\/api.w.org\/{rel}","templated":true}]}}