{"id":30960,"date":"2024-09-01T13:17:59","date_gmt":"2024-09-01T19:17:59","guid":{"rendered":"https:\/\/contextoanalisisperiodistico.com\/index.php\/2024\/09\/01\/realizan-foro-internacional-de-juegos-y-deportes-autoctonos-y-tradicionales\/"},"modified":"2024-09-01T13:17:59","modified_gmt":"2024-09-01T19:17:59","slug":"realizan-foro-internacional-de-juegos-y-deportes-autoctonos-y-tradicionales","status":"publish","type":"post","link":"https:\/\/contextoanalisisperiodistico.com\/index.php\/2024\/09\/01\/realizan-foro-internacional-de-juegos-y-deportes-autoctonos-y-tradicionales\/","title":{"rendered":"Realizan Foro Internacional de Juegos y Deportes Aut\u00f3ctonos y Tradicionales"},"content":{"rendered":"<div id=\"fb-root\"><\/div>\n\n<p>\u2022 Colombia, M\u00e9xico, Panam\u00e1 y Paraguay presentes en el XXV Encuentro Nacional de Juegos y Deportes Aut\u00f3ctonos y Tradicionales<\/p>\n\n\n\n<figure class=\"wp-block-image size-large\"><img fetchpriority=\"high\" decoding=\"async\" width=\"800\" height=\"533\" src=\"https:\/\/contextoanalisisperiodistico.com\/wp-content\/uploads\/2024\/09\/img-20240901-wa00236288117241753611771.jpg\" alt=\"\" class=\"wp-image-30959\" srcset=\"https:\/\/contextoanalisisperiodistico.com\/wp-content\/uploads\/2024\/09\/img-20240901-wa00236288117241753611771.jpg 800w, https:\/\/contextoanalisisperiodistico.com\/wp-content\/uploads\/2024\/09\/img-20240901-wa00236288117241753611771-300x200.jpg 300w, https:\/\/contextoanalisisperiodistico.com\/wp-content\/uploads\/2024\/09\/img-20240901-wa00236288117241753611771-768x512.jpg 768w\" sizes=\"(max-width: 800px) 100vw, 800px\" \/><\/figure>\n\n\n\n<figure class=\"wp-block-image\"><img decoding=\"async\" width=\"300\" height=\"200\" src=\"https:\/\/contextoanalisisperiodistico.com\/wp-content\/uploads\/2024\/09\/img-20240901-wa00254493909217019472990-300x200.jpg\" alt=\"\" class=\"wp-image-30958\" srcset=\"https:\/\/contextoanalisisperiodistico.com\/wp-content\/uploads\/2024\/09\/img-20240901-wa00254493909217019472990-300x200.jpg 300w, https:\/\/contextoanalisisperiodistico.com\/wp-content\/uploads\/2024\/09\/img-20240901-wa00254493909217019472990-768x512.jpg 768w, https:\/\/contextoanalisisperiodistico.com\/wp-content\/uploads\/2024\/09\/img-20240901-wa00254493909217019472990.jpg 800w\" sizes=\"(max-width: 300px) 100vw, 300px\" \/><\/figure>\n\n\n\n<p>Oaxaca de Ju\u00e1rez, Oax. 1 de septiembre de 2024. Con representantes de Colombia, M\u00e9xico, Panam\u00e1 y Paraguay se realiz\u00f3 el Foro Internacional de Juegos y Deportes Aut\u00f3ctonos y Tradicionales en el que se destac\u00f3 la importancia del rescate y preservaci\u00f3n del patrimonio cultural de los pueblos originarios para la comprensi\u00f3n de la identidad y el enriquecimiento de la vida l\u00fadica de las futuras generaciones.<\/p>\n\n\n\n<p>Esta actividad se realiz\u00f3 como parte de las actividades del XXV Encuentro Nacional de Juegos y Deportes Aut\u00f3ctonos y Tradicionales del que Oaxaca es sede, y tuvo lugar en el Archivo General del Estado de Oaxaca (AGEO).<\/p>\n\n\n\n<p>\u201cReflexi\u00f3n hist\u00f3rica\u201d fue el tema de la primera sesi\u00f3n que cont\u00f3 con la presencia de la presidenta de la Federaci\u00f3n Mexicana de Juegos y Deportes Aut\u00f3ctonos y Tradicionales (FMJDAT), Ana Claudia Collado Garc\u00eda; el director general del Instituto del Deporte en Oaxaca (Indeporte), Arturo de Jes\u00fas Ch\u00e1vez Ram\u00edrez, y la subdirectora de Cultura F\u00edsica de la Comisi\u00f3n Nacional de Cultura F\u00edsica y Deporte, Adriana Mart\u00ednez Campuzano.<\/p>\n\n\n\n<p>En este marco se abordaron los conceptos de comunidad y tradici\u00f3n con las ponencias \u201cEl rol de las comunidades ind\u00edgenas en la preservaci\u00f3n de las tradiciones\u201d y \u201cEvoluci\u00f3n de los juegos aut\u00f3ctonos en el contexto moderno\u201d, a cargo del secretario T\u00e9cnico del Programa Universitario de Interculturalidad de la UNAM, Juan Mario P\u00e9rez Mart\u00ednez, y Alejandro Olmos Curiel, integrante del Consejo Acad\u00e9mico de la FMJDAT.<\/p>\n\n\n\n<p>En la segunda sesi\u00f3n \u201cPerspectivas globales y conexiones regionales\u201d se abord\u00f3 la interrelaci\u00f3n de los pueblos ind\u00edgenas con el estado paname\u00f1o mediante la ponencia \u201cExperiencia deportiva de los pueblos ind\u00edgenas de Panam\u00e1\u201d por el presidente de la Asociaci\u00f3n de Deportes y Juegos Ancestrales de Panam\u00e1, Cesar Abdiel Cires.<\/p>\n\n\n\n<p>Asimismo, Victoria Portillo Duarte, l\u00edder guaran\u00ed, comparti\u00f3 la \u201cPreservaci\u00f3n Cultural y su Impacto en la Educaci\u00f3n y la Igualdad de G\u00e9nero\u201d en el que abord\u00f3 la participaci\u00f3n de las mujeres en actividades como el canto, la danza y los juegos tradicionales.<\/p>\n\n\n\n<p>La sesi\u00f3n concluy\u00f3 con la ponencia \u201cResiliencia comunitaria a trav\u00e9s de los juegos tradicionales\u201d por Diego Negrete Yanez, dinamizador de pr\u00e1cticas ancestrales y l\u00edder ind\u00edgena, quien plante\u00f3 el fortalecimiento de la cohesi\u00f3n social y abord\u00f3 brevemente la aceptaci\u00f3n de las practicas ancestrales como los juegos, la danza y la m\u00fasica en Colombia.<\/p>\n\n\n\n<p>-0-<\/p>\n","protected":false},"excerpt":{"rendered":"<p>\u2022 Colombia, M\u00e9xico, Panam\u00e1 y Paraguay presentes en el XXV Encuentro Nacional de Juegos y&#8230;<\/p>\n","protected":false},"author":4,"featured_media":30957,"comment_status":"","ping_status":"open","sticky":false,"template":"","format":"standard","meta":{"footnotes":""},"categories":[9],"tags":[],"jetpack_sharing_enabled":true,"featured_image_urls":{"full":["https:\/\/contextoanalisisperiodistico.com\/wp-content\/uploads\/2024\/09\/IMG-20240901-WA0024.jpg",800,533,false],"thumbnail":["https:\/\/contextoanalisisperiodistico.com\/wp-content\/uploads\/2024\/09\/IMG-20240901-WA0024-150x150.jpg",150,150,true],"medium":["https:\/\/contextoanalisisperiodistico.com\/wp-content\/uploads\/2024\/09\/IMG-20240901-WA0024-300x200.jpg",300,200,true],"medium_large":["https:\/\/contextoanalisisperiodistico.com\/wp-content\/uploads\/2024\/09\/IMG-20240901-WA0024-768x512.jpg",640,427,true],"large":["https:\/\/contextoanalisisperiodistico.com\/wp-content\/uploads\/2024\/09\/IMG-20240901-WA0024.jpg",640,426,false],"1536x1536":["https:\/\/contextoanalisisperiodistico.com\/wp-content\/uploads\/2024\/09\/IMG-20240901-WA0024.jpg",800,533,false],"2048x2048":["https:\/\/contextoanalisisperiodistico.com\/wp-content\/uploads\/2024\/09\/IMG-20240901-WA0024.jpg",800,533,false],"covernews-slider-full":["https:\/\/contextoanalisisperiodistico.com\/wp-content\/uploads\/2024\/09\/IMG-20240901-WA0024.jpg",800,533,false],"covernews-slider-center":["https:\/\/contextoanalisisperiodistico.com\/wp-content\/uploads\/2024\/09\/IMG-20240901-WA0024-800x500.jpg",800,500,true],"covernews-featured":["https:\/\/contextoanalisisperiodistico.com\/wp-content\/uploads\/2024\/09\/IMG-20240901-WA0024.jpg",800,533,false],"covernews-medium":["https:\/\/contextoanalisisperiodistico.com\/wp-content\/uploads\/2024\/09\/IMG-20240901-WA0024-540x340.jpg",540,340,true],"covernews-medium-square":["https:\/\/contextoanalisisperiodistico.com\/wp-content\/uploads\/2024\/09\/IMG-20240901-WA0024-400x250.jpg",400,250,true]},"author_info":{"display_name":"Mario Gir\u00f3n","author_link":"https:\/\/contextoanalisisperiodistico.com\/index.php\/author\/director\/"},"category_info":"<a href=\"https:\/\/contextoanalisisperiodistico.com\/index.php\/category\/politica\/\" rel=\"category tag\">Pol\u00edtica<\/a>","tag_info":"Pol\u00edtica","comment_count":"0","jetpack_featured_media_url":"https:\/\/contextoanalisisperiodistico.com\/wp-content\/uploads\/2024\/09\/IMG-20240901-WA0024.jpg","_links":{"self":[{"href":"https:\/\/contextoanalisisperiodistico.com\/index.php\/wp-json\/wp\/v2\/posts\/30960"}],"collection":[{"href":"https:\/\/contextoanalisisperiodistico.com\/index.php\/wp-json\/wp\/v2\/posts"}],"about":[{"href":"https:\/\/contextoanalisisperiodistico.com\/index.php\/wp-json\/wp\/v2\/types\/post"}],"author":[{"embeddable":true,"href":"https:\/\/contextoanalisisperiodistico.com\/index.php\/wp-json\/wp\/v2\/users\/4"}],"replies":[{"embeddable":true,"href":"https:\/\/contextoanalisisperiodistico.com\/index.php\/wp-json\/wp\/v2\/comments?post=30960"}],"version-history":[{"count":0,"href":"https:\/\/contextoanalisisperiodistico.com\/index.php\/wp-json\/wp\/v2\/posts\/30960\/revisions"}],"wp:featuredmedia":[{"embeddable":true,"href":"https:\/\/contextoanalisisperiodistico.com\/index.php\/wp-json\/wp\/v2\/media\/30957"}],"wp:attachment":[{"href":"https:\/\/contextoanalisisperiodistico.com\/index.php\/wp-json\/wp\/v2\/media?parent=30960"}],"wp:term":[{"taxonomy":"category","embeddable":true,"href":"https:\/\/contextoanalisisperiodistico.com\/index.php\/wp-json\/wp\/v2\/categories?post=30960"},{"taxonomy":"post_tag","embeddable":true,"href":"https:\/\/contextoanalisisperiodistico.com\/index.php\/wp-json\/wp\/v2\/tags?post=30960"}],"curies":[{"name":"wp","href":"https:\/\/api.w.org\/{rel}","templated":true}]}}