{"id":30949,"date":"2024-09-01T08:08:36","date_gmt":"2024-09-01T14:08:36","guid":{"rendered":"https:\/\/contextoanalisisperiodistico.com\/index.php\/2024\/09\/01\/declara-cabildo-septiembre-mes-patrio-en-oaxaca-de-juarez\/"},"modified":"2024-09-01T08:08:36","modified_gmt":"2024-09-01T14:08:36","slug":"declara-cabildo-septiembre-mes-patrio-en-oaxaca-de-juarez","status":"publish","type":"post","link":"https:\/\/contextoanalisisperiodistico.com\/index.php\/2024\/09\/01\/declara-cabildo-septiembre-mes-patrio-en-oaxaca-de-juarez\/","title":{"rendered":"Declara Cabildo \u201cSeptiembre, mes patrio\u201d en Oaxaca de Ju\u00e1rez"},"content":{"rendered":"<div id=\"fb-root\"><\/div>\n\n<ul class=\"wp-block-list\">\n<li>Se llevar\u00e1n a cabo ceremonias de izamiento y honores a la Bandera Nacional en la Plaza de la Danza.<\/li>\n<\/ul>\n\n\n\n<p>Oaxaca de Ju\u00e1rez, Oaxaca, a 31 de agosto de 202..- En Sesi\u00f3n Ordinaria de Cabildo, el Ayuntamiento de Oaxaca de Ju\u00e1rez aprob\u00f3 por unanimidad el punto de acuerdo en el cual se declara \u201cSeptiembre mes patrio\u201d en el Municipio de Oaxaca de Ju\u00e1rez.<\/p>\n\n\n\n<p>El punto de acuerdo presentado por las regidur\u00edas de Seguridad Ciudadana y Movilidad y Agencias y Colonias, y de Igualdad de G\u00e9nero y de la Ciudad Educadora, consiste en llevar a cabo el izamiento y honores a la Bandera Nacional, en el marco del mes patrio.<\/p>\n\n\n\n<p>Por lo anterior, las ceremonias se llevar\u00e1n a cabo los d\u00edas 2, 9, 16, 23 y 30 de septiembre del a\u00f1o 2024 en la Plaza de la Danza, a las 7:00 horas.<\/p>\n\n\n\n<p>En ese contexto el pr\u00f3ximo 2 de septiembre, integrantes del Cabildo, funcionarios municipales y autoridades auxiliares rendir\u00e1n honores al l\u00e1baro patrio. Posteriormente, el 9 de septiembre participar\u00e1 personal de las secretar\u00edas de Tesorer\u00eda Municipal, Obras P\u00fablicas y Desarrollo Urbano, de Gobierno, as\u00ed como del Instituto Municipal del Deporte y de la Coordinaci\u00f3n de Comunicaci\u00f3n Social.<\/p>\n\n\n\n<p>En lo conducente, el 16 de septiembre participar\u00e1n en la ceremonias colaboradores de las secretar\u00edas de Recursos Humanos y Materiales, Seguridad Ciudadana, Movilidad y Protecci\u00f3n Civil, Servicios Municipales, as\u00ed como del Instituto Municipal de las Lenguas Ind\u00edgenas y del Comit\u00e9 Municipal del Sistema DIF.<\/p>\n\n\n\n<p>Asimismo, el pr\u00f3ximo 23 de septiembre personal de las secretar\u00edas de Bienestar, de Desarrollo Econ\u00f3mico, de Fomento Tur\u00edstico, el \u00d3rgano de Control Interno y el Instituto Municipal de la Mujer se sumar\u00e1n a la ceremonia c\u00edvica en cumplimiento al citado punto de acuerdo.<\/p>\n\n\n\n<p>Por \u00faltimo, el 30 de septiembre el acto c\u00edvico contar\u00e1 con la participaci\u00f3n de colaboradores municipales adscritos a las secretar\u00edas de Arte y Cultura, Medio Ambiente y Cambio Clim\u00e1tico, as\u00ed como de la Coordinaci\u00f3n de la Ciudad Educadora, Secretar\u00eda T\u00e9cnica y Consejer\u00eda Jur\u00eddica .<\/p>\n\n\n\n<p>Con estas actividades, el Ayuntamiento de Oaxaca de Ju\u00e1rez que encabeza el edil, Francisco Mart\u00ednez Neri, hace patente el compromiso de fomentar la identidad nacional y el respeto por los l\u00e1baros patrios entre las y los capitalinos.<\/p>\n","protected":false},"excerpt":{"rendered":"<p>Oaxaca de Ju\u00e1rez, Oaxaca, a 31 de agosto de 202..- En Sesi\u00f3n Ordinaria de Cabildo,&#8230;<\/p>\n","protected":false},"author":4,"featured_media":30948,"comment_status":"","ping_status":"open","sticky":false,"template":"","format":"standard","meta":{"footnotes":""},"categories":[9],"tags":[],"jetpack_sharing_enabled":true,"featured_image_urls":{"full":["https:\/\/contextoanalisisperiodistico.com\/wp-content\/uploads\/2024\/09\/IMG_20240901_080754.jpg",656,664,false],"thumbnail":["https:\/\/contextoanalisisperiodistico.com\/wp-content\/uploads\/2024\/09\/IMG_20240901_080754-150x150.jpg",150,150,true],"medium":["https:\/\/contextoanalisisperiodistico.com\/wp-content\/uploads\/2024\/09\/IMG_20240901_080754-296x300.jpg",296,300,true],"medium_large":["https:\/\/contextoanalisisperiodistico.com\/wp-content\/uploads\/2024\/09\/IMG_20240901_080754.jpg",640,648,false],"large":["https:\/\/contextoanalisisperiodistico.com\/wp-content\/uploads\/2024\/09\/IMG_20240901_080754.jpg",640,648,false],"1536x1536":["https:\/\/contextoanalisisperiodistico.com\/wp-content\/uploads\/2024\/09\/IMG_20240901_080754.jpg",656,664,false],"2048x2048":["https:\/\/contextoanalisisperiodistico.com\/wp-content\/uploads\/2024\/09\/IMG_20240901_080754.jpg",656,664,false],"covernews-slider-full":["https:\/\/contextoanalisisperiodistico.com\/wp-content\/uploads\/2024\/09\/IMG_20240901_080754.jpg",656,664,false],"covernews-slider-center":["https:\/\/contextoanalisisperiodistico.com\/wp-content\/uploads\/2024\/09\/IMG_20240901_080754-656x500.jpg",656,500,true],"covernews-featured":["https:\/\/contextoanalisisperiodistico.com\/wp-content\/uploads\/2024\/09\/IMG_20240901_080754.jpg",656,664,false],"covernews-medium":["https:\/\/contextoanalisisperiodistico.com\/wp-content\/uploads\/2024\/09\/IMG_20240901_080754-540x340.jpg",540,340,true],"covernews-medium-square":["https:\/\/contextoanalisisperiodistico.com\/wp-content\/uploads\/2024\/09\/IMG_20240901_080754-400x250.jpg",400,250,true]},"author_info":{"display_name":"Mario Gir\u00f3n","author_link":"https:\/\/contextoanalisisperiodistico.com\/index.php\/author\/director\/"},"category_info":"<a href=\"https:\/\/contextoanalisisperiodistico.com\/index.php\/category\/politica\/\" rel=\"category tag\">Pol\u00edtica<\/a>","tag_info":"Pol\u00edtica","comment_count":"0","jetpack_featured_media_url":"https:\/\/contextoanalisisperiodistico.com\/wp-content\/uploads\/2024\/09\/IMG_20240901_080754.jpg","_links":{"self":[{"href":"https:\/\/contextoanalisisperiodistico.com\/index.php\/wp-json\/wp\/v2\/posts\/30949"}],"collection":[{"href":"https:\/\/contextoanalisisperiodistico.com\/index.php\/wp-json\/wp\/v2\/posts"}],"about":[{"href":"https:\/\/contextoanalisisperiodistico.com\/index.php\/wp-json\/wp\/v2\/types\/post"}],"author":[{"embeddable":true,"href":"https:\/\/contextoanalisisperiodistico.com\/index.php\/wp-json\/wp\/v2\/users\/4"}],"replies":[{"embeddable":true,"href":"https:\/\/contextoanalisisperiodistico.com\/index.php\/wp-json\/wp\/v2\/comments?post=30949"}],"version-history":[{"count":0,"href":"https:\/\/contextoanalisisperiodistico.com\/index.php\/wp-json\/wp\/v2\/posts\/30949\/revisions"}],"wp:featuredmedia":[{"embeddable":true,"href":"https:\/\/contextoanalisisperiodistico.com\/index.php\/wp-json\/wp\/v2\/media\/30948"}],"wp:attachment":[{"href":"https:\/\/contextoanalisisperiodistico.com\/index.php\/wp-json\/wp\/v2\/media?parent=30949"}],"wp:term":[{"taxonomy":"category","embeddable":true,"href":"https:\/\/contextoanalisisperiodistico.com\/index.php\/wp-json\/wp\/v2\/categories?post=30949"},{"taxonomy":"post_tag","embeddable":true,"href":"https:\/\/contextoanalisisperiodistico.com\/index.php\/wp-json\/wp\/v2\/tags?post=30949"}],"curies":[{"name":"wp","href":"https:\/\/api.w.org\/{rel}","templated":true}]}}