{"id":30946,"date":"2024-08-31T13:11:57","date_gmt":"2024-08-31T19:11:57","guid":{"rendered":"https:\/\/contextoanalisisperiodistico.com\/index.php\/2024\/08\/31\/brinda-gobierno-de-oaxaca-asesoria-a-familiares-de-personas-migrantes-fallecidas-en-el-istmo\/"},"modified":"2024-08-31T13:14:50","modified_gmt":"2024-08-31T19:14:50","slug":"brinda-gobierno-de-oaxaca-asesoria-a-familiares-de-personas-migrantes-fallecidas-en-el-istmo","status":"publish","type":"post","link":"https:\/\/contextoanalisisperiodistico.com\/index.php\/2024\/08\/31\/brinda-gobierno-de-oaxaca-asesoria-a-familiares-de-personas-migrantes-fallecidas-en-el-istmo\/","title":{"rendered":"Brinda Gobierno de Oaxaca asesor\u00eda a familiares de personas migrantes fallecidas en el Istmo"},"content":{"rendered":"<div id=\"fb-root\"><\/div>\n\n<p>La Secretar\u00eda de Gobierno (Sego) a trav\u00e9s de la Direcci\u00f3n de Migraci\u00f3n Oaxaque\u00f1a brinda asesor\u00eda a familiares de personas migrantes fallecidas durante d\u00edas pasados en la carretera Santiago Niltepec-La Venta, en el Istmo de Tehuantepec.<\/p>\n\n\n\n<p>Como parte de estas actividades entabl\u00f3 contacto con familiares de una mujer de origen nicarag\u00fcense, a quienes se inform\u00f3 el procedimiento de repatriaci\u00f3n, canalizando su caso con el Instituto Nacional de Migraci\u00f3n (INM) qui\u00e9n es la autoridad competente.<\/p>\n\n\n\n<p>Asimismo, se busca establecer comunicaci\u00f3n con la Asociaci\u00f3n de Nicarag\u00fcenses en M\u00e9xico \u2013ya que dos de las personas fallecidas son de esta nacionalidad- y as\u00ed brindarles asesor\u00eda para realizar el traslado a su pa\u00eds natal, a trav\u00e9s del Consulado correspondiente.<\/p>\n\n\n\n<p>De esta manera, la Sego a trav\u00e9s de la Direcci\u00f3n de Migraci\u00f3n Oaxaque\u00f1a, reafirma su compromiso para garantizar un tr\u00e1nsito seguro y ordenado por el estado.<\/p>\n\n\n\n<p>-0-<\/p>\n","protected":false},"excerpt":{"rendered":"<p>La Secretar\u00eda de Gobierno (Sego) a trav\u00e9s de la Direcci\u00f3n de Migraci\u00f3n Oaxaque\u00f1a brinda asesor\u00eda&#8230;<\/p>\n","protected":false},"author":4,"featured_media":30945,"comment_status":"closed","ping_status":"open","sticky":false,"template":"","format":"standard","meta":{"footnotes":""},"categories":[9],"tags":[],"jetpack_sharing_enabled":true,"featured_image_urls":{"full":["https:\/\/contextoanalisisperiodistico.com\/wp-content\/uploads\/2024\/08\/IMG-20240831-WA0037.jpg",960,960,false],"thumbnail":["https:\/\/contextoanalisisperiodistico.com\/wp-content\/uploads\/2024\/08\/IMG-20240831-WA0037-150x150.jpg",150,150,true],"medium":["https:\/\/contextoanalisisperiodistico.com\/wp-content\/uploads\/2024\/08\/IMG-20240831-WA0037-300x300.jpg",300,300,true],"medium_large":["https:\/\/contextoanalisisperiodistico.com\/wp-content\/uploads\/2024\/08\/IMG-20240831-WA0037-768x768.jpg",640,640,true],"large":["https:\/\/contextoanalisisperiodistico.com\/wp-content\/uploads\/2024\/08\/IMG-20240831-WA0037.jpg",640,640,false],"1536x1536":["https:\/\/contextoanalisisperiodistico.com\/wp-content\/uploads\/2024\/08\/IMG-20240831-WA0037.jpg",960,960,false],"2048x2048":["https:\/\/contextoanalisisperiodistico.com\/wp-content\/uploads\/2024\/08\/IMG-20240831-WA0037.jpg",960,960,false],"covernews-slider-full":["https:\/\/contextoanalisisperiodistico.com\/wp-content\/uploads\/2024\/08\/IMG-20240831-WA0037-960x715.jpg",960,715,true],"covernews-slider-center":["https:\/\/contextoanalisisperiodistico.com\/wp-content\/uploads\/2024\/08\/IMG-20240831-WA0037-800x500.jpg",800,500,true],"covernews-featured":["https:\/\/contextoanalisisperiodistico.com\/wp-content\/uploads\/2024\/08\/IMG-20240831-WA0037.jpg",960,960,false],"covernews-medium":["https:\/\/contextoanalisisperiodistico.com\/wp-content\/uploads\/2024\/08\/IMG-20240831-WA0037-540x340.jpg",540,340,true],"covernews-medium-square":["https:\/\/contextoanalisisperiodistico.com\/wp-content\/uploads\/2024\/08\/IMG-20240831-WA0037-400x250.jpg",400,250,true]},"author_info":{"display_name":"Mario Gir\u00f3n","author_link":"https:\/\/contextoanalisisperiodistico.com\/index.php\/author\/director\/"},"category_info":"<a href=\"https:\/\/contextoanalisisperiodistico.com\/index.php\/category\/politica\/\" rel=\"category tag\">Pol\u00edtica<\/a>","tag_info":"Pol\u00edtica","comment_count":"0","jetpack_featured_media_url":"https:\/\/contextoanalisisperiodistico.com\/wp-content\/uploads\/2024\/08\/IMG-20240831-WA0037.jpg","_links":{"self":[{"href":"https:\/\/contextoanalisisperiodistico.com\/index.php\/wp-json\/wp\/v2\/posts\/30946"}],"collection":[{"href":"https:\/\/contextoanalisisperiodistico.com\/index.php\/wp-json\/wp\/v2\/posts"}],"about":[{"href":"https:\/\/contextoanalisisperiodistico.com\/index.php\/wp-json\/wp\/v2\/types\/post"}],"author":[{"embeddable":true,"href":"https:\/\/contextoanalisisperiodistico.com\/index.php\/wp-json\/wp\/v2\/users\/4"}],"replies":[{"embeddable":true,"href":"https:\/\/contextoanalisisperiodistico.com\/index.php\/wp-json\/wp\/v2\/comments?post=30946"}],"version-history":[{"count":1,"href":"https:\/\/contextoanalisisperiodistico.com\/index.php\/wp-json\/wp\/v2\/posts\/30946\/revisions"}],"predecessor-version":[{"id":30947,"href":"https:\/\/contextoanalisisperiodistico.com\/index.php\/wp-json\/wp\/v2\/posts\/30946\/revisions\/30947"}],"wp:featuredmedia":[{"embeddable":true,"href":"https:\/\/contextoanalisisperiodistico.com\/index.php\/wp-json\/wp\/v2\/media\/30945"}],"wp:attachment":[{"href":"https:\/\/contextoanalisisperiodistico.com\/index.php\/wp-json\/wp\/v2\/media?parent=30946"}],"wp:term":[{"taxonomy":"category","embeddable":true,"href":"https:\/\/contextoanalisisperiodistico.com\/index.php\/wp-json\/wp\/v2\/categories?post=30946"},{"taxonomy":"post_tag","embeddable":true,"href":"https:\/\/contextoanalisisperiodistico.com\/index.php\/wp-json\/wp\/v2\/tags?post=30946"}],"curies":[{"name":"wp","href":"https:\/\/api.w.org\/{rel}","templated":true}]}}