{"id":30944,"date":"2024-08-30T19:34:31","date_gmt":"2024-08-31T01:34:31","guid":{"rendered":"https:\/\/contextoanalisisperiodistico.com\/index.php\/2024\/08\/30\/recuperan-otro-inmueble-propiedad-del-gobierno-del-estado\/"},"modified":"2024-08-30T19:34:31","modified_gmt":"2024-08-31T01:34:31","slug":"recuperan-otro-inmueble-propiedad-del-gobierno-del-estado","status":"publish","type":"post","link":"https:\/\/contextoanalisisperiodistico.com\/index.php\/2024\/08\/30\/recuperan-otro-inmueble-propiedad-del-gobierno-del-estado\/","title":{"rendered":"Recuperan otro inmueble propiedad del Gobierno del Estado"},"content":{"rendered":"<div id=\"fb-root\"><\/div>\n\n<ul class=\"wp-block-list\">\n<li>Suman 10 en lo que va de la administraci\u00f3n del gobernador, Salom\u00f3n Jara Cruz <\/li>\n<\/ul>\n\n\n\n<p>Oaxaca de Ju\u00e1rez, Oax. 30 de agosto de 2024. El Gobierno del Estado a trav\u00e9s de la Consejer\u00eda Jur\u00eddica y Asistencia Legal recuper\u00f3 un inmueble ubicado en avenida S\u00edmbolos Patrios, esquina calle de Pinos en San Antonio de la Cal; con ello suman 10 espacios rescatados en lo que va de la administraci\u00f3n del Gobernador Salom\u00f3n Jara Cruz.<\/p>\n\n\n\n<p>De acuerdo con el titular de la Consejer\u00eda Jur\u00eddica y Asistencia Legal Geovany V\u00e1squez Sagrero, el inmueble propiedad del Gobierno del Estado, fue dado en comodato en la administraci\u00f3n pasada, a favor de la Asociaci\u00f3n Civil \u201cLos hijos de las hadas\u201d para la atenci\u00f3n de ni\u00f1as y ni\u00f1os con autismo.<\/p>\n\n\n\n<p>Explic\u00f3 que al realizar la revisi\u00f3n de los estados de los inmuebles propiedad del Gobierno del Estado, se encontr\u00f3 un documento en la Direcci\u00f3n de Patrimonio de la Secretar\u00eda de Administraci\u00f3n en el que la directora de dicha Asociaci\u00f3n Civil regres\u00f3 el inmueble al Estado por presentar da\u00f1os derivados de los sismos.<\/p>\n\n\n\n<p>Ante ello, dijo, se pidi\u00f3 a la Coordinaci\u00f3n Estatal de Protecci\u00f3n Civil y Gesti\u00f3n de Riesgos (CEPCyGR) la evaluaci\u00f3n del inmueble, y este viernes se determin\u00f3 tomar posesi\u00f3n del mismo.<\/p>\n\n\n\n<p>V\u00e1squez Sagrero expres\u00f3 que durante la revisi\u00f3n del inmueble se constat\u00f3 el abandono y la falta de mantenimiento del mismo, condiciones que lo inhabilitan para seguir brindando la atenci\u00f3n a ni\u00f1as y ni\u00f1os con autismo.<\/p>\n\n\n\n<p>No obstante, se\u00f1al\u00f3, el Sistema Estatal para el Desarrollo Integral de la Familia (DIF) Oaxaca, ha informado que cuenta con el Centro de Autismo Nyela To Bidao, en la colonia Volcanes, con la capacidad suficiente para atender a las familias que acud\u00edan al inmueble de San Antonio de la Cal.<\/p>\n\n\n\n<p>\u201cToda vez que se cuenta con un espacio para brindar esta atenci\u00f3n, se determin\u00f3 dar por terminado el comodato y tomar la posesi\u00f3n del inmueble\u201d, dijo.<\/p>\n\n\n\n<p>El Consejero Jur\u00eddico del Gobierno del Estado expres\u00f3 que con esta acci\u00f3n, se refrenda el compromiso de rescatar y velar por el patrimonio de las y los oaxaque\u00f1os.<\/p>\n\n\n\n<p>-0-<\/p>\n\n\n\n<figure class=\"wp-block-image size-large\"><img fetchpriority=\"high\" decoding=\"async\" width=\"1024\" height=\"574\" src=\"https:\/\/contextoanalisisperiodistico.com\/wp-content\/uploads\/2024\/08\/img-20240830-wa01305326178160217350166-1024x574.jpg\" alt=\"\" class=\"wp-image-30940\" srcset=\"https:\/\/contextoanalisisperiodistico.com\/wp-content\/uploads\/2024\/08\/img-20240830-wa01305326178160217350166-1024x574.jpg 1024w, https:\/\/contextoanalisisperiodistico.com\/wp-content\/uploads\/2024\/08\/img-20240830-wa01305326178160217350166-300x168.jpg 300w, https:\/\/contextoanalisisperiodistico.com\/wp-content\/uploads\/2024\/08\/img-20240830-wa01305326178160217350166-768x431.jpg 768w, https:\/\/contextoanalisisperiodistico.com\/wp-content\/uploads\/2024\/08\/img-20240830-wa01305326178160217350166.jpg 1280w\" sizes=\"(max-width: 1024px) 100vw, 1024px\" \/><\/figure>\n\n\n\n<figure class=\"wp-block-image\"><img decoding=\"async\" width=\"768\" height=\"1024\" src=\"https:\/\/contextoanalisisperiodistico.com\/wp-content\/uploads\/2024\/08\/img-20240830-wa01288738408862402027521-768x1024.jpg\" alt=\"\" class=\"wp-image-30942\" srcset=\"https:\/\/contextoanalisisperiodistico.com\/wp-content\/uploads\/2024\/08\/img-20240830-wa01288738408862402027521-768x1024.jpg 768w, https:\/\/contextoanalisisperiodistico.com\/wp-content\/uploads\/2024\/08\/img-20240830-wa01288738408862402027521-225x300.jpg 225w, https:\/\/contextoanalisisperiodistico.com\/wp-content\/uploads\/2024\/08\/img-20240830-wa01288738408862402027521.jpg 960w\" sizes=\"(max-width: 768px) 100vw, 768px\" \/><\/figure>\n\n\n\n<figure class=\"wp-block-image\"><img decoding=\"async\" width=\"768\" height=\"1024\" src=\"https:\/\/contextoanalisisperiodistico.com\/wp-content\/uploads\/2024\/08\/img-20240830-wa0127497952262236708659-768x1024.jpg\" alt=\"\" class=\"wp-image-30941\" srcset=\"https:\/\/contextoanalisisperiodistico.com\/wp-content\/uploads\/2024\/08\/img-20240830-wa0127497952262236708659-768x1024.jpg 768w, https:\/\/contextoanalisisperiodistico.com\/wp-content\/uploads\/2024\/08\/img-20240830-wa0127497952262236708659-225x300.jpg 225w, https:\/\/contextoanalisisperiodistico.com\/wp-content\/uploads\/2024\/08\/img-20240830-wa0127497952262236708659.jpg 960w\" sizes=\"(max-width: 768px) 100vw, 768px\" \/><\/figure>\n\n\n\n<figure class=\"wp-block-image\"><img loading=\"lazy\" decoding=\"async\" width=\"1024\" height=\"574\" src=\"https:\/\/contextoanalisisperiodistico.com\/wp-content\/uploads\/2024\/08\/img-20240830-wa01267989012394934686760-1024x574.jpg\" alt=\"\" class=\"wp-image-30943\" srcset=\"https:\/\/contextoanalisisperiodistico.com\/wp-content\/uploads\/2024\/08\/img-20240830-wa01267989012394934686760-1024x574.jpg 1024w, https:\/\/contextoanalisisperiodistico.com\/wp-content\/uploads\/2024\/08\/img-20240830-wa01267989012394934686760-300x168.jpg 300w, https:\/\/contextoanalisisperiodistico.com\/wp-content\/uploads\/2024\/08\/img-20240830-wa01267989012394934686760-768x431.jpg 768w, https:\/\/contextoanalisisperiodistico.com\/wp-content\/uploads\/2024\/08\/img-20240830-wa01267989012394934686760.jpg 1280w\" sizes=\"(max-width: 1024px) 100vw, 1024px\" \/><\/figure>\n","protected":false},"excerpt":{"rendered":"<p>Oaxaca de Ju\u00e1rez, Oax. 30 de agosto de 2024. El Gobierno del Estado a trav\u00e9s&#8230;<\/p>\n","protected":false},"author":4,"featured_media":30939,"comment_status":"","ping_status":"open","sticky":false,"template":"","format":"standard","meta":{"footnotes":""},"categories":[9],"tags":[],"jetpack_sharing_enabled":true,"featured_image_urls":{"full":["https:\/\/contextoanalisisperiodistico.com\/wp-content\/uploads\/2024\/08\/IMG-20240830-WA0131.jpg",1280,718,false],"thumbnail":["https:\/\/contextoanalisisperiodistico.com\/wp-content\/uploads\/2024\/08\/IMG-20240830-WA0131-150x150.jpg",150,150,true],"medium":["https:\/\/contextoanalisisperiodistico.com\/wp-content\/uploads\/2024\/08\/IMG-20240830-WA0131-300x168.jpg",300,168,true],"medium_large":["https:\/\/contextoanalisisperiodistico.com\/wp-content\/uploads\/2024\/08\/IMG-20240830-WA0131-768x431.jpg",640,359,true],"large":["https:\/\/contextoanalisisperiodistico.com\/wp-content\/uploads\/2024\/08\/IMG-20240830-WA0131-1024x574.jpg",640,359,true],"1536x1536":["https:\/\/contextoanalisisperiodistico.com\/wp-content\/uploads\/2024\/08\/IMG-20240830-WA0131.jpg",1280,718,false],"2048x2048":["https:\/\/contextoanalisisperiodistico.com\/wp-content\/uploads\/2024\/08\/IMG-20240830-WA0131.jpg",1280,718,false],"covernews-slider-full":["https:\/\/contextoanalisisperiodistico.com\/wp-content\/uploads\/2024\/08\/IMG-20240830-WA0131-1115x715.jpg",1115,715,true],"covernews-slider-center":["https:\/\/contextoanalisisperiodistico.com\/wp-content\/uploads\/2024\/08\/IMG-20240830-WA0131-800x500.jpg",800,500,true],"covernews-featured":["https:\/\/contextoanalisisperiodistico.com\/wp-content\/uploads\/2024\/08\/IMG-20240830-WA0131-1024x574.jpg",1024,574,true],"covernews-medium":["https:\/\/contextoanalisisperiodistico.com\/wp-content\/uploads\/2024\/08\/IMG-20240830-WA0131-540x340.jpg",540,340,true],"covernews-medium-square":["https:\/\/contextoanalisisperiodistico.com\/wp-content\/uploads\/2024\/08\/IMG-20240830-WA0131-400x250.jpg",400,250,true]},"author_info":{"display_name":"Mario Gir\u00f3n","author_link":"https:\/\/contextoanalisisperiodistico.com\/index.php\/author\/director\/"},"category_info":"<a href=\"https:\/\/contextoanalisisperiodistico.com\/index.php\/category\/politica\/\" rel=\"category tag\">Pol\u00edtica<\/a>","tag_info":"Pol\u00edtica","comment_count":"0","jetpack_featured_media_url":"https:\/\/contextoanalisisperiodistico.com\/wp-content\/uploads\/2024\/08\/IMG-20240830-WA0131.jpg","_links":{"self":[{"href":"https:\/\/contextoanalisisperiodistico.com\/index.php\/wp-json\/wp\/v2\/posts\/30944"}],"collection":[{"href":"https:\/\/contextoanalisisperiodistico.com\/index.php\/wp-json\/wp\/v2\/posts"}],"about":[{"href":"https:\/\/contextoanalisisperiodistico.com\/index.php\/wp-json\/wp\/v2\/types\/post"}],"author":[{"embeddable":true,"href":"https:\/\/contextoanalisisperiodistico.com\/index.php\/wp-json\/wp\/v2\/users\/4"}],"replies":[{"embeddable":true,"href":"https:\/\/contextoanalisisperiodistico.com\/index.php\/wp-json\/wp\/v2\/comments?post=30944"}],"version-history":[{"count":0,"href":"https:\/\/contextoanalisisperiodistico.com\/index.php\/wp-json\/wp\/v2\/posts\/30944\/revisions"}],"wp:featuredmedia":[{"embeddable":true,"href":"https:\/\/contextoanalisisperiodistico.com\/index.php\/wp-json\/wp\/v2\/media\/30939"}],"wp:attachment":[{"href":"https:\/\/contextoanalisisperiodistico.com\/index.php\/wp-json\/wp\/v2\/media?parent=30944"}],"wp:term":[{"taxonomy":"category","embeddable":true,"href":"https:\/\/contextoanalisisperiodistico.com\/index.php\/wp-json\/wp\/v2\/categories?post=30944"},{"taxonomy":"post_tag","embeddable":true,"href":"https:\/\/contextoanalisisperiodistico.com\/index.php\/wp-json\/wp\/v2\/tags?post=30944"}],"curies":[{"name":"wp","href":"https:\/\/api.w.org\/{rel}","templated":true}]}}