{"id":30933,"date":"2024-08-30T19:18:54","date_gmt":"2024-08-31T01:18:54","guid":{"rendered":"https:\/\/contextoanalisisperiodistico.com\/index.php\/2024\/08\/30\/todo-listo-para-las-jornadas-medicas-quijotes-2024\/"},"modified":"2024-08-30T19:18:54","modified_gmt":"2024-08-31T01:18:54","slug":"todo-listo-para-las-jornadas-medicas-quijotes-2024","status":"publish","type":"post","link":"https:\/\/contextoanalisisperiodistico.com\/index.php\/2024\/08\/30\/todo-listo-para-las-jornadas-medicas-quijotes-2024\/","title":{"rendered":"Todo listo para las \u201cJornadas M\u00e9dicas Quijotes 2024\u201d"},"content":{"rendered":"<div id=\"fb-root\"><\/div>\n\n<p>Del 02 al 06 de septiembre, el DIF Municipal ofrecer\u00e1 servicios m\u00e9dicos gratuitos de calidad y de f\u00e1cil acceso.<\/p>\n\n\n\n<figure class=\"wp-block-image size-large\"><img fetchpriority=\"high\" decoding=\"async\" width=\"1024\" height=\"784\" src=\"https:\/\/contextoanalisisperiodistico.com\/wp-content\/uploads\/2024\/08\/img-20240830-wa01146805780725034050835-1024x784.jpg\" alt=\"\" class=\"wp-image-30931\" srcset=\"https:\/\/contextoanalisisperiodistico.com\/wp-content\/uploads\/2024\/08\/img-20240830-wa01146805780725034050835-1024x784.jpg 1024w, https:\/\/contextoanalisisperiodistico.com\/wp-content\/uploads\/2024\/08\/img-20240830-wa01146805780725034050835-300x230.jpg 300w, https:\/\/contextoanalisisperiodistico.com\/wp-content\/uploads\/2024\/08\/img-20240830-wa01146805780725034050835-768x588.jpg 768w, https:\/\/contextoanalisisperiodistico.com\/wp-content\/uploads\/2024\/08\/img-20240830-wa01146805780725034050835.jpg 1047w\" sizes=\"(max-width: 1024px) 100vw, 1024px\" \/><\/figure>\n\n\n\n<figure class=\"wp-block-image\"><img decoding=\"async\" width=\"1024\" height=\"775\" src=\"https:\/\/contextoanalisisperiodistico.com\/wp-content\/uploads\/2024\/08\/img-20240830-wa0120319435665163752420-1024x775.jpg\" alt=\"\" class=\"wp-image-30932\" srcset=\"https:\/\/contextoanalisisperiodistico.com\/wp-content\/uploads\/2024\/08\/img-20240830-wa0120319435665163752420-1024x775.jpg 1024w, https:\/\/contextoanalisisperiodistico.com\/wp-content\/uploads\/2024\/08\/img-20240830-wa0120319435665163752420-300x227.jpg 300w, https:\/\/contextoanalisisperiodistico.com\/wp-content\/uploads\/2024\/08\/img-20240830-wa0120319435665163752420-768x581.jpg 768w, https:\/\/contextoanalisisperiodistico.com\/wp-content\/uploads\/2024\/08\/img-20240830-wa0120319435665163752420.jpg 1244w\" sizes=\"(max-width: 1024px) 100vw, 1024px\" \/><\/figure>\n\n\n\n<p>Oaxaca de Ju\u00e1rez, Oax., 30 de agosto de 2024.- La ma\u00f1ana de este viernes 30 de agosto el presidente municipal de Oaxaca de Ju\u00e1rez Francisco Mart\u00ednez Neri realiz\u00f3 un recorrido de supervisi\u00f3n por las instalaciones del Centro de Apoyo para el Desarrollo Infantil (CADI-CDC) con el fin de constatar que la atenci\u00f3n que se brindar\u00e1 a miles de personas en ese lugar ser\u00e1 de muy alta calidad.<\/p>\n\n\n\n<p>Con la instalaci\u00f3n de todo el equipo necesario para asegurar que los pacientes reciban un servicio eficiente, se inaugurar\u00e1 la atenci\u00f3n el pr\u00f3ximo lunes 2 de septiembre y permanecer\u00e1n las actividades hasta el viernes 6 en el CADI &#8211; CDC, ubicado en Prolongaci\u00f3n de Nu\u00f1o del Mercado, n\u00famero 601, en la colonia Cosijoeza y se ofrecer\u00e1n de manera gratuita 17 especialidades m\u00e9dicas.<\/p>\n\n\n\n<p>Este esfuerzo, encabezado por la Presidenta Honoraria del DIF Municipal, Bernarda Gonz\u00e1lez Rivas y respaldado por el primer concejal, busca brindar servicios m\u00e9dicos gratuitos a m\u00e1s de 3,000 personas, fortaleciendo el compromiso de la administraci\u00f3n municipal con el bienestar de los habitantes del municipio y sus alrededores.<\/p>\n\n\n\n<p>Durante el recorrido, Mart\u00ednez Neri expres\u00f3 su profundo agradecimiento a todas y todos los involucrados en la organizaci\u00f3n de este programa, especialmente a quienes colaboran en el DIF y en la Secretaria de Bienestar municipal destacando que las jornadas buscan mejorar la salud de hombres y mujeres de Oaxaca de Ju\u00e1rez y municipios cercanos.<\/p>\n\n\n\n<p>\u201cEste lunes, desde las 8:00 hasta las 17:00 horas, brindaremos servicios con m\u00e9dicos y especialistas de calidad al pueblo oaxaque\u00f1o. Los invitamos a registrarse y recibir atenci\u00f3n. Oaxaca de Ju\u00e1rez realiza un trabajo ejemplar en la atenci\u00f3n a las personas que lo requieren,\u201d enfatiz\u00f3 el edil.<\/p>\n\n\n\n<p>Por su parte, Bernarda Gonz\u00e1lez Rivas subray\u00f3 la importancia de la participaci\u00f3n comunitaria y el trabajo conjunto: \u201cEstamos emocionados porque el equipo del municipio, la ciudadan\u00eda, m\u00e9dicos, universidades y mercados se unen para arrancar con las Jornadas M\u00e9dicas Quijotes 2024.\u201d<\/p>\n\n\n\n<p>Como una acci\u00f3n destacada de las Jornadas M\u00e9dicas Quijotes 2024 se donar\u00e1n al 100% dentaduras completas o pr\u00f3tesis dentales parciales a quienes as\u00ed lo requieran. Para acceder a este beneficio ser\u00e1 necesario asistir a una valoraci\u00f3n previa el s\u00e1bado 31 de agosto de 10:00 a 13:00 horas en el CADI.<\/p>\n\n\n\n<p>\u00bfC\u00f3mo llegar a las Jornadas M\u00e9dicas Quijotes 2024?<\/p>\n\n\n\n<p>Partiendo del Parque del Amor, hay que dirigirse hacia la Central de Abasto por la ribera del R\u00edo Atoyac (calle Constituyentes), hasta llegar a la zona donde se vende madera. La entrada al CADI se encuentra a un costado del local n\u00famero 6 de la zona de madera.<\/p>\n\n\n\n<p>Este es el tercer a\u00f1o consecutivo de las \u201cJornadas M\u00e9dicas Quijotes y la Directora General del DIF Municipal, Yivsi Belem Nolasco Legaspi Indic\u00f3 que hasta la fecha, m\u00e1s de 2,200 personas ya han recogido su pase gratuito, y se espera que el n\u00famero de beneficiarios supere los 3,000.<\/p>\n\n\n\n<p>Las \u201cJornadas M\u00e9dicas Quijotes 2024\u201d demuestran el compromiso de la administraci\u00f3n municipal con el bienestar de la ciudadan\u00eda, adem\u00e1s de priorizar el acceso a servicios de salud de calidad a la poblaci\u00f3n en general, particularmente a los habitantes de Oaxaca de Ju\u00e1rez.<\/p>\n","protected":false},"excerpt":{"rendered":"<p>Del 02 al 06 de septiembre, el DIF Municipal ofrecer\u00e1 servicios m\u00e9dicos gratuitos de calidad&#8230;<\/p>\n","protected":false},"author":4,"featured_media":30930,"comment_status":"","ping_status":"open","sticky":false,"template":"","format":"standard","meta":{"footnotes":""},"categories":[9],"tags":[],"jetpack_sharing_enabled":true,"featured_image_urls":{"full":["https:\/\/contextoanalisisperiodistico.com\/wp-content\/uploads\/2024\/08\/IMG-20240830-WA0119.jpg",1404,1013,false],"thumbnail":["https:\/\/contextoanalisisperiodistico.com\/wp-content\/uploads\/2024\/08\/IMG-20240830-WA0119-150x150.jpg",150,150,true],"medium":["https:\/\/contextoanalisisperiodistico.com\/wp-content\/uploads\/2024\/08\/IMG-20240830-WA0119-300x216.jpg",300,216,true],"medium_large":["https:\/\/contextoanalisisperiodistico.com\/wp-content\/uploads\/2024\/08\/IMG-20240830-WA0119-768x554.jpg",640,462,true],"large":["https:\/\/contextoanalisisperiodistico.com\/wp-content\/uploads\/2024\/08\/IMG-20240830-WA0119-1024x739.jpg",640,462,true],"1536x1536":["https:\/\/contextoanalisisperiodistico.com\/wp-content\/uploads\/2024\/08\/IMG-20240830-WA0119.jpg",1404,1013,false],"2048x2048":["https:\/\/contextoanalisisperiodistico.com\/wp-content\/uploads\/2024\/08\/IMG-20240830-WA0119.jpg",1404,1013,false],"covernews-slider-full":["https:\/\/contextoanalisisperiodistico.com\/wp-content\/uploads\/2024\/08\/IMG-20240830-WA0119-1115x715.jpg",1115,715,true],"covernews-slider-center":["https:\/\/contextoanalisisperiodistico.com\/wp-content\/uploads\/2024\/08\/IMG-20240830-WA0119-800x500.jpg",800,500,true],"covernews-featured":["https:\/\/contextoanalisisperiodistico.com\/wp-content\/uploads\/2024\/08\/IMG-20240830-WA0119-1024x739.jpg",1024,739,true],"covernews-medium":["https:\/\/contextoanalisisperiodistico.com\/wp-content\/uploads\/2024\/08\/IMG-20240830-WA0119-540x340.jpg",540,340,true],"covernews-medium-square":["https:\/\/contextoanalisisperiodistico.com\/wp-content\/uploads\/2024\/08\/IMG-20240830-WA0119-400x250.jpg",400,250,true]},"author_info":{"display_name":"Mario Gir\u00f3n","author_link":"https:\/\/contextoanalisisperiodistico.com\/index.php\/author\/director\/"},"category_info":"<a href=\"https:\/\/contextoanalisisperiodistico.com\/index.php\/category\/politica\/\" rel=\"category tag\">Pol\u00edtica<\/a>","tag_info":"Pol\u00edtica","comment_count":"0","jetpack_featured_media_url":"https:\/\/contextoanalisisperiodistico.com\/wp-content\/uploads\/2024\/08\/IMG-20240830-WA0119.jpg","_links":{"self":[{"href":"https:\/\/contextoanalisisperiodistico.com\/index.php\/wp-json\/wp\/v2\/posts\/30933"}],"collection":[{"href":"https:\/\/contextoanalisisperiodistico.com\/index.php\/wp-json\/wp\/v2\/posts"}],"about":[{"href":"https:\/\/contextoanalisisperiodistico.com\/index.php\/wp-json\/wp\/v2\/types\/post"}],"author":[{"embeddable":true,"href":"https:\/\/contextoanalisisperiodistico.com\/index.php\/wp-json\/wp\/v2\/users\/4"}],"replies":[{"embeddable":true,"href":"https:\/\/contextoanalisisperiodistico.com\/index.php\/wp-json\/wp\/v2\/comments?post=30933"}],"version-history":[{"count":0,"href":"https:\/\/contextoanalisisperiodistico.com\/index.php\/wp-json\/wp\/v2\/posts\/30933\/revisions"}],"wp:featuredmedia":[{"embeddable":true,"href":"https:\/\/contextoanalisisperiodistico.com\/index.php\/wp-json\/wp\/v2\/media\/30930"}],"wp:attachment":[{"href":"https:\/\/contextoanalisisperiodistico.com\/index.php\/wp-json\/wp\/v2\/media?parent=30933"}],"wp:term":[{"taxonomy":"category","embeddable":true,"href":"https:\/\/contextoanalisisperiodistico.com\/index.php\/wp-json\/wp\/v2\/categories?post=30933"},{"taxonomy":"post_tag","embeddable":true,"href":"https:\/\/contextoanalisisperiodistico.com\/index.php\/wp-json\/wp\/v2\/tags?post=30933"}],"curies":[{"name":"wp","href":"https:\/\/api.w.org\/{rel}","templated":true}]}}