{"id":30928,"date":"2024-08-30T14:36:17","date_gmt":"2024-08-30T20:36:17","guid":{"rendered":"https:\/\/contextoanalisisperiodistico.com\/index.php\/2024\/08\/30\/comenzo-xxv-encuentro-nacional-de-juegos-y-deportes-autoctonos-y-tradicionales-2024\/"},"modified":"2024-08-30T14:37:33","modified_gmt":"2024-08-30T20:37:33","slug":"comenzo-xxv-encuentro-nacional-de-juegos-y-deportes-autoctonos-y-tradicionales-2024","status":"publish","type":"post","link":"https:\/\/contextoanalisisperiodistico.com\/index.php\/2024\/08\/30\/comenzo-xxv-encuentro-nacional-de-juegos-y-deportes-autoctonos-y-tradicionales-2024\/","title":{"rendered":"Comenz\u00f3 XXV Encuentro Nacional de Juegos y Deportes Aut\u00f3ctonos y Tradicionales 2024"},"content":{"rendered":"<div id=\"fb-root\"><\/div>\n\n<p>\u2022 Atletas de 18 estados participan en el encuentro nacional<\/p>\n\n\n\n<p>Oaxaca de Ju\u00e1rez, Oax. 30 de agosto de 2024.- Con una tradicional Calenda se dio la bienvenida a las y los atletas participantes del XXV Encuentro Nacional de Juegos y Deportes Aut\u00f3ctonos y Tradicionales 2024.<\/p>\n\n\n\n<p>El recorrido se realiz\u00f3 por las principales calles de la ciudad hasta llegar al Instituto del Deporte del Estado de Oaxaca, donde comenz\u00f3 la ceremonia inaugural a las 19:00 horas.<\/p>\n\n\n\n<p>En esta edici\u00f3n participan deportistas de 18 entidades federativas: Baja California, Chiapas, Chihuahua, Ciudad de M\u00e9xico, Campeche, Colima, Durango, Guerrero, Estado de M\u00e9xico, Michoac\u00e1n, Nuevo Le\u00f3n, Puebla, Quer\u00e9taro, Sinaloa, Tabasco, Tlaxcala, Veracruz y Oaxaca.<\/p>\n\n\n\n<p>Durante el programa c\u00edvico, los representativos que participaron en el desfile de delegaciones, rindieron honores a la bandera bajo la direcci\u00f3n de la Banda de Guerra perteneciente al 54\/o Batall\u00f3n de Infanter\u00eda de la 8va. Regi\u00f3n Militar.<\/p>\n\n\n\n<p>El evento fue encabezado por Ana Claudia Collado Garc\u00eda, presidenta de la Federaci\u00f3n Mexicana de Juegos y Deportes Aut\u00f3ctonos y Tradicionales, acompa\u00f1ada del director general del Instituto del Deporte (Indeporte) Arturo de Jes\u00fas Ch\u00e1vez Ram\u00edrez.<\/p>\n\n\n\n<p>En su participaci\u00f3n, Claudia Collado mencion\u00f3 que este evento y sus concursantes salvaguardan la herencia e identidad de los pueblos originarios de M\u00e9xico.<\/p>\n\n\n\n<p>Asimismo, el titular de la dependencia dirigi\u00f3 un mensaje a las ocho culturas ind\u00edgenas presentes y al p\u00fablico en general. Enfatiz\u00f3 que el rescate y la preservaci\u00f3n de estos juegos es una forma de preservar el patrimonio cultural para que las futuras generaciones valoren nuestras costumbres y tradiciones.<\/p>\n\n\n\n<p>Con esta acci\u00f3n, el gobierno de la Primavera Oaxaque\u00f1a, fomenta el deporte y las pr\u00e1cticas ancestrales, su importancia en la identidad cultural del pa\u00eds, e incentiva la formaci\u00f3n de una sociedad libre violencia.<\/p>\n\n\n\n<p>-0-<\/p>\n\n\n\n<p><\/p>\n\n\n\n<figure class=\"wp-block-image size-large\"><img fetchpriority=\"high\" decoding=\"async\" width=\"1024\" height=\"682\" src=\"https:\/\/contextoanalisisperiodistico.com\/wp-content\/uploads\/2024\/08\/img-20240830-wa00653243746871917172304-1024x682.jpg\" alt=\"\" class=\"wp-image-30924\" srcset=\"https:\/\/contextoanalisisperiodistico.com\/wp-content\/uploads\/2024\/08\/img-20240830-wa00653243746871917172304-1024x682.jpg 1024w, https:\/\/contextoanalisisperiodistico.com\/wp-content\/uploads\/2024\/08\/img-20240830-wa00653243746871917172304-300x200.jpg 300w, https:\/\/contextoanalisisperiodistico.com\/wp-content\/uploads\/2024\/08\/img-20240830-wa00653243746871917172304-768x512.jpg 768w, https:\/\/contextoanalisisperiodistico.com\/wp-content\/uploads\/2024\/08\/img-20240830-wa00653243746871917172304-1536x1023.jpg 1536w, https:\/\/contextoanalisisperiodistico.com\/wp-content\/uploads\/2024\/08\/img-20240830-wa00653243746871917172304.jpg 1600w\" sizes=\"(max-width: 1024px) 100vw, 1024px\" \/><\/figure>\n\n\n\n<figure class=\"wp-block-image\"><img decoding=\"async\" width=\"1024\" height=\"682\" src=\"https:\/\/contextoanalisisperiodistico.com\/wp-content\/uploads\/2024\/08\/img-20240830-wa00688139231651605724453-1024x682.jpg\" alt=\"\" class=\"wp-image-30922\" srcset=\"https:\/\/contextoanalisisperiodistico.com\/wp-content\/uploads\/2024\/08\/img-20240830-wa00688139231651605724453-1024x682.jpg 1024w, https:\/\/contextoanalisisperiodistico.com\/wp-content\/uploads\/2024\/08\/img-20240830-wa00688139231651605724453-300x200.jpg 300w, https:\/\/contextoanalisisperiodistico.com\/wp-content\/uploads\/2024\/08\/img-20240830-wa00688139231651605724453-768x512.jpg 768w, https:\/\/contextoanalisisperiodistico.com\/wp-content\/uploads\/2024\/08\/img-20240830-wa00688139231651605724453-1536x1023.jpg 1536w, https:\/\/contextoanalisisperiodistico.com\/wp-content\/uploads\/2024\/08\/img-20240830-wa00688139231651605724453.jpg 1600w\" sizes=\"(max-width: 1024px) 100vw, 1024px\" \/><\/figure>\n\n\n\n<figure class=\"wp-block-image\"><img decoding=\"async\" width=\"1024\" height=\"682\" src=\"https:\/\/contextoanalisisperiodistico.com\/wp-content\/uploads\/2024\/08\/img-20240830-wa00663337048022480223655-1024x682.jpg\" alt=\"\" class=\"wp-image-30925\" srcset=\"https:\/\/contextoanalisisperiodistico.com\/wp-content\/uploads\/2024\/08\/img-20240830-wa00663337048022480223655-1024x682.jpg 1024w, https:\/\/contextoanalisisperiodistico.com\/wp-content\/uploads\/2024\/08\/img-20240830-wa00663337048022480223655-300x200.jpg 300w, https:\/\/contextoanalisisperiodistico.com\/wp-content\/uploads\/2024\/08\/img-20240830-wa00663337048022480223655-768x512.jpg 768w, https:\/\/contextoanalisisperiodistico.com\/wp-content\/uploads\/2024\/08\/img-20240830-wa00663337048022480223655-1536x1023.jpg 1536w, https:\/\/contextoanalisisperiodistico.com\/wp-content\/uploads\/2024\/08\/img-20240830-wa00663337048022480223655.jpg 1600w\" sizes=\"(max-width: 1024px) 100vw, 1024px\" \/><\/figure>\n\n\n\n<figure class=\"wp-block-image\"><img loading=\"lazy\" decoding=\"async\" width=\"1024\" height=\"682\" src=\"https:\/\/contextoanalisisperiodistico.com\/wp-content\/uploads\/2024\/08\/img-20240830-wa00707531844626943643016-1024x682.jpg\" alt=\"\" class=\"wp-image-30923\" srcset=\"https:\/\/contextoanalisisperiodistico.com\/wp-content\/uploads\/2024\/08\/img-20240830-wa00707531844626943643016-1024x682.jpg 1024w, https:\/\/contextoanalisisperiodistico.com\/wp-content\/uploads\/2024\/08\/img-20240830-wa00707531844626943643016-300x200.jpg 300w, https:\/\/contextoanalisisperiodistico.com\/wp-content\/uploads\/2024\/08\/img-20240830-wa00707531844626943643016-768x512.jpg 768w, https:\/\/contextoanalisisperiodistico.com\/wp-content\/uploads\/2024\/08\/img-20240830-wa00707531844626943643016-1536x1023.jpg 1536w, https:\/\/contextoanalisisperiodistico.com\/wp-content\/uploads\/2024\/08\/img-20240830-wa00707531844626943643016.jpg 1600w\" sizes=\"(max-width: 1024px) 100vw, 1024px\" \/><\/figure>\n\n\n\n<figure class=\"wp-block-image\"><img loading=\"lazy\" decoding=\"async\" width=\"1024\" height=\"682\" src=\"https:\/\/contextoanalisisperiodistico.com\/wp-content\/uploads\/2024\/08\/img-20240830-wa00693832620993675482168-1024x682.jpg\" alt=\"\" class=\"wp-image-30926\" srcset=\"https:\/\/contextoanalisisperiodistico.com\/wp-content\/uploads\/2024\/08\/img-20240830-wa00693832620993675482168-1024x682.jpg 1024w, https:\/\/contextoanalisisperiodistico.com\/wp-content\/uploads\/2024\/08\/img-20240830-wa00693832620993675482168-300x200.jpg 300w, https:\/\/contextoanalisisperiodistico.com\/wp-content\/uploads\/2024\/08\/img-20240830-wa00693832620993675482168-768x512.jpg 768w, https:\/\/contextoanalisisperiodistico.com\/wp-content\/uploads\/2024\/08\/img-20240830-wa00693832620993675482168-1536x1023.jpg 1536w, https:\/\/contextoanalisisperiodistico.com\/wp-content\/uploads\/2024\/08\/img-20240830-wa00693832620993675482168.jpg 1600w\" sizes=\"(max-width: 1024px) 100vw, 1024px\" \/><\/figure>\n\n\n\n<figure class=\"wp-block-image\"><img loading=\"lazy\" decoding=\"async\" width=\"1024\" height=\"682\" src=\"https:\/\/contextoanalisisperiodistico.com\/wp-content\/uploads\/2024\/08\/img-20240830-wa00644166993893793388037-1024x682.jpg\" alt=\"\" class=\"wp-image-30927\" srcset=\"https:\/\/contextoanalisisperiodistico.com\/wp-content\/uploads\/2024\/08\/img-20240830-wa00644166993893793388037-1024x682.jpg 1024w, https:\/\/contextoanalisisperiodistico.com\/wp-content\/uploads\/2024\/08\/img-20240830-wa00644166993893793388037-300x200.jpg 300w, https:\/\/contextoanalisisperiodistico.com\/wp-content\/uploads\/2024\/08\/img-20240830-wa00644166993893793388037-768x512.jpg 768w, https:\/\/contextoanalisisperiodistico.com\/wp-content\/uploads\/2024\/08\/img-20240830-wa00644166993893793388037-1536x1023.jpg 1536w, https:\/\/contextoanalisisperiodistico.com\/wp-content\/uploads\/2024\/08\/img-20240830-wa00644166993893793388037.jpg 1600w\" sizes=\"(max-width: 1024px) 100vw, 1024px\" \/><\/figure>\n","protected":false},"excerpt":{"rendered":"<p>\u2022 Atletas de 18 estados participan en el encuentro nacional Oaxaca de Ju\u00e1rez, Oax. 30&#8230;<\/p>\n","protected":false},"author":4,"featured_media":30921,"comment_status":"closed","ping_status":"open","sticky":false,"template":"","format":"standard","meta":{"footnotes":""},"categories":[9],"tags":[],"jetpack_sharing_enabled":true,"featured_image_urls":{"full":["https:\/\/contextoanalisisperiodistico.com\/wp-content\/uploads\/2024\/08\/IMG-20240830-WA0063.jpg",1600,1066,false],"thumbnail":["https:\/\/contextoanalisisperiodistico.com\/wp-content\/uploads\/2024\/08\/IMG-20240830-WA0063-150x150.jpg",150,150,true],"medium":["https:\/\/contextoanalisisperiodistico.com\/wp-content\/uploads\/2024\/08\/IMG-20240830-WA0063-300x200.jpg",300,200,true],"medium_large":["https:\/\/contextoanalisisperiodistico.com\/wp-content\/uploads\/2024\/08\/IMG-20240830-WA0063-768x512.jpg",640,427,true],"large":["https:\/\/contextoanalisisperiodistico.com\/wp-content\/uploads\/2024\/08\/IMG-20240830-WA0063-1024x682.jpg",640,426,true],"1536x1536":["https:\/\/contextoanalisisperiodistico.com\/wp-content\/uploads\/2024\/08\/IMG-20240830-WA0063-1536x1023.jpg",1536,1023,true],"2048x2048":["https:\/\/contextoanalisisperiodistico.com\/wp-content\/uploads\/2024\/08\/IMG-20240830-WA0063.jpg",1600,1066,false],"covernews-slider-full":["https:\/\/contextoanalisisperiodistico.com\/wp-content\/uploads\/2024\/08\/IMG-20240830-WA0063-1115x715.jpg",1115,715,true],"covernews-slider-center":["https:\/\/contextoanalisisperiodistico.com\/wp-content\/uploads\/2024\/08\/IMG-20240830-WA0063-800x500.jpg",800,500,true],"covernews-featured":["https:\/\/contextoanalisisperiodistico.com\/wp-content\/uploads\/2024\/08\/IMG-20240830-WA0063-1024x682.jpg",1024,682,true],"covernews-medium":["https:\/\/contextoanalisisperiodistico.com\/wp-content\/uploads\/2024\/08\/IMG-20240830-WA0063-540x340.jpg",540,340,true],"covernews-medium-square":["https:\/\/contextoanalisisperiodistico.com\/wp-content\/uploads\/2024\/08\/IMG-20240830-WA0063-400x250.jpg",400,250,true]},"author_info":{"display_name":"Mario Gir\u00f3n","author_link":"https:\/\/contextoanalisisperiodistico.com\/index.php\/author\/director\/"},"category_info":"<a href=\"https:\/\/contextoanalisisperiodistico.com\/index.php\/category\/politica\/\" rel=\"category tag\">Pol\u00edtica<\/a>","tag_info":"Pol\u00edtica","comment_count":"0","jetpack_featured_media_url":"https:\/\/contextoanalisisperiodistico.com\/wp-content\/uploads\/2024\/08\/IMG-20240830-WA0063.jpg","_links":{"self":[{"href":"https:\/\/contextoanalisisperiodistico.com\/index.php\/wp-json\/wp\/v2\/posts\/30928"}],"collection":[{"href":"https:\/\/contextoanalisisperiodistico.com\/index.php\/wp-json\/wp\/v2\/posts"}],"about":[{"href":"https:\/\/contextoanalisisperiodistico.com\/index.php\/wp-json\/wp\/v2\/types\/post"}],"author":[{"embeddable":true,"href":"https:\/\/contextoanalisisperiodistico.com\/index.php\/wp-json\/wp\/v2\/users\/4"}],"replies":[{"embeddable":true,"href":"https:\/\/contextoanalisisperiodistico.com\/index.php\/wp-json\/wp\/v2\/comments?post=30928"}],"version-history":[{"count":1,"href":"https:\/\/contextoanalisisperiodistico.com\/index.php\/wp-json\/wp\/v2\/posts\/30928\/revisions"}],"predecessor-version":[{"id":30929,"href":"https:\/\/contextoanalisisperiodistico.com\/index.php\/wp-json\/wp\/v2\/posts\/30928\/revisions\/30929"}],"wp:featuredmedia":[{"embeddable":true,"href":"https:\/\/contextoanalisisperiodistico.com\/index.php\/wp-json\/wp\/v2\/media\/30921"}],"wp:attachment":[{"href":"https:\/\/contextoanalisisperiodistico.com\/index.php\/wp-json\/wp\/v2\/media?parent=30928"}],"wp:term":[{"taxonomy":"category","embeddable":true,"href":"https:\/\/contextoanalisisperiodistico.com\/index.php\/wp-json\/wp\/v2\/categories?post=30928"},{"taxonomy":"post_tag","embeddable":true,"href":"https:\/\/contextoanalisisperiodistico.com\/index.php\/wp-json\/wp\/v2\/tags?post=30928"}],"curies":[{"name":"wp","href":"https:\/\/api.w.org\/{rel}","templated":true}]}}