{"id":30919,"date":"2024-08-30T14:25:16","date_gmt":"2024-08-30T20:25:16","guid":{"rendered":"https:\/\/contextoanalisisperiodistico.com\/index.php\/2024\/08\/30\/atiende-gobierno-oaxaqueno-caravana-migrante-que-ingreso-a-loma-bonita\/"},"modified":"2024-08-30T14:26:20","modified_gmt":"2024-08-30T20:26:20","slug":"atiende-gobierno-oaxaqueno-caravana-migrante-que-ingreso-a-loma-bonita","status":"publish","type":"post","link":"https:\/\/contextoanalisisperiodistico.com\/index.php\/2024\/08\/30\/atiende-gobierno-oaxaqueno-caravana-migrante-que-ingreso-a-loma-bonita\/","title":{"rendered":"Atiende Gobierno oaxaque\u00f1o caravana migrante que ingres\u00f3 a Loma Bonita"},"content":{"rendered":"<div id=\"fb-root\"><\/div>\n\n<p>Oaxaca de Ju\u00e1rez, Oax., 30 de agosto de 2024.- El Gobierno del Estado en coordinaci\u00f3n con autoridades municipales e instituciones federales activaron protocolos de atenci\u00f3n para personas integrantes de la caravana denominada Cristo Rey, que ingres\u00f3 este viernes al territorio estatal, en el municipio de Loma Bonita.<\/p>\n\n\n\n<figure class=\"wp-block-image size-large\"><img fetchpriority=\"high\" decoding=\"async\" width=\"1024\" height=\"768\" src=\"https:\/\/contextoanalisisperiodistico.com\/wp-content\/uploads\/2024\/08\/img-20240830-wa00743207082062378016839-1024x768.jpg\" alt=\"\" class=\"wp-image-30918\" srcset=\"https:\/\/contextoanalisisperiodistico.com\/wp-content\/uploads\/2024\/08\/img-20240830-wa00743207082062378016839-1024x768.jpg 1024w, https:\/\/contextoanalisisperiodistico.com\/wp-content\/uploads\/2024\/08\/img-20240830-wa00743207082062378016839-300x225.jpg 300w, https:\/\/contextoanalisisperiodistico.com\/wp-content\/uploads\/2024\/08\/img-20240830-wa00743207082062378016839-768x576.jpg 768w, https:\/\/contextoanalisisperiodistico.com\/wp-content\/uploads\/2024\/08\/img-20240830-wa00743207082062378016839.jpg 1280w\" sizes=\"(max-width: 1024px) 100vw, 1024px\" \/><\/figure>\n\n\n\n<figure class=\"wp-block-image\"><img decoding=\"async\" width=\"768\" height=\"1024\" src=\"https:\/\/contextoanalisisperiodistico.com\/wp-content\/uploads\/2024\/08\/img-20240830-wa00788753763910380284488-768x1024.jpg\" alt=\"\" class=\"wp-image-30917\" srcset=\"https:\/\/contextoanalisisperiodistico.com\/wp-content\/uploads\/2024\/08\/img-20240830-wa00788753763910380284488-768x1024.jpg 768w, https:\/\/contextoanalisisperiodistico.com\/wp-content\/uploads\/2024\/08\/img-20240830-wa00788753763910380284488-225x300.jpg 225w, https:\/\/contextoanalisisperiodistico.com\/wp-content\/uploads\/2024\/08\/img-20240830-wa00788753763910380284488-1152x1536.jpg 1152w, https:\/\/contextoanalisisperiodistico.com\/wp-content\/uploads\/2024\/08\/img-20240830-wa00788753763910380284488-1024x1365.jpg 1024w, https:\/\/contextoanalisisperiodistico.com\/wp-content\/uploads\/2024\/08\/img-20240830-wa00788753763910380284488.jpg 1200w\" sizes=\"(max-width: 768px) 100vw, 768px\" \/><\/figure>\n\n\n\n<figure class=\"wp-block-image\"><img decoding=\"async\" width=\"768\" height=\"1024\" src=\"https:\/\/contextoanalisisperiodistico.com\/wp-content\/uploads\/2024\/08\/img-20240830-wa00774323774482799268548-768x1024.jpg\" alt=\"\" class=\"wp-image-30915\" srcset=\"https:\/\/contextoanalisisperiodistico.com\/wp-content\/uploads\/2024\/08\/img-20240830-wa00774323774482799268548-768x1024.jpg 768w, https:\/\/contextoanalisisperiodistico.com\/wp-content\/uploads\/2024\/08\/img-20240830-wa00774323774482799268548-225x300.jpg 225w, https:\/\/contextoanalisisperiodistico.com\/wp-content\/uploads\/2024\/08\/img-20240830-wa00774323774482799268548.jpg 960w\" sizes=\"(max-width: 768px) 100vw, 768px\" \/><\/figure>\n\n\n\n<figure class=\"wp-block-image\"><img loading=\"lazy\" decoding=\"async\" width=\"1024\" height=\"768\" src=\"https:\/\/contextoanalisisperiodistico.com\/wp-content\/uploads\/2024\/08\/img-20240830-wa00757381661161152309690-1024x768.jpg\" alt=\"\" class=\"wp-image-30916\" srcset=\"https:\/\/contextoanalisisperiodistico.com\/wp-content\/uploads\/2024\/08\/img-20240830-wa00757381661161152309690-1024x768.jpg 1024w, https:\/\/contextoanalisisperiodistico.com\/wp-content\/uploads\/2024\/08\/img-20240830-wa00757381661161152309690-300x225.jpg 300w, https:\/\/contextoanalisisperiodistico.com\/wp-content\/uploads\/2024\/08\/img-20240830-wa00757381661161152309690-768x576.jpg 768w, https:\/\/contextoanalisisperiodistico.com\/wp-content\/uploads\/2024\/08\/img-20240830-wa00757381661161152309690.jpg 1280w\" sizes=\"(max-width: 1024px) 100vw, 1024px\" \/><\/figure>\n\n\n\n<p>De acuerdo con la Secretar\u00eda de Gobierno (Sego), a trav\u00e9s de la Direcci\u00f3n de Migraci\u00f3n Oaxaque\u00f1a, la caravana de personas en tr\u00e1nsito est\u00e1 conformada por 284 hombres, 181 mujeres y 143 ni\u00f1as, ni\u00f1os y adolescentes (NNA), un total de 608 personas.<\/p>\n\n\n\n<p>Las acciones de seguridad, monitoreo y acompa\u00f1amiento son realizadas por la Polic\u00eda Vial Estatal, Polic\u00eda Estatal, la Delegaci\u00f3n de Paz en el distrito 03 de Loma Bonita Oaxaca, el Instituto Nacional de Migraci\u00f3n (INM), Grupo Beta y Guardia Nacional.<\/p>\n\n\n\n<p>Asimismo, instancias gubernamentales otorgan asesor\u00edas legales migratorias, de derechos humanos y ayuda humanitaria.<\/p>\n\n\n\n<p>Durante el paso de grupos de personas migrantes por el territorio oaxaque\u00f1o, instituciones como el Secretariado Ejecutivo del Sistema de Protecci\u00f3n Integral de Ni\u00f1as, Ni\u00f1os y Adolescentes de Oaxaca, (SE-Sipinna), la Coordinaci\u00f3n de Atenci\u00f3n a los Derechos Humanos del Poder Ejecutivo (CADH), el Sistema Estatal para el Desarrollo Integral de la Familia (DIF), la Universidad Aut\u00f3noma Benito Ju\u00e1rez de Oaxaca (UABJO), organizaciones de la sociedad civil y autoridades municipales, se encargan de brindar estos servicios.<\/p>\n\n\n\n<p>Se espera que la caravana Cristo Rey pernocte durante las siguientes 48 horas en el territorio estatal, para despu\u00e9s continuar su curso hacia el municipio de Tierra Blanca, Veracruz, con trayecto hacia la capital del pa\u00eds.<\/p>\n\n\n\n<p>-0-<\/p>\n","protected":false},"excerpt":{"rendered":"<p>Oaxaca de Ju\u00e1rez, Oax., 30 de agosto de 2024.- El Gobierno del Estado en coordinaci\u00f3n&#8230;<\/p>\n","protected":false},"author":4,"featured_media":30914,"comment_status":"closed","ping_status":"open","sticky":false,"template":"","format":"standard","meta":{"footnotes":""},"categories":[9],"tags":[],"jetpack_sharing_enabled":true,"featured_image_urls":{"full":["https:\/\/contextoanalisisperiodistico.com\/wp-content\/uploads\/2024\/08\/IMG-20240830-WA0076.jpg",1280,960,false],"thumbnail":["https:\/\/contextoanalisisperiodistico.com\/wp-content\/uploads\/2024\/08\/IMG-20240830-WA0076-150x150.jpg",150,150,true],"medium":["https:\/\/contextoanalisisperiodistico.com\/wp-content\/uploads\/2024\/08\/IMG-20240830-WA0076-300x225.jpg",300,225,true],"medium_large":["https:\/\/contextoanalisisperiodistico.com\/wp-content\/uploads\/2024\/08\/IMG-20240830-WA0076-768x576.jpg",640,480,true],"large":["https:\/\/contextoanalisisperiodistico.com\/wp-content\/uploads\/2024\/08\/IMG-20240830-WA0076-1024x768.jpg",640,480,true],"1536x1536":["https:\/\/contextoanalisisperiodistico.com\/wp-content\/uploads\/2024\/08\/IMG-20240830-WA0076.jpg",1280,960,false],"2048x2048":["https:\/\/contextoanalisisperiodistico.com\/wp-content\/uploads\/2024\/08\/IMG-20240830-WA0076.jpg",1280,960,false],"covernews-slider-full":["https:\/\/contextoanalisisperiodistico.com\/wp-content\/uploads\/2024\/08\/IMG-20240830-WA0076-1115x715.jpg",1115,715,true],"covernews-slider-center":["https:\/\/contextoanalisisperiodistico.com\/wp-content\/uploads\/2024\/08\/IMG-20240830-WA0076-800x500.jpg",800,500,true],"covernews-featured":["https:\/\/contextoanalisisperiodistico.com\/wp-content\/uploads\/2024\/08\/IMG-20240830-WA0076-1024x768.jpg",1024,768,true],"covernews-medium":["https:\/\/contextoanalisisperiodistico.com\/wp-content\/uploads\/2024\/08\/IMG-20240830-WA0076-540x340.jpg",540,340,true],"covernews-medium-square":["https:\/\/contextoanalisisperiodistico.com\/wp-content\/uploads\/2024\/08\/IMG-20240830-WA0076-400x250.jpg",400,250,true]},"author_info":{"display_name":"Mario Gir\u00f3n","author_link":"https:\/\/contextoanalisisperiodistico.com\/index.php\/author\/director\/"},"category_info":"<a href=\"https:\/\/contextoanalisisperiodistico.com\/index.php\/category\/politica\/\" rel=\"category tag\">Pol\u00edtica<\/a>","tag_info":"Pol\u00edtica","comment_count":"0","jetpack_featured_media_url":"https:\/\/contextoanalisisperiodistico.com\/wp-content\/uploads\/2024\/08\/IMG-20240830-WA0076.jpg","_links":{"self":[{"href":"https:\/\/contextoanalisisperiodistico.com\/index.php\/wp-json\/wp\/v2\/posts\/30919"}],"collection":[{"href":"https:\/\/contextoanalisisperiodistico.com\/index.php\/wp-json\/wp\/v2\/posts"}],"about":[{"href":"https:\/\/contextoanalisisperiodistico.com\/index.php\/wp-json\/wp\/v2\/types\/post"}],"author":[{"embeddable":true,"href":"https:\/\/contextoanalisisperiodistico.com\/index.php\/wp-json\/wp\/v2\/users\/4"}],"replies":[{"embeddable":true,"href":"https:\/\/contextoanalisisperiodistico.com\/index.php\/wp-json\/wp\/v2\/comments?post=30919"}],"version-history":[{"count":1,"href":"https:\/\/contextoanalisisperiodistico.com\/index.php\/wp-json\/wp\/v2\/posts\/30919\/revisions"}],"predecessor-version":[{"id":30920,"href":"https:\/\/contextoanalisisperiodistico.com\/index.php\/wp-json\/wp\/v2\/posts\/30919\/revisions\/30920"}],"wp:featuredmedia":[{"embeddable":true,"href":"https:\/\/contextoanalisisperiodistico.com\/index.php\/wp-json\/wp\/v2\/media\/30914"}],"wp:attachment":[{"href":"https:\/\/contextoanalisisperiodistico.com\/index.php\/wp-json\/wp\/v2\/media?parent=30919"}],"wp:term":[{"taxonomy":"category","embeddable":true,"href":"https:\/\/contextoanalisisperiodistico.com\/index.php\/wp-json\/wp\/v2\/categories?post=30919"},{"taxonomy":"post_tag","embeddable":true,"href":"https:\/\/contextoanalisisperiodistico.com\/index.php\/wp-json\/wp\/v2\/tags?post=30919"}],"curies":[{"name":"wp","href":"https:\/\/api.w.org\/{rel}","templated":true}]}}