{"id":30903,"date":"2024-08-30T13:38:07","date_gmt":"2024-08-30T19:38:07","guid":{"rendered":"https:\/\/contextoanalisisperiodistico.com\/index.php\/2024\/08\/30\/ultimos-detalles-para-la-proxima-jornada-medica-quijotes-2024\/"},"modified":"2024-08-30T13:47:01","modified_gmt":"2024-08-30T19:47:01","slug":"ultimos-detalles-para-la-proxima-jornada-medica-quijotes-2024","status":"publish","type":"post","link":"https:\/\/contextoanalisisperiodistico.com\/index.php\/2024\/08\/30\/ultimos-detalles-para-la-proxima-jornada-medica-quijotes-2024\/","title":{"rendered":"\u00daltimos detalles para la pr\u00f3xima jornada M\u00e9dica Quijotes 2024"},"content":{"rendered":"<div id=\"fb-root\"><\/div>\n\n<p>Yisvi Bel\u00e9n Nolasco, Directora del DIF municipal de Oaxaca de Ju\u00e1rez, explica sobre el arranque de la pr\u00f3xima Jornada M\u00e9dica Quijotes 2024, el 2 de septiembre de 2024<\/p>\n\n\n\n<figure class=\"wp-block-image size-large\"><img fetchpriority=\"high\" decoding=\"async\" width=\"720\" height=\"400\" src=\"https:\/\/contextoanalisisperiodistico.com\/wp-content\/uploads\/2024\/08\/screenshot_2024-08-30-13-22-10-64_6012fa4d4ddec268fc5c7112cbb265e72144616833701046435.jpg\" alt=\"\" class=\"wp-image-30904\" srcset=\"https:\/\/contextoanalisisperiodistico.com\/wp-content\/uploads\/2024\/08\/screenshot_2024-08-30-13-22-10-64_6012fa4d4ddec268fc5c7112cbb265e72144616833701046435.jpg 720w, https:\/\/contextoanalisisperiodistico.com\/wp-content\/uploads\/2024\/08\/screenshot_2024-08-30-13-22-10-64_6012fa4d4ddec268fc5c7112cbb265e72144616833701046435-300x167.jpg 300w\" sizes=\"(max-width: 720px) 100vw, 720px\" \/><\/figure>\n\n\n\n<figure class=\"wp-block-video\"><video controls src=\"https:\/\/contextoanalisisperiodistico.com\/wp-content\/uploads\/2024\/08\/VID-20240830-WA0073.mp4\"><\/video><\/figure>\n","protected":false},"excerpt":{"rendered":"<p>Yisvi Bel\u00e9n Nolasco, Directora del DIF municipal de Oaxaca de Ju\u00e1rez, explica sobre el arranque&#8230;<\/p>\n","protected":false},"author":4,"featured_media":30901,"comment_status":"closed","ping_status":"open","sticky":false,"template":"","format":"standard","meta":{"footnotes":""},"categories":[9],"tags":[],"jetpack_sharing_enabled":true,"featured_image_urls":{"full":["https:\/\/contextoanalisisperiodistico.com\/wp-content\/uploads\/2024\/08\/Screenshot_2024-08-30-13-22-10-64_6012fa4d4ddec268fc5c7112cbb265e7.jpg",720,400,false],"thumbnail":["https:\/\/contextoanalisisperiodistico.com\/wp-content\/uploads\/2024\/08\/Screenshot_2024-08-30-13-22-10-64_6012fa4d4ddec268fc5c7112cbb265e7-150x150.jpg",150,150,true],"medium":["https:\/\/contextoanalisisperiodistico.com\/wp-content\/uploads\/2024\/08\/Screenshot_2024-08-30-13-22-10-64_6012fa4d4ddec268fc5c7112cbb265e7-300x167.jpg",300,167,true],"medium_large":["https:\/\/contextoanalisisperiodistico.com\/wp-content\/uploads\/2024\/08\/Screenshot_2024-08-30-13-22-10-64_6012fa4d4ddec268fc5c7112cbb265e7.jpg",640,356,false],"large":["https:\/\/contextoanalisisperiodistico.com\/wp-content\/uploads\/2024\/08\/Screenshot_2024-08-30-13-22-10-64_6012fa4d4ddec268fc5c7112cbb265e7.jpg",640,356,false],"1536x1536":["https:\/\/contextoanalisisperiodistico.com\/wp-content\/uploads\/2024\/08\/Screenshot_2024-08-30-13-22-10-64_6012fa4d4ddec268fc5c7112cbb265e7.jpg",720,400,false],"2048x2048":["https:\/\/contextoanalisisperiodistico.com\/wp-content\/uploads\/2024\/08\/Screenshot_2024-08-30-13-22-10-64_6012fa4d4ddec268fc5c7112cbb265e7.jpg",720,400,false],"covernews-slider-full":["https:\/\/contextoanalisisperiodistico.com\/wp-content\/uploads\/2024\/08\/Screenshot_2024-08-30-13-22-10-64_6012fa4d4ddec268fc5c7112cbb265e7.jpg",720,400,false],"covernews-slider-center":["https:\/\/contextoanalisisperiodistico.com\/wp-content\/uploads\/2024\/08\/Screenshot_2024-08-30-13-22-10-64_6012fa4d4ddec268fc5c7112cbb265e7.jpg",720,400,false],"covernews-featured":["https:\/\/contextoanalisisperiodistico.com\/wp-content\/uploads\/2024\/08\/Screenshot_2024-08-30-13-22-10-64_6012fa4d4ddec268fc5c7112cbb265e7.jpg",720,400,false],"covernews-medium":["https:\/\/contextoanalisisperiodistico.com\/wp-content\/uploads\/2024\/08\/Screenshot_2024-08-30-13-22-10-64_6012fa4d4ddec268fc5c7112cbb265e7-540x340.jpg",540,340,true],"covernews-medium-square":["https:\/\/contextoanalisisperiodistico.com\/wp-content\/uploads\/2024\/08\/Screenshot_2024-08-30-13-22-10-64_6012fa4d4ddec268fc5c7112cbb265e7-400x250.jpg",400,250,true]},"author_info":{"display_name":"Mario Gir\u00f3n","author_link":"https:\/\/contextoanalisisperiodistico.com\/index.php\/author\/director\/"},"category_info":"<a href=\"https:\/\/contextoanalisisperiodistico.com\/index.php\/category\/politica\/\" rel=\"category tag\">Pol\u00edtica<\/a>","tag_info":"Pol\u00edtica","comment_count":"0","jetpack_featured_media_url":"https:\/\/contextoanalisisperiodistico.com\/wp-content\/uploads\/2024\/08\/Screenshot_2024-08-30-13-22-10-64_6012fa4d4ddec268fc5c7112cbb265e7.jpg","_links":{"self":[{"href":"https:\/\/contextoanalisisperiodistico.com\/index.php\/wp-json\/wp\/v2\/posts\/30903"}],"collection":[{"href":"https:\/\/contextoanalisisperiodistico.com\/index.php\/wp-json\/wp\/v2\/posts"}],"about":[{"href":"https:\/\/contextoanalisisperiodistico.com\/index.php\/wp-json\/wp\/v2\/types\/post"}],"author":[{"embeddable":true,"href":"https:\/\/contextoanalisisperiodistico.com\/index.php\/wp-json\/wp\/v2\/users\/4"}],"replies":[{"embeddable":true,"href":"https:\/\/contextoanalisisperiodistico.com\/index.php\/wp-json\/wp\/v2\/comments?post=30903"}],"version-history":[{"count":2,"href":"https:\/\/contextoanalisisperiodistico.com\/index.php\/wp-json\/wp\/v2\/posts\/30903\/revisions"}],"predecessor-version":[{"id":30906,"href":"https:\/\/contextoanalisisperiodistico.com\/index.php\/wp-json\/wp\/v2\/posts\/30903\/revisions\/30906"}],"wp:featuredmedia":[{"embeddable":true,"href":"https:\/\/contextoanalisisperiodistico.com\/index.php\/wp-json\/wp\/v2\/media\/30901"}],"wp:attachment":[{"href":"https:\/\/contextoanalisisperiodistico.com\/index.php\/wp-json\/wp\/v2\/media?parent=30903"}],"wp:term":[{"taxonomy":"category","embeddable":true,"href":"https:\/\/contextoanalisisperiodistico.com\/index.php\/wp-json\/wp\/v2\/categories?post=30903"},{"taxonomy":"post_tag","embeddable":true,"href":"https:\/\/contextoanalisisperiodistico.com\/index.php\/wp-json\/wp\/v2\/tags?post=30903"}],"curies":[{"name":"wp","href":"https:\/\/api.w.org\/{rel}","templated":true}]}}