{"id":30900,"date":"2024-08-30T09:17:01","date_gmt":"2024-08-30T15:17:01","guid":{"rendered":"https:\/\/contextoanalisisperiodistico.com\/index.php\/2024\/08\/30\/con-mas-de-9-mdp-gobierno-de-oaxaca-detona-el-desarrollo-de-san-juan-juquila-mixes\/"},"modified":"2024-08-30T09:17:01","modified_gmt":"2024-08-30T15:17:01","slug":"con-mas-de-9-mdp-gobierno-de-oaxaca-detona-el-desarrollo-de-san-juan-juquila-mixes","status":"publish","type":"post","link":"https:\/\/contextoanalisisperiodistico.com\/index.php\/2024\/08\/30\/con-mas-de-9-mdp-gobierno-de-oaxaca-detona-el-desarrollo-de-san-juan-juquila-mixes\/","title":{"rendered":"Con m\u00e1s de 9 mdp, Gobierno de Oaxaca detona el desarrollo de San Juan Juquila Mixes"},"content":{"rendered":"<div id=\"fb-root\"><\/div>\n\n<p>\u2022 Mediante la estrategia Atenci\u00f3n a Municipios Territorios Bienestar, el Gobierno del Estado realizar\u00e1 100 pisos firmes<\/p>\n\n\n\n<figure class=\"wp-block-image size-large\"><img fetchpriority=\"high\" decoding=\"async\" width=\"900\" height=\"600\" src=\"https:\/\/contextoanalisisperiodistico.com\/wp-content\/uploads\/2024\/08\/img-20240830-wa00172456396463644131953.jpg\" alt=\"\" class=\"wp-image-30896\" srcset=\"https:\/\/contextoanalisisperiodistico.com\/wp-content\/uploads\/2024\/08\/img-20240830-wa00172456396463644131953.jpg 900w, https:\/\/contextoanalisisperiodistico.com\/wp-content\/uploads\/2024\/08\/img-20240830-wa00172456396463644131953-300x200.jpg 300w, https:\/\/contextoanalisisperiodistico.com\/wp-content\/uploads\/2024\/08\/img-20240830-wa00172456396463644131953-768x512.jpg 768w\" sizes=\"(max-width: 900px) 100vw, 900px\" \/><\/figure>\n\n\n\n<figure class=\"wp-block-image\"><img decoding=\"async\" width=\"300\" height=\"200\" src=\"https:\/\/contextoanalisisperiodistico.com\/wp-content\/uploads\/2024\/08\/img-20240830-wa00182055392753735279702-300x200.jpg\" alt=\"\" class=\"wp-image-30897\" srcset=\"https:\/\/contextoanalisisperiodistico.com\/wp-content\/uploads\/2024\/08\/img-20240830-wa00182055392753735279702-300x200.jpg 300w, https:\/\/contextoanalisisperiodistico.com\/wp-content\/uploads\/2024\/08\/img-20240830-wa00182055392753735279702-768x512.jpg 768w, https:\/\/contextoanalisisperiodistico.com\/wp-content\/uploads\/2024\/08\/img-20240830-wa00182055392753735279702.jpg 900w\" sizes=\"(max-width: 300px) 100vw, 300px\" \/><\/figure>\n\n\n\n<figure class=\"wp-block-image\"><img decoding=\"async\" width=\"300\" height=\"200\" src=\"https:\/\/contextoanalisisperiodistico.com\/wp-content\/uploads\/2024\/08\/img-20240830-wa00215924917409332388232-300x200.jpg\" alt=\"\" class=\"wp-image-30898\" srcset=\"https:\/\/contextoanalisisperiodistico.com\/wp-content\/uploads\/2024\/08\/img-20240830-wa00215924917409332388232-300x200.jpg 300w, https:\/\/contextoanalisisperiodistico.com\/wp-content\/uploads\/2024\/08\/img-20240830-wa00215924917409332388232-768x512.jpg 768w, https:\/\/contextoanalisisperiodistico.com\/wp-content\/uploads\/2024\/08\/img-20240830-wa00215924917409332388232.jpg 900w\" sizes=\"(max-width: 300px) 100vw, 300px\" \/><\/figure>\n\n\n\n<figure class=\"wp-block-image\"><img loading=\"lazy\" decoding=\"async\" width=\"300\" height=\"200\" src=\"https:\/\/contextoanalisisperiodistico.com\/wp-content\/uploads\/2024\/08\/img-20240830-wa0020934609619574008098-300x200.jpg\" alt=\"\" class=\"wp-image-30899\" srcset=\"https:\/\/contextoanalisisperiodistico.com\/wp-content\/uploads\/2024\/08\/img-20240830-wa0020934609619574008098-300x200.jpg 300w, https:\/\/contextoanalisisperiodistico.com\/wp-content\/uploads\/2024\/08\/img-20240830-wa0020934609619574008098-768x512.jpg 768w, https:\/\/contextoanalisisperiodistico.com\/wp-content\/uploads\/2024\/08\/img-20240830-wa0020934609619574008098.jpg 900w\" sizes=\"(max-width: 300px) 100vw, 300px\" \/><\/figure>\n\n\n\n<p>San Juan Juquila Mixes, Oax. 30 de agosto de 2024.- Este municipio de la Sierra Sur tendr\u00e1 acciones que impulsen el desarrollo de su poblaci\u00f3n como obras de vivienda, educaci\u00f3n, programas alimentarios y sociales, anunci\u00f3 el Gobernador Salom\u00f3n Jara Cruz.<\/p>\n\n\n\n<p>Al arribar al municipio de San Juan Juquila Mixes para dar a conocer una inversi\u00f3n de 9 millones 272 mil pesos, el titular del Poder Ejecutivo inform\u00f3 que a trav\u00e9s de la estrategia Atenci\u00f3n a Municipios Territorios Bienestar, Vivienda Bienestar (Vibien) invertir\u00e1 un mill\u00f3n 600 mil pesos para la construcci\u00f3n de 100 pisos firmes.<\/p>\n\n\n\n<p>El Sistema para el Desarrollo Integral de la Familia (DIF) Oaxaca implementa el programa Itacate de Mi Coraz\u00f3n en beneficio de 126 personas, con recursos por el orden de 322 mil 247 pesos.<\/p>\n\n\n\n<p>La Secretar\u00eda de Bienestar, Tequio e Inclusi\u00f3n (Sebienti) destina 624 mil pesos para 52 jefas de familia en situaci\u00f3n de pobreza extrema que forman parte del programa Tarjeta Margarita Maza.<\/p>\n\n\n\n<p>Con un monto de 435 mil 708 pesos y a trav\u00e9s del programa Autosuficiencia Alimentaria, la Secretar\u00eda de Fomento Agroalimentario y Desarrollo Rural (Sefader) brinda capacitaci\u00f3n, asesor\u00eda t\u00e9cnica, insumos y bioinsumos para la producci\u00f3n de ma\u00edz, frijol y hortalizas a favor de 91 personas beneficiarias.<\/p>\n\n\n\n<p>El Instituto Estatal de Educaci\u00f3n P\u00fablica de Oaxaca (IEEPO) otorgar\u00e1 850 mil pesos para lotes de mobiliario, computadoras, impresoras, pizarrones, archiveros, proyectores, sillas y mesas para maestro, as\u00ed como material de aseo, deportivo y de oficina a siete escuelas de nivel b\u00e1sico, respectivamente.<\/p>\n\n\n\n<p>Adem\u00e1s, en d\u00edas pasados entreg\u00f3 equipamiento a tres escuelas de esta municipalidad con una inversi\u00f3n de 168 mil 732 pesos.<\/p>\n\n\n\n<p>Por su parte, el Instituto Oaxaque\u00f1o Constructor de Infraestructura Educativa (Iocied) canalizar\u00e1 5 millones 200 mil pesos para atender a seis instituciones con la edificaci\u00f3n de aulas de medios, audiovisual, direcci\u00f3n, \u00e1rea de juegos, as\u00ed como la rehabilitaci\u00f3n de sanitarios y la entrega de ventiladores.<\/p>\n\n\n\n<p>Asimismo, realizar\u00e1 estudios t\u00e9cnicos para una barda perimetral y dos techados en tres escuelas de esta demarcaci\u00f3n, respectivamente, y apoyar\u00e1 a una banda de m\u00fasica infantil con la mitad de sus instrumentos.<\/p>\n\n\n\n<p>-0-<\/p>\n","protected":false},"excerpt":{"rendered":"<p>\u2022 Mediante la estrategia Atenci\u00f3n a Municipios Territorios Bienestar, el Gobierno del Estado realizar\u00e1 100&#8230;<\/p>\n","protected":false},"author":4,"featured_media":30895,"comment_status":"","ping_status":"open","sticky":false,"template":"","format":"standard","meta":{"footnotes":""},"categories":[9],"tags":[],"jetpack_sharing_enabled":true,"featured_image_urls":{"full":["https:\/\/contextoanalisisperiodistico.com\/wp-content\/uploads\/2024\/08\/IMG-20240830-WA0019.jpg",900,600,false],"thumbnail":["https:\/\/contextoanalisisperiodistico.com\/wp-content\/uploads\/2024\/08\/IMG-20240830-WA0019-150x150.jpg",150,150,true],"medium":["https:\/\/contextoanalisisperiodistico.com\/wp-content\/uploads\/2024\/08\/IMG-20240830-WA0019-300x200.jpg",300,200,true],"medium_large":["https:\/\/contextoanalisisperiodistico.com\/wp-content\/uploads\/2024\/08\/IMG-20240830-WA0019-768x512.jpg",640,427,true],"large":["https:\/\/contextoanalisisperiodistico.com\/wp-content\/uploads\/2024\/08\/IMG-20240830-WA0019.jpg",640,427,false],"1536x1536":["https:\/\/contextoanalisisperiodistico.com\/wp-content\/uploads\/2024\/08\/IMG-20240830-WA0019.jpg",900,600,false],"2048x2048":["https:\/\/contextoanalisisperiodistico.com\/wp-content\/uploads\/2024\/08\/IMG-20240830-WA0019.jpg",900,600,false],"covernews-slider-full":["https:\/\/contextoanalisisperiodistico.com\/wp-content\/uploads\/2024\/08\/IMG-20240830-WA0019.jpg",900,600,false],"covernews-slider-center":["https:\/\/contextoanalisisperiodistico.com\/wp-content\/uploads\/2024\/08\/IMG-20240830-WA0019-800x500.jpg",800,500,true],"covernews-featured":["https:\/\/contextoanalisisperiodistico.com\/wp-content\/uploads\/2024\/08\/IMG-20240830-WA0019.jpg",900,600,false],"covernews-medium":["https:\/\/contextoanalisisperiodistico.com\/wp-content\/uploads\/2024\/08\/IMG-20240830-WA0019-540x340.jpg",540,340,true],"covernews-medium-square":["https:\/\/contextoanalisisperiodistico.com\/wp-content\/uploads\/2024\/08\/IMG-20240830-WA0019-400x250.jpg",400,250,true]},"author_info":{"display_name":"Mario Gir\u00f3n","author_link":"https:\/\/contextoanalisisperiodistico.com\/index.php\/author\/director\/"},"category_info":"<a href=\"https:\/\/contextoanalisisperiodistico.com\/index.php\/category\/politica\/\" rel=\"category tag\">Pol\u00edtica<\/a>","tag_info":"Pol\u00edtica","comment_count":"0","jetpack_featured_media_url":"https:\/\/contextoanalisisperiodistico.com\/wp-content\/uploads\/2024\/08\/IMG-20240830-WA0019.jpg","_links":{"self":[{"href":"https:\/\/contextoanalisisperiodistico.com\/index.php\/wp-json\/wp\/v2\/posts\/30900"}],"collection":[{"href":"https:\/\/contextoanalisisperiodistico.com\/index.php\/wp-json\/wp\/v2\/posts"}],"about":[{"href":"https:\/\/contextoanalisisperiodistico.com\/index.php\/wp-json\/wp\/v2\/types\/post"}],"author":[{"embeddable":true,"href":"https:\/\/contextoanalisisperiodistico.com\/index.php\/wp-json\/wp\/v2\/users\/4"}],"replies":[{"embeddable":true,"href":"https:\/\/contextoanalisisperiodistico.com\/index.php\/wp-json\/wp\/v2\/comments?post=30900"}],"version-history":[{"count":0,"href":"https:\/\/contextoanalisisperiodistico.com\/index.php\/wp-json\/wp\/v2\/posts\/30900\/revisions"}],"wp:featuredmedia":[{"embeddable":true,"href":"https:\/\/contextoanalisisperiodistico.com\/index.php\/wp-json\/wp\/v2\/media\/30895"}],"wp:attachment":[{"href":"https:\/\/contextoanalisisperiodistico.com\/index.php\/wp-json\/wp\/v2\/media?parent=30900"}],"wp:term":[{"taxonomy":"category","embeddable":true,"href":"https:\/\/contextoanalisisperiodistico.com\/index.php\/wp-json\/wp\/v2\/categories?post=30900"},{"taxonomy":"post_tag","embeddable":true,"href":"https:\/\/contextoanalisisperiodistico.com\/index.php\/wp-json\/wp\/v2\/tags?post=30900"}],"curies":[{"name":"wp","href":"https:\/\/api.w.org\/{rel}","templated":true}]}}