{"id":30893,"date":"2024-08-30T08:56:11","date_gmt":"2024-08-30T14:56:11","guid":{"rendered":"https:\/\/contextoanalisisperiodistico.com\/index.php\/2024\/08\/30\/continua-el-municipio-luchando-contra-el-dengue-con-brigadas-recorriendo-la-ciudad\/"},"modified":"2024-08-30T09:08:33","modified_gmt":"2024-08-30T15:08:33","slug":"continua-el-municipio-luchando-contra-el-dengue-con-brigadas-recorriendo-la-ciudad","status":"publish","type":"post","link":"https:\/\/contextoanalisisperiodistico.com\/index.php\/2024\/08\/30\/continua-el-municipio-luchando-contra-el-dengue-con-brigadas-recorriendo-la-ciudad\/","title":{"rendered":"Contin\u00faa el Municipio luchando contra el dengue con brigadas recorriendo la ciudad"},"content":{"rendered":"<div id=\"fb-root\"><\/div>\n\n<p>Oaxaca de Ju\u00e1rez, Oax., 29 de agosto de 2024.- El Ayuntamiento de Oaxaca de Ju\u00e1rez tiene como prioridad proteger la salud de la ciudadan\u00eda, as\u00ed que en colaboraci\u00f3n con el Gobierno del Estado, ha intensificado las acciones contra el dengue a trav\u00e9s de brigadas, que llevan ya dos meses recorriendo la ciudad.<\/p>\n\n\n\n<p>Estas brigadas visitan los hogares para capacitar a las familias sobre c\u00f3mo eliminar criaderos de mosquitos, adem\u00e1s de repartir abate de manera gratuita y de ense\u00f1ar a preparar repelentes caseros efectivos y otras medidas preventivas para evitar la propagaci\u00f3n del mosquito transmisor del dengue.<\/p>\n\n\n\n<p>Estas acciones son fundamentales, ya que Oaxaca de Ju\u00e1rez se encuentra entre los estados con m\u00e1s casos de dengue, sin embargo, la labor de las brigadas se centra en evitar el incremento en los contagios y con ellos reducir la cantidad de personas en riesgo.<\/p>\n\n\n\n<p>Cabe destacar que las brigadas contin\u00faan operando en diversas zonas de la capital, incluyendo las colonias Dolores, Volcanes, y Santa Rosa. Desde julio hasta la fecha, m\u00e1s de 70 brigadas han recorrido casa por casa caminando todos los d\u00edas por el territorio municipal.<\/p>\n\n\n\n<p>Este esfuerzo cuenta con la participaci\u00f3n de personal de diversas \u00e1reas del Ayuntamiento, como la Secretar\u00eda de Gobierno Municipal; la Secretar\u00eda de Bienestar Municipal; la Secretar\u00eda de Arte y Cultura; la Secretar\u00eda de Medio Ambiente Cambio Clim\u00e1tico; y elementos de Protecci\u00f3n Civil.<\/p>\n\n\n\n<p>El Ayuntamiento hace un llamado a la ciudadan\u00eda a mantenerse informada a trav\u00e9s de las campa\u00f1as en las redes sociales del municipio y a colaborar activamente en este esfuerzo, que requiere no solo la participaci\u00f3n de las instancias gubernamentales sino tambi\u00e9n de la poblaci\u00f3n.<\/p>\n\n\n\n<p>Estas acciones buscan proteger la salud de la poblaci\u00f3n y reducir la incidencia de esta enfermedad, mejorando as\u00ed la calidad de vida de todas y todos. Gracias a esta colaboraci\u00f3n fundamental entre gobierno y ciudadan\u00eda se espera lograr la disminuci\u00f3n de casos en Oaxaca de Ju\u00e1rez.<\/p>\n\n\n\n<p>El presidente municipal Francisco Mart\u00ednez Neri ha solicitado a los brigadistas realizar su labor con entusiasmo siempre sabiendo que es por el bienestar de la ciudadan\u00eda. As\u00ed mismo el primer concejal ha reconocido el esfuerzo de tocar puerta por puerta que todos los d\u00edas realizan hombres y mujeres que colaboran en la administraci\u00f3n.<\/p>\n\n\n\n<p>\u25cf Recomendaciones contra el dengue<\/p>\n\n\n\n<p>Prevenci\u00f3n<\/p>\n\n\n\n<ul class=\"wp-block-list\">\n<li>Sigue las recomendaciones de los brigadistas sobre como eliminar dep\u00f3sitos y de c\u00f3mo aplicar el abate.<\/li>\n\n\n\n<li>Utiliza repelentes y coloca mosquiteros en puertas y ventanas.<\/li>\n\n\n\n<li>Mant\u00e9n tu patio limpio y realiza deshierbe constante.<\/li>\n\n\n\n<li>Cubre adecuadamente cualquier tambo, cubeta u objeto contenedor de agua.<br>Tratamiento<\/li>\n\n\n\n<li>Si presentas alg\u00fan s\u00edntoma, visita a tu m\u00e9dico.<\/li>\n\n\n\n<li>No te automediques, puede ser peligroso.<\/li>\n\n\n\n<li>Realiza los estudios m\u00e9dicos correspondientes.<\/li>\n\n\n\n<li>Guarda reposo.<\/li>\n<\/ul>\n\n\n\n<figure class=\"wp-block-image size-large\"><img fetchpriority=\"high\" decoding=\"async\" width=\"853\" height=\"1024\" src=\"https:\/\/contextoanalisisperiodistico.com\/wp-content\/uploads\/2024\/08\/fotoblt290824394338110061419462-853x1024.jpeg\" alt=\"\" class=\"wp-image-30892\" srcset=\"https:\/\/contextoanalisisperiodistico.com\/wp-content\/uploads\/2024\/08\/fotoblt290824394338110061419462-853x1024.jpeg 853w, https:\/\/contextoanalisisperiodistico.com\/wp-content\/uploads\/2024\/08\/fotoblt290824394338110061419462-250x300.jpeg 250w, https:\/\/contextoanalisisperiodistico.com\/wp-content\/uploads\/2024\/08\/fotoblt290824394338110061419462-768x922.jpeg 768w, https:\/\/contextoanalisisperiodistico.com\/wp-content\/uploads\/2024\/08\/fotoblt290824394338110061419462.jpeg 900w\" sizes=\"(max-width: 853px) 100vw, 853px\" \/><\/figure>\n\n\n\n<figure class=\"wp-block-image\"><img decoding=\"async\" width=\"239\" height=\"300\" src=\"https:\/\/contextoanalisisperiodistico.com\/wp-content\/uploads\/2024\/08\/fotoblt290824282295601618521158537799-239x300.jpg\" alt=\"\" class=\"wp-image-30891\" srcset=\"https:\/\/contextoanalisisperiodistico.com\/wp-content\/uploads\/2024\/08\/fotoblt290824282295601618521158537799-239x300.jpg 239w, https:\/\/contextoanalisisperiodistico.com\/wp-content\/uploads\/2024\/08\/fotoblt290824282295601618521158537799.jpg 720w\" sizes=\"(max-width: 239px) 100vw, 239px\" \/><\/figure>\n","protected":false},"excerpt":{"rendered":"<p>Oaxaca de Ju\u00e1rez, Oax., 29 de agosto de 2024.- El Ayuntamiento de Oaxaca de Ju\u00e1rez&#8230;<\/p>\n","protected":false},"author":4,"featured_media":30890,"comment_status":"closed","ping_status":"open","sticky":false,"template":"","format":"standard","meta":{"footnotes":""},"categories":[9],"tags":[],"jetpack_sharing_enabled":true,"featured_image_urls":{"full":["https:\/\/contextoanalisisperiodistico.com\/wp-content\/uploads\/2024\/08\/FOTOBLT29082428329.jpeg",1113,899,false],"thumbnail":["https:\/\/contextoanalisisperiodistico.com\/wp-content\/uploads\/2024\/08\/FOTOBLT29082428329-150x150.jpeg",150,150,true],"medium":["https:\/\/contextoanalisisperiodistico.com\/wp-content\/uploads\/2024\/08\/FOTOBLT29082428329-300x242.jpeg",300,242,true],"medium_large":["https:\/\/contextoanalisisperiodistico.com\/wp-content\/uploads\/2024\/08\/FOTOBLT29082428329-768x620.jpeg",640,517,true],"large":["https:\/\/contextoanalisisperiodistico.com\/wp-content\/uploads\/2024\/08\/FOTOBLT29082428329-1024x827.jpeg",640,517,true],"1536x1536":["https:\/\/contextoanalisisperiodistico.com\/wp-content\/uploads\/2024\/08\/FOTOBLT29082428329.jpeg",1113,899,false],"2048x2048":["https:\/\/contextoanalisisperiodistico.com\/wp-content\/uploads\/2024\/08\/FOTOBLT29082428329.jpeg",1113,899,false],"covernews-slider-full":["https:\/\/contextoanalisisperiodistico.com\/wp-content\/uploads\/2024\/08\/FOTOBLT29082428329-1113x715.jpeg",1113,715,true],"covernews-slider-center":["https:\/\/contextoanalisisperiodistico.com\/wp-content\/uploads\/2024\/08\/FOTOBLT29082428329-800x500.jpeg",800,500,true],"covernews-featured":["https:\/\/contextoanalisisperiodistico.com\/wp-content\/uploads\/2024\/08\/FOTOBLT29082428329-1024x827.jpeg",1024,827,true],"covernews-medium":["https:\/\/contextoanalisisperiodistico.com\/wp-content\/uploads\/2024\/08\/FOTOBLT29082428329-540x340.jpeg",540,340,true],"covernews-medium-square":["https:\/\/contextoanalisisperiodistico.com\/wp-content\/uploads\/2024\/08\/FOTOBLT29082428329-400x250.jpeg",400,250,true]},"author_info":{"display_name":"Mario Gir\u00f3n","author_link":"https:\/\/contextoanalisisperiodistico.com\/index.php\/author\/director\/"},"category_info":"<a href=\"https:\/\/contextoanalisisperiodistico.com\/index.php\/category\/politica\/\" rel=\"category tag\">Pol\u00edtica<\/a>","tag_info":"Pol\u00edtica","comment_count":"0","jetpack_featured_media_url":"https:\/\/contextoanalisisperiodistico.com\/wp-content\/uploads\/2024\/08\/FOTOBLT29082428329.jpeg","_links":{"self":[{"href":"https:\/\/contextoanalisisperiodistico.com\/index.php\/wp-json\/wp\/v2\/posts\/30893"}],"collection":[{"href":"https:\/\/contextoanalisisperiodistico.com\/index.php\/wp-json\/wp\/v2\/posts"}],"about":[{"href":"https:\/\/contextoanalisisperiodistico.com\/index.php\/wp-json\/wp\/v2\/types\/post"}],"author":[{"embeddable":true,"href":"https:\/\/contextoanalisisperiodistico.com\/index.php\/wp-json\/wp\/v2\/users\/4"}],"replies":[{"embeddable":true,"href":"https:\/\/contextoanalisisperiodistico.com\/index.php\/wp-json\/wp\/v2\/comments?post=30893"}],"version-history":[{"count":1,"href":"https:\/\/contextoanalisisperiodistico.com\/index.php\/wp-json\/wp\/v2\/posts\/30893\/revisions"}],"predecessor-version":[{"id":30894,"href":"https:\/\/contextoanalisisperiodistico.com\/index.php\/wp-json\/wp\/v2\/posts\/30893\/revisions\/30894"}],"wp:featuredmedia":[{"embeddable":true,"href":"https:\/\/contextoanalisisperiodistico.com\/index.php\/wp-json\/wp\/v2\/media\/30890"}],"wp:attachment":[{"href":"https:\/\/contextoanalisisperiodistico.com\/index.php\/wp-json\/wp\/v2\/media?parent=30893"}],"wp:term":[{"taxonomy":"category","embeddable":true,"href":"https:\/\/contextoanalisisperiodistico.com\/index.php\/wp-json\/wp\/v2\/categories?post=30893"},{"taxonomy":"post_tag","embeddable":true,"href":"https:\/\/contextoanalisisperiodistico.com\/index.php\/wp-json\/wp\/v2\/tags?post=30893"}],"curies":[{"name":"wp","href":"https:\/\/api.w.org\/{rel}","templated":true}]}}